{"id":110123,"date":"2023-05-31T16:12:59","date_gmt":"2023-05-31T19:12:59","guid":{"rendered":"https:\/\/tvtecjundiai.com.br\/news\/?p=110123"},"modified":"2023-05-31T16:13:00","modified_gmt":"2023-05-31T19:13:00","slug":"dia-do-desafio-aulas-de-passinho-ritmos-e-gincana-de-natacao-agitam-a-populacao","status":"publish","type":"post","link":"https:\/\/tvtecjundiai.com.br\/news\/2023\/05\/31\/dia-do-desafio-aulas-de-passinho-ritmos-e-gincana-de-natacao-agitam-a-populacao\/","title":{"rendered":"Dia do Desafio: Aulas de \u2018Passinho\u2019, Ritmos e Gincana de Nata\u00e7\u00e3o agitam a popula\u00e7\u00e3o"},"content":{"rendered":"\n<p>A chuva e o frio n\u00e3o atrapalharam a pr\u00e1tica de exerc\u00edcios na 29\u00aa edi\u00e7\u00e3o do Dia do Desafio, campanha mundial de incentivo \u00e0 pr\u00e1tica de esportes e atividades f\u00edsicas, nesta quarta (31). Durante o dia, a Unidade de Gest\u00e3o de Esporte e Lazer (UGEL) realizou diversas atividades especiais envolvendo alunos, atletas e popula\u00e7\u00e3o.<\/p>\n\n\n\n<p>No Complexo Aqu\u00e1tico Devanir Wanderlei Penteado Jr., no Bol\u00e3o, pelo menos 200 alunos da nata\u00e7\u00e3o participaram de uma gincana, com o objetivo de motivar a supera\u00e7\u00e3o pessoal. Crian\u00e7as, jovens, adultos e idosos foram divididos em grupos e desafiados a nadarem diversas metragens.<\/p>\n\n\n\n<p>No primeiro ano fazendo aulas de nata\u00e7\u00e3o no Bol\u00e3o, a aluna Victoria Cremonesi aprovou a campanha: \u201cO Dia do Desafio \u00e9 pra gente se desafiar, mesmo com o frio e a chuva. Fiquei muito feliz em participar e cair na piscina hoje\u201d, disse.<\/p>\n\n\n\n<figure class=\"wp-block-gallery has-nested-images columns-default is-cropped wp-block-gallery-1 is-layout-flex wp-block-gallery-is-layout-flex\">\n<figure class=\"wp-block-image size-large\"><img loading=\"lazy\" decoding=\"async\" width=\"1200\" height=\"801\" data-id=\"110125\" src=\"https:\/\/tvtecjundiai.com.br\/news\/wp-content\/uploads\/sites\/2\/2023\/05\/dia_do_desafio_pa-22-2-1280x854-1-1200x801.jpg\" alt=\"\" class=\"wp-image-110125\" srcset=\"https:\/\/tvtecjundiai.com.br\/news\/wp-content\/uploads\/sites\/2\/2023\/05\/dia_do_desafio_pa-22-2-1280x854-1-1200x801.jpg 1200w, https:\/\/tvtecjundiai.com.br\/news\/wp-content\/uploads\/sites\/2\/2023\/05\/dia_do_desafio_pa-22-2-1280x854-1-300x200.jpg 300w, https:\/\/tvtecjundiai.com.br\/news\/wp-content\/uploads\/sites\/2\/2023\/05\/dia_do_desafio_pa-22-2-1280x854-1-768x512.jpg 768w, https:\/\/tvtecjundiai.com.br\/news\/wp-content\/uploads\/sites\/2\/2023\/05\/dia_do_desafio_pa-22-2-1280x854-1.jpg 1280w\" sizes=\"auto, (max-width: 1200px) 100vw, 1200px\" \/><figcaption class=\"wp-element-caption\">Victoria Cremonesi aprovou as pr\u00e1ticas no Dia do Desafio<\/figcaption><\/figure>\n\n\n\n<figure class=\"wp-block-image size-large\"><img loading=\"lazy\" decoding=\"async\" width=\"1200\" height=\"801\" data-id=\"110124\" src=\"https:\/\/tvtecjundiai.com.br\/news\/wp-content\/uploads\/sites\/2\/2023\/05\/dia_do_desafio_pa-71-1-1280x854-1-1200x801.jpg\" alt=\"\" class=\"wp-image-110124\" srcset=\"https:\/\/tvtecjundiai.com.br\/news\/wp-content\/uploads\/sites\/2\/2023\/05\/dia_do_desafio_pa-71-1-1280x854-1-1200x801.jpg 1200w, https:\/\/tvtecjundiai.com.br\/news\/wp-content\/uploads\/sites\/2\/2023\/05\/dia_do_desafio_pa-71-1-1280x854-1-300x200.jpg 300w, https:\/\/tvtecjundiai.com.br\/news\/wp-content\/uploads\/sites\/2\/2023\/05\/dia_do_desafio_pa-71-1-1280x854-1-768x512.jpg 768w, https:\/\/tvtecjundiai.com.br\/news\/wp-content\/uploads\/sites\/2\/2023\/05\/dia_do_desafio_pa-71-1-1280x854-1.jpg 1280w\" sizes=\"auto, (max-width: 1200px) 100vw, 1200px\" \/><figcaption class=\"wp-element-caption\">Professor Glaudir Chaves motivou os alunos no Dia do Desafio<\/figcaption><\/figure>\n<\/figure>\n\n\n\n<p>Com a mesma motiva\u00e7\u00e3o estava a dona Marinella Locardi, que n\u00e3o deixa a atividade f\u00edsica de lado. \u201cFa\u00e7o atividades f\u00edsicas pelo menos 5 vezes por semana. E ajuda em tudo. Desde a parte psic\u00f3loga, f\u00edsica, mobilidade, tudo. Pratico nata\u00e7\u00e3o, ciclismo e muscula\u00e7\u00e3o\u201d, afirmou.<\/p>\n\n\n\n<p>J\u00e1 no Pa\u00e7o Municipal, o grupo de dan\u00e7a Gera\u00e7\u00e3o +60, coordenado pela professora Mare Clini, agitou todos os servidores e visitantes com uma aula de passinho. \u201cA dan\u00e7a deixa a gente mais alegre, mais flex\u00edvel e ajuda em v\u00e1rios aspectos, proporcionando muita qualidade de vida\u201d, refor\u00e7ou a dona Lia Gaschler, de 80 anos, que estava acompanhada das amigas Rose Mary G\u00f3es e Marlene Gracioli.<\/p>\n\n\n\n<p>\u201cVale qualquer atividade, seja uma caminhada, o ato de subir escadas ou uma atividade ao ar livre, de forma que as pessoas percebam a import\u00e2ncia da atividade f\u00edsica no dia a dia, n\u00e3o s\u00f3 no Dia do Desafio\u201d, disse a supervisora de eventos da UGEL, Marisa Bianco.<\/p>\n\n\n\n<figure class=\"wp-block-gallery has-nested-images columns-default is-cropped wp-block-gallery-2 is-layout-flex wp-block-gallery-is-layout-flex\">\n<figure class=\"wp-block-image size-large\"><img loading=\"lazy\" decoding=\"async\" width=\"1200\" height=\"801\" data-id=\"110126\" src=\"https:\/\/tvtecjundiai.com.br\/news\/wp-content\/uploads\/sites\/2\/2023\/05\/dia_do_desafio_pa-53-1-1280x854-1-1200x801.jpg\" alt=\"\" class=\"wp-image-110126\" srcset=\"https:\/\/tvtecjundiai.com.br\/news\/wp-content\/uploads\/sites\/2\/2023\/05\/dia_do_desafio_pa-53-1-1280x854-1-1200x801.jpg 1200w, https:\/\/tvtecjundiai.com.br\/news\/wp-content\/uploads\/sites\/2\/2023\/05\/dia_do_desafio_pa-53-1-1280x854-1-300x200.jpg 300w, https:\/\/tvtecjundiai.com.br\/news\/wp-content\/uploads\/sites\/2\/2023\/05\/dia_do_desafio_pa-53-1-1280x854-1-768x512.jpg 768w, https:\/\/tvtecjundiai.com.br\/news\/wp-content\/uploads\/sites\/2\/2023\/05\/dia_do_desafio_pa-53-1-1280x854-1.jpg 1280w\" sizes=\"auto, (max-width: 1200px) 100vw, 1200px\" \/><figcaption class=\"wp-element-caption\">Nem o frio e a chuva atrapalharam a gincana de nata\u00e7\u00e3o<\/figcaption><\/figure>\n\n\n\n<figure class=\"wp-block-image size-large\"><img loading=\"lazy\" decoding=\"async\" width=\"1200\" height=\"801\" data-id=\"110127\" src=\"https:\/\/tvtecjundiai.com.br\/news\/wp-content\/uploads\/sites\/2\/2023\/05\/dia_do_desafio_pa-214-1280x854-1-1200x801.jpg\" alt=\"\" class=\"wp-image-110127\" srcset=\"https:\/\/tvtecjundiai.com.br\/news\/wp-content\/uploads\/sites\/2\/2023\/05\/dia_do_desafio_pa-214-1280x854-1-1200x801.jpg 1200w, https:\/\/tvtecjundiai.com.br\/news\/wp-content\/uploads\/sites\/2\/2023\/05\/dia_do_desafio_pa-214-1280x854-1-300x200.jpg 300w, https:\/\/tvtecjundiai.com.br\/news\/wp-content\/uploads\/sites\/2\/2023\/05\/dia_do_desafio_pa-214-1280x854-1-768x512.jpg 768w, https:\/\/tvtecjundiai.com.br\/news\/wp-content\/uploads\/sites\/2\/2023\/05\/dia_do_desafio_pa-214-1280x854-1.jpg 1280w\" sizes=\"auto, (max-width: 1200px) 100vw, 1200px\" \/><figcaption class=\"wp-element-caption\">Pelo menos 200 alunos da nata\u00e7\u00e3o participaram da gincana de nata\u00e7\u00e3o<\/figcaption><\/figure>\n<\/figure>\n\n\n\n<p>O SESC Jundia\u00ed e o Parque da Uva tamb\u00e9m receberam a\u00e7\u00f5es no Dia do Desafio. No SESC, foi realizada a atividade \u201cPassinho Carioca\u201d e o espet\u00e1culo \u201cou 09 ou 80\u201d. J\u00e1 no Parque da Uva, teve aula de ritmos com os alunos do PEAMA, o Programa de Esportes e Atividades Motoras Adaptadas, e a professora Bianca Alencar.<\/p>\n\n\n\n<p>\u201cO Dia do Desafio proporciona uma intera\u00e7\u00e3o entre muita gente, como as escolas, as ind\u00fastrias, os espa\u00e7os p\u00fablicos, promovendo a atividade f\u00edsica de forma que ela se torne frequente na vida das pessoas, em fun\u00e7\u00e3o da maior qualidade de vida. Por isso, fizemos a\u00e7\u00f5es em v\u00e1rias partes da cidade\u201d, afirmou o gestor adjunto de Esporte e Lazer de Jundia\u00ed, Marcelo Duarte Nitsch.<\/p>\n\n\n<div class=\"wp-block-image\">\n<figure class=\"aligncenter size-full\"><img loading=\"lazy\" decoding=\"async\" width=\"768\" height=\"512\" src=\"https:\/\/tvtecjundiai.com.br\/news\/wp-content\/uploads\/sites\/2\/2023\/05\/dia_do_desafio_pa-118-768x512-1.jpg\" alt=\"\" class=\"wp-image-110129\" srcset=\"https:\/\/tvtecjundiai.com.br\/news\/wp-content\/uploads\/sites\/2\/2023\/05\/dia_do_desafio_pa-118-768x512-1.jpg 768w, https:\/\/tvtecjundiai.com.br\/news\/wp-content\/uploads\/sites\/2\/2023\/05\/dia_do_desafio_pa-118-768x512-1-300x200.jpg 300w\" sizes=\"auto, (max-width: 768px) 100vw, 768px\" \/><figcaption class=\"wp-element-caption\">Marinella Locardi completou a gincana de nata\u00e7\u00e3o no Complexo Aqu\u00e1tico<\/figcaption><\/figure>\n<\/div>\n\n\n<p><strong><em>Fonte \/ Imagem: Prefeitura de Jundia\u00ed<\/em><\/strong><\/p>\n","protected":false},"excerpt":{"rendered":"<p>Durante o dia, a UGEL realizou diversas atividades especiais envolvendo alunos, atletas e popula\u00e7\u00e3o<\/p>\n","protected":false},"author":30,"featured_media":110127,"comment_status":"closed","ping_status":"0","sticky":false,"template":"","format":"standard","meta":{"footnotes":""},"categories":[8356,1],"tags":[],"class_list":["post-110123","post","type-post","status-publish","format-standard","has-post-thumbnail","hentry","category-jundiai","category-noticias"],"_links":{"self":[{"href":"https:\/\/tvtecjundiai.com.br\/news\/wp-json\/wp\/v2\/posts\/110123","targetHints":{"allow":["GET"]}}],"collection":[{"href":"https:\/\/tvtecjundiai.com.br\/news\/wp-json\/wp\/v2\/posts"}],"about":[{"href":"https:\/\/tvtecjundiai.com.br\/news\/wp-json\/wp\/v2\/types\/post"}],"author":[{"embeddable":true,"href":"https:\/\/tvtecjundiai.com.br\/news\/wp-json\/wp\/v2\/users\/30"}],"replies":[{"embeddable":true,"href":"https:\/\/tvtecjundiai.com.br\/news\/wp-json\/wp\/v2\/comments?post=110123"}],"version-history":[{"count":1,"href":"https:\/\/tvtecjundiai.com.br\/news\/wp-json\/wp\/v2\/posts\/110123\/revisions"}],"predecessor-version":[{"id":110130,"href":"https:\/\/tvtecjundiai.com.br\/news\/wp-json\/wp\/v2\/posts\/110123\/revisions\/110130"}],"wp:featuredmedia":[{"embeddable":true,"href":"https:\/\/tvtecjundiai.com.br\/news\/wp-json\/wp\/v2\/media\/110127"}],"wp:attachment":[{"href":"https:\/\/tvtecjundiai.com.br\/news\/wp-json\/wp\/v2\/media?parent=110123"}],"wp:term":[{"taxonomy":"category","embeddable":true,"href":"https:\/\/tvtecjundiai.com.br\/news\/wp-json\/wp\/v2\/categories?post=110123"},{"taxonomy":"post_tag","embeddable":true,"href":"https:\/\/tvtecjundiai.com.br\/news\/wp-json\/wp\/v2\/tags?post=110123"}],"curies":[{"name":"wp","href":"https:\/\/api.w.org\/{rel}","templated":true}]}}