{"id":11013,"date":"2018-05-24T15:14:57","date_gmt":"2018-05-24T18:14:57","guid":{"rendered":"https:\/\/tvtecjundiai.com.br\/news\/?p=11013"},"modified":"2018-05-24T15:50:35","modified_gmt":"2018-05-24T18:50:35","slug":"empresa-francesa-implantara-fabrica-em-jundiai","status":"publish","type":"post","link":"https:\/\/tvtecjundiai.com.br\/news\/2018\/05\/24\/empresa-francesa-implantara-fabrica-em-jundiai\/","title":{"rendered":"Empresa francesa implantar\u00e1 f\u00e1brica em Jundia\u00ed"},"content":{"rendered":"<div id=\"attachment_11015\" style=\"width: 460px\" class=\"wp-caption alignright\"><a href=\"https:\/\/tvtecjundiai.com.br\/news\/wp-content\/uploads\/sites\/2\/2018\/05\/aaaaaaaaaaaaaaaaaaaaaaaaaaaaaa-1.png\"><img loading=\"lazy\" decoding=\"async\" aria-describedby=\"caption-attachment-11015\" class=\"wp-image-11015\" src=\"https:\/\/tvtecjundiai.com.br\/news\/wp-content\/uploads\/sites\/2\/2018\/05\/aaaaaaaaaaaaaaaaaaaaaaaaaaaaaa-1-300x139.png\" alt=\"\" width=\"450\" height=\"208\" srcset=\"https:\/\/tvtecjundiai.com.br\/news\/wp-content\/uploads\/sites\/2\/2018\/05\/aaaaaaaaaaaaaaaaaaaaaaaaaaaaaa-1-300x139.png 300w, https:\/\/tvtecjundiai.com.br\/news\/wp-content\/uploads\/sites\/2\/2018\/05\/aaaaaaaaaaaaaaaaaaaaaaaaaaaaaa-1.png 537w\" sizes=\"auto, (max-width: 450px) 100vw, 450px\" \/><\/a><p id=\"caption-attachment-11015\" class=\"wp-caption-text\">Empresa francesa do ramo farmac\u00eautico vai abrir uma f\u00e1brica em Jundia\u00ed e tem previs\u00e3o de in\u00edcio da produ\u00e7\u00e3o para setembro<\/p><\/div>\n<p>A Besins Healthcare, empresa francesa do ramo farmac\u00eautico, vai abrir uma f\u00e1brica em Jundia\u00ed, gerando cerca de 20 empregos diretos e centenas de indiretos. A previs\u00e3o \u00e9 de in\u00edcio da produ\u00e7\u00e3o em setembro, segundo informou a presidente da empresa no Brasil, Laurena Magnoni, durante encontro com o prefeito Luiz Fernando Machado na manh\u00e3 desta quinta-feira. \u201cA interlocu\u00e7\u00e3o com a Prefeitura e os \u00edndices de qualidade de vida de Jundia\u00ed foram determinantes para a nossa escolha. Nossa empresa preza muito pelo bem-estar dos colaboradores\u201d, afirmou.<\/p>\n<p>Al\u00e9m da citada agilidade no atendimento das demandas por parte da Administra\u00e7\u00e3o, a executiva mencionou, tamb\u00e9m, a excelente infraestrutura da cidade. \u201c\u00c9 evidente que a localiza\u00e7\u00e3o estrat\u00e9gica e a proximidade com as principais rodovias e aeroportos tamb\u00e9m foram levadas em considera\u00e7\u00e3o. Estamos confiantes de que fizemos uma excelente escolha\u201d, acrescentou.<\/p>\n<p>Tamb\u00e9m participaram da reuni\u00e3o representantes da Protervac, empresa do ramo de embalagens a v\u00e1cuo. De acordo com o diretor Fabio Garcia, a empresa atualmente est\u00e1 em fase de transfer\u00eancia de toda a sua log\u00edstica para Jundia\u00ed, onde j\u00e1 emprega 80 colaboradores.<\/p>\n<p>Durante o encontro, o prefeito apresentou aos executivos projetos em desenvolvimento nesta gest\u00e3o, como o Escola Inovadora, que tem entre os seus pilares a valoriza\u00e7\u00e3o dos educadores, o investimento na aprendizagem dos alunos e nas estruturas f\u00edsicas das escolas. \u201cNa rede municipal, crian\u00e7as agora come\u00e7am a aprender ingl\u00eas a partir dos 4 anos de idade\u201d, explicou Luiz Fernando.<\/p>\n<p>Tamb\u00e9m participaram do encontro os gestores Jos\u00e9 Antonio Parimoschi (Governo e Finan\u00e7as), Messias Mercadante (Desenvolvimento Econ\u00f4mico, Ci\u00eancia e Tecnologia), os diretores J\u00falio Cesar Durante (Com\u00e9rcio e Servi\u00e7os), Gilson Pichioli (Ind\u00fastria) e C\u00e9lia Castro (Fundo Social de Solidariedade), al\u00e9m dos assessores de coopera\u00e7\u00e3o internacional Carmelo Paoletti Neto e L\u00edgia Eboli.<\/p>\n<p><em>Fonte: Prefeitura de Jundia\u00ed<\/em><\/p>\n","protected":false},"excerpt":{"rendered":"<p>Besins Healthcare vai gerar cerca de 20 empregos diretos e centenas de indiretos<\/p>\n","protected":false},"author":10,"featured_media":11014,"comment_status":"closed","ping_status":"closed","sticky":false,"template":"","format":"standard","meta":{"footnotes":""},"categories":[2834,2829],"tags":[37,5,15],"class_list":["post-11013","post","type-post","status-publish","format-standard","has-post-thumbnail","hentry","category-cidades","category-economia","tag-emprego","tag-jundiai","tag-tvtec"],"_links":{"self":[{"href":"https:\/\/tvtecjundiai.com.br\/news\/wp-json\/wp\/v2\/posts\/11013","targetHints":{"allow":["GET"]}}],"collection":[{"href":"https:\/\/tvtecjundiai.com.br\/news\/wp-json\/wp\/v2\/posts"}],"about":[{"href":"https:\/\/tvtecjundiai.com.br\/news\/wp-json\/wp\/v2\/types\/post"}],"author":[{"embeddable":true,"href":"https:\/\/tvtecjundiai.com.br\/news\/wp-json\/wp\/v2\/users\/10"}],"replies":[{"embeddable":true,"href":"https:\/\/tvtecjundiai.com.br\/news\/wp-json\/wp\/v2\/comments?post=11013"}],"version-history":[{"count":2,"href":"https:\/\/tvtecjundiai.com.br\/news\/wp-json\/wp\/v2\/posts\/11013\/revisions"}],"predecessor-version":[{"id":11018,"href":"https:\/\/tvtecjundiai.com.br\/news\/wp-json\/wp\/v2\/posts\/11013\/revisions\/11018"}],"wp:featuredmedia":[{"embeddable":true,"href":"https:\/\/tvtecjundiai.com.br\/news\/wp-json\/wp\/v2\/media\/11014"}],"wp:attachment":[{"href":"https:\/\/tvtecjundiai.com.br\/news\/wp-json\/wp\/v2\/media?parent=11013"}],"wp:term":[{"taxonomy":"category","embeddable":true,"href":"https:\/\/tvtecjundiai.com.br\/news\/wp-json\/wp\/v2\/categories?post=11013"},{"taxonomy":"post_tag","embeddable":true,"href":"https:\/\/tvtecjundiai.com.br\/news\/wp-json\/wp\/v2\/tags?post=11013"}],"curies":[{"name":"wp","href":"https:\/\/api.w.org\/{rel}","templated":true}]}}