{"id":110131,"date":"2023-05-31T16:15:17","date_gmt":"2023-05-31T19:15:17","guid":{"rendered":"https:\/\/tvtecjundiai.com.br\/news\/?p=110131"},"modified":"2023-05-31T16:15:17","modified_gmt":"2023-05-31T19:15:17","slug":"jundiai-da-inicio-aos-encontros-formativos-para-a-rede-brasileira-de-cidades-das-criancas","status":"publish","type":"post","link":"https:\/\/tvtecjundiai.com.br\/news\/2023\/05\/31\/jundiai-da-inicio-aos-encontros-formativos-para-a-rede-brasileira-de-cidades-das-criancas\/","title":{"rendered":"Jundia\u00ed d\u00e1 in\u00edcio aos encontros formativos para a Rede Brasileira de Cidades das Crian\u00e7as"},"content":{"rendered":"\n<p>A Prefeitura de Jundia\u00ed iniciou a s\u00e9rie de encontros formativos para os representantes dos Munic\u00edpios que j\u00e1 aderiram ou que se encontram em processo de ades\u00e3o \u00e0 Rede Brasileira de Cidades das Crian\u00e7as.<\/p>\n\n\n\n<p>Institu\u00edda em mar\u00e7o deste ano, pelo idealizador da iniciativa, o pedagogo italiano Francesco Tonucci durante o Encontro internacional promovido pelo Munic\u00edpio, a Rede j\u00e1 conta com 12 integrantes,&nbsp;<a href=\"https:\/\/jundiai.sp.gov.br\/noticias\/2023\/03\/19\/jundiai-e-anunciada-como-sede-da-rede-brasileira-das-cidades-das-criancas\/\">tendo o Jundia\u00ed como sede, e, portanto, respons\u00e1vel pela forma\u00e7\u00e3o dos novos integrantes<\/a>.<\/p>\n\n\n\n<p>\u201cA forma\u00e7\u00e3o inicial \u00e9 composta de seis encontros on-line. No primeiro deles, fizemos uma reuni\u00e3o de trabalho, para apresenta\u00e7\u00e3o da proposta e de seus pontos focais. Na sequ\u00eancia, v\u00eam os quatro encontros formativos, quando apresentamos v\u00eddeos em que o Tonucci trata de temas e dialogamos a respeito. O primeiro deles foi sobre o conceito de \u2018Cidade das Crian\u00e7as\u2019 e a Conven\u00e7\u00e3o sobre os Direitos da Crian\u00e7a. E por fim, a \u00faltima reuni\u00e3o desta etapa ser\u00e1 com a participa\u00e7\u00e3o ao vivo do Tonucci, acompanhado da Lorena Morachimo, que \u00e9 coordenadora das redes\u201d, explica o gestor de Cultura, Marcelo Peroni, que \u00e9 o mediador dessas atividades.<\/p>\n\n\n<div class=\"wp-block-image\">\n<figure class=\"aligncenter size-large\"><img loading=\"lazy\" decoding=\"async\" width=\"1200\" height=\"736\" src=\"https:\/\/tvtecjundiai.com.br\/news\/wp-content\/uploads\/sites\/2\/2023\/05\/zoom_meeting_formacao_rede_brasileira_de_cidades_das_criancas-1200x736.png\" alt=\"\" class=\"wp-image-110132\" srcset=\"https:\/\/tvtecjundiai.com.br\/news\/wp-content\/uploads\/sites\/2\/2023\/05\/zoom_meeting_formacao_rede_brasileira_de_cidades_das_criancas-1200x736.png 1200w, https:\/\/tvtecjundiai.com.br\/news\/wp-content\/uploads\/sites\/2\/2023\/05\/zoom_meeting_formacao_rede_brasileira_de_cidades_das_criancas-300x184.png 300w, https:\/\/tvtecjundiai.com.br\/news\/wp-content\/uploads\/sites\/2\/2023\/05\/zoom_meeting_formacao_rede_brasileira_de_cidades_das_criancas-768x471.png 768w, https:\/\/tvtecjundiai.com.br\/news\/wp-content\/uploads\/sites\/2\/2023\/05\/zoom_meeting_formacao_rede_brasileira_de_cidades_das_criancas.png 1207w\" sizes=\"auto, (max-width: 1200px) 100vw, 1200px\" \/><figcaption class=\"wp-element-caption\">Nesta etapa da forma\u00e7\u00e3o, grupo re\u00fane-se em plataforma digital para exibi\u00e7\u00e3o de v\u00eddeo e media\u00e7\u00e3o<\/figcaption><\/figure>\n<\/div>\n\n\n<p>J\u00e1 fazem parte da Rede, al\u00e9m de Jundia\u00ed, os seguintes Munic\u00edpios: Benevides (PA); Boa Vista (RR); Brasileia (AC); Fortaleza e Sobral (CE); Itupeva, Jarinu e Mococa (SP); Os\u00f3rio e Pelotas (RS).<\/p>\n\n\n\n<p>J\u00e1 em fase de ades\u00e3o encontram-se os seguintes Munic\u00edpios paulistas: Campinas, Ilha Comprida, Itu, Louveira, Mogi das Cruzes, Pen\u00e1polis, Rio Claro e Sorocaba.<\/p>\n\n\n\n<p>Representante de Pelotas na forma\u00e7\u00e3o, a secret\u00e1ria de Gest\u00e3o da Cidade e Mobilidade Urbana, Carmem Roig, explica o percurso j\u00e1 tra\u00e7ado pelo Munic\u00edpio ga\u00facho e as expectativas com a forma\u00e7\u00e3o.<\/p>\n\n\n<div class=\"wp-block-image\">\n<figure class=\"aligncenter size-large\"><img loading=\"lazy\" decoding=\"async\" width=\"1183\" height=\"960\" src=\"https:\/\/tvtecjundiai.com.br\/news\/wp-content\/uploads\/sites\/2\/2023\/05\/prefeito_recebe_francesco_tonucci_gabinete_pa_1-1183x960.jpg\" alt=\"\" class=\"wp-image-110133\" srcset=\"https:\/\/tvtecjundiai.com.br\/news\/wp-content\/uploads\/sites\/2\/2023\/05\/prefeito_recebe_francesco_tonucci_gabinete_pa_1-1183x960.jpg 1183w, https:\/\/tvtecjundiai.com.br\/news\/wp-content\/uploads\/sites\/2\/2023\/05\/prefeito_recebe_francesco_tonucci_gabinete_pa_1-300x244.jpg 300w, https:\/\/tvtecjundiai.com.br\/news\/wp-content\/uploads\/sites\/2\/2023\/05\/prefeito_recebe_francesco_tonucci_gabinete_pa_1-768x623.jpg 768w, https:\/\/tvtecjundiai.com.br\/news\/wp-content\/uploads\/sites\/2\/2023\/05\/prefeito_recebe_francesco_tonucci_gabinete_pa_1.jpg 1280w\" sizes=\"auto, (max-width: 1183px) 100vw, 1183px\" \/><figcaption class=\"wp-element-caption\">Jundia\u00ed foi definida como sede da Rede Brasileira, criada durante o\u00a0<a rel=\"noreferrer noopener\" href=\"https:\/\/cidadedascriancas.jundiai.sp.gov.br\/encontro-brasileiro-cidades-das-criancas-e-forum-internacional-das-infancias\/\" target=\"_blank\">Encontro promovido pelo Munic\u00edpio em mar\u00e7o deste ano<\/a><\/figcaption><\/figure>\n<\/div>\n\n\n<p>\u201cEm 2017, Pelotas implantou, durante a administra\u00e7\u00e3o da prefeita Paula Mascarenhas, a pol\u00edtica p\u00fablica para preven\u00e7\u00e3o da viol\u00eancia \u2018Pacto Pelotas pela Paz\u2019 e, por conta dessa prioriza\u00e7\u00e3o pela Primeira Inf\u00e2ncia, em 2020, o Munic\u00edpio foi convidado a integrar a Rede Urban95. Hoje, a ades\u00e3o a mais esta Rede demonstra a continuidade deste foco no desenvolvimento infantil e o comprometimento com a\u00e7\u00f5es para tornar a cidade mais estimulante, l\u00fadica e segura para as crian\u00e7as. Enquanto arquiteta e urbanista, e servidora municipal, creio que pensar a cidade pelo olhar e desejos das crian\u00e7as \u00e9 verdadeiramente revolucion\u00e1rio. E este conceito tem sido o norte para o desenvolvimento de planos e projetos de qualifica\u00e7\u00e3o dos espa\u00e7os urbanos, destacando ainda o exemplo de Jundia\u00ed nesse \u00e2mbito, motivo de inspira\u00e7\u00e3o e aprendizado constante para n\u00f3s de Pelotas\u201d, destacou Carmem.<\/p>\n\n\n\n<p><em><strong>Fonte \/ Imagem: Prefeitura de Jundia\u00ed<\/strong><\/em><\/p>\n","protected":false},"excerpt":{"rendered":"<p>Nesta etapa da forma\u00e7\u00e3o, grupo re\u00fane-se em plataforma digital para exibi\u00e7\u00e3o de v\u00eddeo e media\u00e7\u00e3o<\/p>\n","protected":false},"author":30,"featured_media":110134,"comment_status":"closed","ping_status":"0","sticky":false,"template":"","format":"standard","meta":{"footnotes":""},"categories":[8356,1],"tags":[],"class_list":["post-110131","post","type-post","status-publish","format-standard","has-post-thumbnail","hentry","category-jundiai","category-noticias"],"_links":{"self":[{"href":"https:\/\/tvtecjundiai.com.br\/news\/wp-json\/wp\/v2\/posts\/110131","targetHints":{"allow":["GET"]}}],"collection":[{"href":"https:\/\/tvtecjundiai.com.br\/news\/wp-json\/wp\/v2\/posts"}],"about":[{"href":"https:\/\/tvtecjundiai.com.br\/news\/wp-json\/wp\/v2\/types\/post"}],"author":[{"embeddable":true,"href":"https:\/\/tvtecjundiai.com.br\/news\/wp-json\/wp\/v2\/users\/30"}],"replies":[{"embeddable":true,"href":"https:\/\/tvtecjundiai.com.br\/news\/wp-json\/wp\/v2\/comments?post=110131"}],"version-history":[{"count":1,"href":"https:\/\/tvtecjundiai.com.br\/news\/wp-json\/wp\/v2\/posts\/110131\/revisions"}],"predecessor-version":[{"id":110135,"href":"https:\/\/tvtecjundiai.com.br\/news\/wp-json\/wp\/v2\/posts\/110131\/revisions\/110135"}],"wp:featuredmedia":[{"embeddable":true,"href":"https:\/\/tvtecjundiai.com.br\/news\/wp-json\/wp\/v2\/media\/110134"}],"wp:attachment":[{"href":"https:\/\/tvtecjundiai.com.br\/news\/wp-json\/wp\/v2\/media?parent=110131"}],"wp:term":[{"taxonomy":"category","embeddable":true,"href":"https:\/\/tvtecjundiai.com.br\/news\/wp-json\/wp\/v2\/categories?post=110131"},{"taxonomy":"post_tag","embeddable":true,"href":"https:\/\/tvtecjundiai.com.br\/news\/wp-json\/wp\/v2\/tags?post=110131"}],"curies":[{"name":"wp","href":"https:\/\/api.w.org\/{rel}","templated":true}]}}