{"id":110139,"date":"2023-05-31T16:33:35","date_gmt":"2023-05-31T19:33:35","guid":{"rendered":"https:\/\/tvtecjundiai.com.br\/news\/?p=110139"},"modified":"2023-05-31T16:33:36","modified_gmt":"2023-05-31T19:33:36","slug":"assessoria-de-igualdade-racial-recebe-premio-de-revelacao-do-estado-de-sao-paulo","status":"publish","type":"post","link":"https:\/\/tvtecjundiai.com.br\/news\/2023\/05\/31\/assessoria-de-igualdade-racial-recebe-premio-de-revelacao-do-estado-de-sao-paulo\/","title":{"rendered":"Assessoria de Igualdade Racial recebe pr\u00eamio de revela\u00e7\u00e3o do Estado de S\u00e3o Paulo"},"content":{"rendered":"\n<p>A Assessoria de Pol\u00edticas para Igualdade Racial de Jundia\u00ed recebeu o pr\u00eamio de revela\u00e7\u00e3o do Estado de S\u00e3o Paulo, pelos trabalhos desenvolvidos na \u00e1rea. Ela est\u00e1 ligada \u00e0 Unidade de Gest\u00e3o da Casa Civil (UGCC). A premia\u00e7\u00e3o aconteceu em cerim\u00f4nia de celebra\u00e7\u00e3o ao 39\u00b0 anivers\u00e1rio do Conselho de Participa\u00e7\u00e3o e Desenvolvimento da Comunidade Negra do Estado, no audit\u00f3rio Franco Montoro da Assembleia Legislativa do Estado de S\u00e3o Paulo (ALESP). Jundia\u00ed foi representada pelo Assessor Jensen Silva.<\/p>\n\n\n\n<p>\u201cUm pr\u00eamio como esse vem para confirmar que o trabalho realizado em Jundia\u00ed est\u00e1 no caminho certo. Fico muito feliz pelo reconhecimento e estou cada vez mais motivado para seguir atuando em prol da igualdade racial\u201d, comenta Jensen.<\/p>\n\n\n\n<p>Segundo a jundiaiense e conselheira do Conselho de Participa\u00e7\u00e3o e Desenvolvimento da Comunidade Negra do Estado, Marlene Costa, \u00e9 motivo de orgulho o pr\u00eamio conquistado pelo assessoria. \u201cTemos acompanhado de perto o trabalho que vem sendo realizado no munic\u00edpio e \u00e9 not\u00f3rio que Jundia\u00ed tem avan\u00e7ado nas pol\u00edticas afirmativas, com a\u00e7\u00f5es semanais promovidas pela Assessoria\u201d, afirma.<\/p>\n\n\n<div class=\"wp-block-image\">\n<figure class=\"aligncenter size-full is-resized\"><img loading=\"lazy\" decoding=\"async\" src=\"https:\/\/tvtecjundiai.com.br\/news\/wp-content\/uploads\/sites\/2\/2023\/05\/whatsapp-image-2023-05-29-at-10-47-00-4.jpeg\" alt=\"\" class=\"wp-image-110140\" width=\"840\" height=\"644\" srcset=\"https:\/\/tvtecjundiai.com.br\/news\/wp-content\/uploads\/sites\/2\/2023\/05\/whatsapp-image-2023-05-29-at-10-47-00-4.jpeg 960w, https:\/\/tvtecjundiai.com.br\/news\/wp-content\/uploads\/sites\/2\/2023\/05\/whatsapp-image-2023-05-29-at-10-47-00-4-300x230.jpeg 300w, https:\/\/tvtecjundiai.com.br\/news\/wp-content\/uploads\/sites\/2\/2023\/05\/whatsapp-image-2023-05-29-at-10-47-00-4-768x589.jpeg 768w\" sizes=\"auto, (max-width: 840px) 100vw, 840px\" \/><figcaption class=\"wp-element-caption\">Jensen representou a Assessoria em cerim\u00f4nia na Assembleia Legislativa do Estado de S\u00e3o Paulo (ALESP)<\/figcaption><\/figure>\n<\/div>\n\n\n<p>O Conselho Estadual \u00e9 composto por membros de v\u00e1rias cidades do Estado de S\u00e3o Paulo. Al\u00e9m de Marlene, a cidade conta tamb\u00e9m com o suplente Reginaldo Manoel da Costa como representante. O papel da entidade \u00e9 monitorar os trabalhos relacionados \u00e0s causas negras em todo o Estado, al\u00e9m da constru\u00e7\u00e3o de parcerias com as cidades.<\/p>\n\n\n\n<p>A cerim\u00f4nia tamb\u00e9m contou com a participa\u00e7\u00e3o do Presidente do Conselho, Gil Marco, al\u00e9m dos demais membros; do Secret\u00e1rio de Justi\u00e7a e Cidadania do Estado de S\u00e3o Paulo, F\u00e1bio Prieto; da Procuradora Geral do Estado, In\u00eas Coimbra; e representantes de v\u00e1rias institui\u00e7\u00f5es ligadas ao poder p\u00fablico e sociedade civil. Na oportunidade tamb\u00e9m aconteceu a nomea\u00e7\u00e3o do novo Coordenador de Pol\u00edticas para a Popula\u00e7\u00e3o Negra do Estado de S\u00e3o Paulo, Robson Silva Ferreira.<\/p>\n\n\n\n<p><em><strong>Fonte \/ Imagem: Prefeitura de Jundia\u00ed<\/strong><\/em><\/p>\n","protected":false},"excerpt":{"rendered":"<p>Jensen representou a Assessoria em cerim\u00f4nia na Assembleia Legislativa do Estado de S\u00e3o Paulo (ALESP)<\/p>\n","protected":false},"author":30,"featured_media":110140,"comment_status":"closed","ping_status":"0","sticky":false,"template":"","format":"standard","meta":{"footnotes":""},"categories":[8356,1],"tags":[],"class_list":["post-110139","post","type-post","status-publish","format-standard","has-post-thumbnail","hentry","category-jundiai","category-noticias"],"_links":{"self":[{"href":"https:\/\/tvtecjundiai.com.br\/news\/wp-json\/wp\/v2\/posts\/110139","targetHints":{"allow":["GET"]}}],"collection":[{"href":"https:\/\/tvtecjundiai.com.br\/news\/wp-json\/wp\/v2\/posts"}],"about":[{"href":"https:\/\/tvtecjundiai.com.br\/news\/wp-json\/wp\/v2\/types\/post"}],"author":[{"embeddable":true,"href":"https:\/\/tvtecjundiai.com.br\/news\/wp-json\/wp\/v2\/users\/30"}],"replies":[{"embeddable":true,"href":"https:\/\/tvtecjundiai.com.br\/news\/wp-json\/wp\/v2\/comments?post=110139"}],"version-history":[{"count":1,"href":"https:\/\/tvtecjundiai.com.br\/news\/wp-json\/wp\/v2\/posts\/110139\/revisions"}],"predecessor-version":[{"id":110141,"href":"https:\/\/tvtecjundiai.com.br\/news\/wp-json\/wp\/v2\/posts\/110139\/revisions\/110141"}],"wp:featuredmedia":[{"embeddable":true,"href":"https:\/\/tvtecjundiai.com.br\/news\/wp-json\/wp\/v2\/media\/110140"}],"wp:attachment":[{"href":"https:\/\/tvtecjundiai.com.br\/news\/wp-json\/wp\/v2\/media?parent=110139"}],"wp:term":[{"taxonomy":"category","embeddable":true,"href":"https:\/\/tvtecjundiai.com.br\/news\/wp-json\/wp\/v2\/categories?post=110139"},{"taxonomy":"post_tag","embeddable":true,"href":"https:\/\/tvtecjundiai.com.br\/news\/wp-json\/wp\/v2\/tags?post=110139"}],"curies":[{"name":"wp","href":"https:\/\/api.w.org\/{rel}","templated":true}]}}