{"id":110149,"date":"2023-06-02T10:34:54","date_gmt":"2023-06-02T13:34:54","guid":{"rendered":"https:\/\/tvtecjundiai.com.br\/news\/?p=110149"},"modified":"2023-06-02T10:35:46","modified_gmt":"2023-06-02T13:35:46","slug":"galpao-e-mostra-criativa-fecham-a-semana-do-meio-ambiente-em-itatiba","status":"publish","type":"post","link":"https:\/\/tvtecjundiai.com.br\/news\/2023\/06\/02\/galpao-e-mostra-criativa-fecham-a-semana-do-meio-ambiente-em-itatiba\/","title":{"rendered":"Galp\u00e3o e Mostra Criativa fecham a Semana do Meio Ambiente em Itatiba"},"content":{"rendered":"\n<p>O Galp\u00e3o Criativo, projeto da Prefeitura de Jundia\u00ed e da Funda\u00e7\u00e3o Escola TVTEC Jundia\u00ed, chega a Itatiba no dia 10 de junho para a\u00e7\u00e3o in\u00e9dita com criativos de ambos munic\u00edpios. Ser\u00e3o 130 profissionais dos mais diferentes setores que se unem para fortalecer a prosperidade social. O encontro, que fecha as festividades do Meio Ambiente, ser\u00e1 no Parque Luis Latorre (antigo Parque da Juventude), das 10h \u00e0s 18h. <\/p>\n\n\n\n<p>Ao conhecer o Galp\u00e3o Criativo por meio da superintendente da Funda\u00e7\u00e3o Escola TVTEC Jundia\u00ed, M\u00f4nica Gropelo e de integrantes do Fundo Social de Itatiba, a vereadora Leila Bedane levou a ideia ao prefeito Thom\u00e1s de Oliveira que, prontamente, &#8216;abra\u00e7ou&#8217; o projeto. &#8220;A pandemia deixou muitas pessoas na ansiedade e com isso trouxe a depress\u00e3o, por isso a expectativa de participar deste tipo de atividade \u00e9 a melhor. Ser\u00e3o momentos de aprendizado, trocas de experi\u00eancias, novas amizades e a conviv\u00eancia entre pessoas que \u00e9 muito importante. Pessoas precisam de pessoas&#8221;, comenta.<\/p>\n\n\n<div class=\"wp-block-image\">\n<figure class=\"aligncenter size-large\"><img loading=\"lazy\" decoding=\"async\" width=\"1200\" height=\"800\" src=\"https:\/\/tvtecjundiai.com.br\/news\/wp-content\/uploads\/sites\/2\/2023\/06\/GALPAO_ITATIBA_KARINA2-1200x800.jpg\" alt=\"\" class=\"wp-image-110209\" srcset=\"https:\/\/tvtecjundiai.com.br\/news\/wp-content\/uploads\/sites\/2\/2023\/06\/GALPAO_ITATIBA_KARINA2-1200x800.jpg 1200w, https:\/\/tvtecjundiai.com.br\/news\/wp-content\/uploads\/sites\/2\/2023\/06\/GALPAO_ITATIBA_KARINA2-300x200.jpg 300w, https:\/\/tvtecjundiai.com.br\/news\/wp-content\/uploads\/sites\/2\/2023\/06\/GALPAO_ITATIBA_KARINA2-768x512.jpg 768w, https:\/\/tvtecjundiai.com.br\/news\/wp-content\/uploads\/sites\/2\/2023\/06\/GALPAO_ITATIBA_KARINA2.jpg 1280w\" sizes=\"auto, (max-width: 1200px) 100vw, 1200px\" \/><figcaption class=\"wp-element-caption\">Os criativos de Jundia\u00ed se unem a Itatiba para um parceria in\u00e9dita com foco na prosperidade social<\/figcaption><\/figure>\n<\/div>\n\n\n<p>Para ela, a proposta e a uni\u00e3o fortalecem o trabalho entre os criativos e os governos de ambos munic\u00edpios. &#8220;Vejo que este projeto ajuda a quantificar e dar qualidade aos produtos dos criativos. Al\u00e9m de aprenderem mais, a a\u00e7\u00e3o ajudar\u00e1 a intensificar e encorajar o empreendedor com o seu melhor e tamb\u00e9m fortalecer a gera\u00e7\u00e3o de renda. Aproveito para agradecer imensamente a M\u00f4nica (Gropelo) e toda equipe da TVTEC, bem como aos prefeitos Thom\u00e1s Capeletto e Luis Fernando Machado por compartilharem a parceria com todos os cidad\u00e3os. Ser\u00e1 um sucesso&#8221;.<\/p>\n\n\n\n<figure class=\"wp-block-gallery has-nested-images columns-default is-cropped wp-block-gallery-1 is-layout-flex wp-block-gallery-is-layout-flex\">\n<figure class=\"wp-block-image size-large\"><img loading=\"lazy\" decoding=\"async\" width=\"637\" height=\"960\" data-id=\"110193\" src=\"https:\/\/tvtecjundiai.com.br\/news\/wp-content\/uploads\/sites\/2\/2023\/06\/GALPAO_BARBARA-637x960.jpg\" alt=\"\" class=\"wp-image-110193\" srcset=\"https:\/\/tvtecjundiai.com.br\/news\/wp-content\/uploads\/sites\/2\/2023\/06\/GALPAO_BARBARA-637x960.jpg 637w, https:\/\/tvtecjundiai.com.br\/news\/wp-content\/uploads\/sites\/2\/2023\/06\/GALPAO_BARBARA-300x452.jpg 300w, https:\/\/tvtecjundiai.com.br\/news\/wp-content\/uploads\/sites\/2\/2023\/06\/GALPAO_BARBARA-768x1158.jpg 768w, https:\/\/tvtecjundiai.com.br\/news\/wp-content\/uploads\/sites\/2\/2023\/06\/GALPAO_BARBARA.jpg 849w\" sizes=\"auto, (max-width: 637px) 100vw, 637px\" \/><\/figure>\n\n\n\n<figure class=\"wp-block-image size-large\"><img loading=\"lazy\" decoding=\"async\" width=\"1200\" height=\"800\" data-id=\"110194\" src=\"https:\/\/tvtecjundiai.com.br\/news\/wp-content\/uploads\/sites\/2\/2023\/06\/ITATIBA_LEILA-1200x800.jpeg\" alt=\"\" class=\"wp-image-110194\" srcset=\"https:\/\/tvtecjundiai.com.br\/news\/wp-content\/uploads\/sites\/2\/2023\/06\/ITATIBA_LEILA-1200x800.jpeg 1200w, https:\/\/tvtecjundiai.com.br\/news\/wp-content\/uploads\/sites\/2\/2023\/06\/ITATIBA_LEILA-300x200.jpeg 300w, https:\/\/tvtecjundiai.com.br\/news\/wp-content\/uploads\/sites\/2\/2023\/06\/ITATIBA_LEILA-768x512.jpeg 768w, https:\/\/tvtecjundiai.com.br\/news\/wp-content\/uploads\/sites\/2\/2023\/06\/ITATIBA_LEILA.jpeg 1280w\" sizes=\"auto, (max-width: 1200px) 100vw, 1200px\" \/><\/figure>\n<\/figure>\n\n\n\n<p><\/p>\n\n\n\n<p>Para a primeira-dama e presidente do Fundo Social de Solidariedade de Itatiba, Barbara Zaratini Capeletto de Oliveira, a uni\u00e3o de trabalhos do &#8216;fazer com as m\u00e3os&#8217; pode incentivar as pessoas a continuarem com a economia criativa como gera\u00e7\u00e3o de renda.<\/p>\n\n\n\n<p>&#8220;\u00c9 com o trabalho manual que muita gente gera renda e consegue a subsist\u00eancia familiar. Sem d\u00favida, a gera\u00e7\u00e3o de renda com as m\u00e3os \u00e9 important\u00edssima. \u00c9 um trabalho bonito, que traz identidade. A oficina Retalhos do Cora\u00e7\u00e3o, do Fundo Social de Solidariedade de Itatiba, \u00e9 um dos nossos carros-chefe. Ela j\u00e1 abrigou e abriga v\u00e1rias mulheres que conseguiram fazer desse trabalho manual sua fonte de renda. Quanto \u00e0 Mostra, \u00e9 muito bem-vinda ao munic\u00edpio! O evento s\u00f3 agrega, trabalhando em conjunto com Jundia\u00ed.&#8221;<\/p>\n\n\n\n<p>Na ocasi\u00e3o, os visitantes poder\u00e3o participar de oficinas ministradas pelos pr\u00f3prios criativos. Haver\u00e1 \u00e0 disposi\u00e7\u00e3o espa\u00e7o kids, \u00e1rea gastron\u00f4mica, al\u00e9m de espa\u00e7o de lazer para os visitantes.  <\/p>\n\n\n\n<p><strong>Galp\u00e3o Criativo em Itatiba<\/strong><\/p>\n\n\n\n<p><strong>Data:<\/strong>&nbsp;10 de junho<\/p>\n\n\n\n<p><strong>Local:<\/strong>&nbsp;Parque Luis Latorre (antigo Parque da Juventude)<\/p>\n\n\n\n<p><strong>Hor\u00e1rio:<\/strong>&nbsp;Das 10h \u00e0s 18h<\/p>\n\n\n\n<p>Estacionamento e entrada gratuitos<\/p>\n\n\n\n<p><em><strong>(Fonte: TVTEC Jundia\u00ed\/Imagens: TVTEC Jundia\u00ed e Divulga\u00e7\u00e3o)<\/strong><\/em><\/p>\n\n\n\n<p><\/p>\n","protected":false},"excerpt":{"rendered":"<p>O encontro re\u00fane criativos de Jundia\u00ed e de Itatiba para uma a\u00e7\u00e3o in\u00e9dita<\/p>\n","protected":false},"author":30,"featured_media":110208,"comment_status":"closed","ping_status":"0","sticky":false,"template":"","format":"standard","meta":{"footnotes":""},"categories":[29,8408,8356,1],"tags":[],"class_list":["post-110149","post","type-post","status-publish","format-standard","has-post-thumbnail","hentry","category-destaque","category-galpao-criativo","category-jundiai","category-noticias"],"_links":{"self":[{"href":"https:\/\/tvtecjundiai.com.br\/news\/wp-json\/wp\/v2\/posts\/110149","targetHints":{"allow":["GET"]}}],"collection":[{"href":"https:\/\/tvtecjundiai.com.br\/news\/wp-json\/wp\/v2\/posts"}],"about":[{"href":"https:\/\/tvtecjundiai.com.br\/news\/wp-json\/wp\/v2\/types\/post"}],"author":[{"embeddable":true,"href":"https:\/\/tvtecjundiai.com.br\/news\/wp-json\/wp\/v2\/users\/30"}],"replies":[{"embeddable":true,"href":"https:\/\/tvtecjundiai.com.br\/news\/wp-json\/wp\/v2\/comments?post=110149"}],"version-history":[{"count":15,"href":"https:\/\/tvtecjundiai.com.br\/news\/wp-json\/wp\/v2\/posts\/110149\/revisions"}],"predecessor-version":[{"id":110248,"href":"https:\/\/tvtecjundiai.com.br\/news\/wp-json\/wp\/v2\/posts\/110149\/revisions\/110248"}],"wp:featuredmedia":[{"embeddable":true,"href":"https:\/\/tvtecjundiai.com.br\/news\/wp-json\/wp\/v2\/media\/110208"}],"wp:attachment":[{"href":"https:\/\/tvtecjundiai.com.br\/news\/wp-json\/wp\/v2\/media?parent=110149"}],"wp:term":[{"taxonomy":"category","embeddable":true,"href":"https:\/\/tvtecjundiai.com.br\/news\/wp-json\/wp\/v2\/categories?post=110149"},{"taxonomy":"post_tag","embeddable":true,"href":"https:\/\/tvtecjundiai.com.br\/news\/wp-json\/wp\/v2\/tags?post=110149"}],"curies":[{"name":"wp","href":"https:\/\/api.w.org\/{rel}","templated":true}]}}