{"id":110165,"date":"2023-06-01T09:35:25","date_gmt":"2023-06-01T12:35:25","guid":{"rendered":"https:\/\/tvtecjundiai.com.br\/news\/?p=110165"},"modified":"2023-06-01T10:11:38","modified_gmt":"2023-06-01T13:11:38","slug":"festejos-juninos-estao-de-volta-a-praca-do-coreto-a-partir-desta-quinta-01","status":"publish","type":"post","link":"https:\/\/tvtecjundiai.com.br\/news\/2023\/06\/01\/festejos-juninos-estao-de-volta-a-praca-do-coreto-a-partir-desta-quinta-01\/","title":{"rendered":"Festejos Juninos est\u00e3o de volta \u00e0 Pra\u00e7a do Coreto a partir desta quinta (1)"},"content":{"rendered":"\n<p>Os Festejos Juninos est\u00e3o de volta \u00e0 Pra\u00e7a Marechal Floriano Peixoto (Pra\u00e7a do Coreto) a partir desta quinta-feira (01), com as tradicionais quadrilhas abrindo cada dia de festa, apresenta\u00e7\u00f5es musicais no palco do coreto, del\u00edcias gastron\u00f4micas e brincadeiras juninas.<\/p>\n\n\n\n<p><a href=\"https:\/\/cultura.jundiai.sp.gov.br\/festejosjuninos\/\" target=\"_blank\" rel=\"noreferrer noopener\">CONFIRA A PROGRAMA\u00c7\u00c3O COMPLETA<\/a><\/p>\n\n\n\n<p>A programa\u00e7\u00e3o, em duas semanas, segue nos dias 02, 03, 08, 09 e 10 de junho, com entrada gratuita, \u00e0s quintas e sextas-feiras, das 16h \u00e0s 22h, e aos s\u00e1bados, das 11h \u00e0s 22h. Al\u00e9m de decora\u00e7\u00e3o junina, a Pra\u00e7a ir\u00e1 contar tamb\u00e9m com cobertura de tendas para os dias de festa.<\/p>\n\n\n<div class=\"wp-block-image\">\n<figure class=\"aligncenter size-large\"><img loading=\"lazy\" decoding=\"async\" width=\"1200\" height=\"788\" src=\"https:\/\/tvtecjundiai.com.br\/news\/wp-content\/uploads\/sites\/2\/2023\/06\/festejos_juninos-443-1200x788.jpg\" alt=\"\" class=\"wp-image-110166\" srcset=\"https:\/\/tvtecjundiai.com.br\/news\/wp-content\/uploads\/sites\/2\/2023\/06\/festejos_juninos-443-1200x788.jpg 1200w, https:\/\/tvtecjundiai.com.br\/news\/wp-content\/uploads\/sites\/2\/2023\/06\/festejos_juninos-443-300x197.jpg 300w, https:\/\/tvtecjundiai.com.br\/news\/wp-content\/uploads\/sites\/2\/2023\/06\/festejos_juninos-443-768x504.jpg 768w, https:\/\/tvtecjundiai.com.br\/news\/wp-content\/uploads\/sites\/2\/2023\/06\/festejos_juninos-443.jpg 1280w\" sizes=\"auto, (max-width: 1200px) 100vw, 1200px\" \/><figcaption class=\"wp-element-caption\">Al\u00e9m da decora\u00e7\u00e3o junina, Pra\u00e7a contar\u00e1 tamb\u00e9m com cobertura de tendas, para que o p\u00fablico possa prestigiar as atra\u00e7\u00f5es em ambiente coberto<\/figcaption><\/figure>\n<\/div>\n\n\n<p><strong>Programa\u00e7\u00e3o musical<\/strong><br>Para a abertura dos festejos, nesta quinta-feira (01), a programa\u00e7\u00e3o traz: \u00e0s 16h, a tradicional quadrilha, com o grupo Gera\u00e7\u00e3o +60; \u00e0s 17h, Maria P\u00e9rola e Banda; \u00e0s 18h30, \u201cAbacateiras\u201d \u2013 Forr\u00f3 de Rebeca; e \u00e0s 20h30, o show musical de Mayara Manga.<\/p>\n\n\n\n<p>A programa\u00e7\u00e3o desta semana traz ainda, nesta sexta-feira (02), \u00e0s 16h a tradicional quadrilha junina; \u00e0s 17h, o Trio Lets Vamos; \u00e0s 18h30, o forr\u00f3 do Trio Maruara; e \u00e0s 20h30, Viola de Porte. J\u00e1 no s\u00e1bado (03), quem for \u00e0 Pra\u00e7a ir\u00e1 acompanhar: \u00e0s 11h, a abertura, com mais quadrilha; \u00e0s 12h, show com o Grupo Matiscura; \u00e0s 14h, o show \u201cDe pai pra filho\u201d com Lu\u00eds Carreiro e Geovanne; \u00e0s 16h30, Trio A Corda Piaba; e, para fechar a noite, a partir das 19h, o show de Marcelo Gut.<\/p>\n\n\n\n<p><strong>Mais atra\u00e7\u00f5es<\/strong><br>Quem for \u00e0 Pra\u00e7a poder\u00e1 se provar tamb\u00e9m diversas del\u00edcias, como cachorro quente, bebidas em geral, vinho quente e quent\u00e3o, vendidos em barracas viabilizadas em parceria com o Fundo Social de Solidariedade (Funss), tamb\u00e9m respons\u00e1vel pelas barracas das brincadeiras juninas.<\/p>\n\n\n\n<p>A Catedral Nossa Senhora do Desterro tamb\u00e9m participa da programa\u00e7\u00e3o, com as barracas de lanches diversos, milho e derivados, pasteis, churros e a\u00e7a\u00ed.<\/p>\n\n\n\n<p><strong><em>Fonte \/ Imagem: Prefeitura de Jundia\u00ed<\/em><\/strong><\/p>\n","protected":false},"excerpt":{"rendered":"<p>Al\u00e9m da decora\u00e7\u00e3o junina, Pra\u00e7a contar\u00e1 tamb\u00e9m com cobertura de tendas<\/p>\n","protected":false},"author":30,"featured_media":110166,"comment_status":"closed","ping_status":"0","sticky":false,"template":"","format":"standard","meta":{"footnotes":""},"categories":[8356,1],"tags":[],"class_list":["post-110165","post","type-post","status-publish","format-standard","has-post-thumbnail","hentry","category-jundiai","category-noticias"],"_links":{"self":[{"href":"https:\/\/tvtecjundiai.com.br\/news\/wp-json\/wp\/v2\/posts\/110165","targetHints":{"allow":["GET"]}}],"collection":[{"href":"https:\/\/tvtecjundiai.com.br\/news\/wp-json\/wp\/v2\/posts"}],"about":[{"href":"https:\/\/tvtecjundiai.com.br\/news\/wp-json\/wp\/v2\/types\/post"}],"author":[{"embeddable":true,"href":"https:\/\/tvtecjundiai.com.br\/news\/wp-json\/wp\/v2\/users\/30"}],"replies":[{"embeddable":true,"href":"https:\/\/tvtecjundiai.com.br\/news\/wp-json\/wp\/v2\/comments?post=110165"}],"version-history":[{"count":2,"href":"https:\/\/tvtecjundiai.com.br\/news\/wp-json\/wp\/v2\/posts\/110165\/revisions"}],"predecessor-version":[{"id":110174,"href":"https:\/\/tvtecjundiai.com.br\/news\/wp-json\/wp\/v2\/posts\/110165\/revisions\/110174"}],"wp:featuredmedia":[{"embeddable":true,"href":"https:\/\/tvtecjundiai.com.br\/news\/wp-json\/wp\/v2\/media\/110166"}],"wp:attachment":[{"href":"https:\/\/tvtecjundiai.com.br\/news\/wp-json\/wp\/v2\/media?parent=110165"}],"wp:term":[{"taxonomy":"category","embeddable":true,"href":"https:\/\/tvtecjundiai.com.br\/news\/wp-json\/wp\/v2\/categories?post=110165"},{"taxonomy":"post_tag","embeddable":true,"href":"https:\/\/tvtecjundiai.com.br\/news\/wp-json\/wp\/v2\/tags?post=110165"}],"curies":[{"name":"wp","href":"https:\/\/api.w.org\/{rel}","templated":true}]}}