{"id":110171,"date":"2023-06-01T10:25:58","date_gmt":"2023-06-01T13:25:58","guid":{"rendered":"https:\/\/tvtecjundiai.com.br\/news\/?p=110171"},"modified":"2023-06-01T10:26:01","modified_gmt":"2023-06-01T13:26:01","slug":"2a-conferencia-pelo-clima-entre-municipios-abre-inscricoes-para-a-populacao","status":"publish","type":"post","link":"https:\/\/tvtecjundiai.com.br\/news\/2023\/06\/01\/2a-conferencia-pelo-clima-entre-municipios-abre-inscricoes-para-a-populacao\/","title":{"rendered":"2\u00aa Confer\u00eancia pelo Clima entre Munic\u00edpios abre inscri\u00e7\u00f5es para a popula\u00e7\u00e3o"},"content":{"rendered":"\n<p>Um dos principais eventos do&nbsp;<a rel=\"noreferrer noopener\" href=\"https:\/\/jundiai.sp.gov.br\/noticias\/2023\/05\/24\/mes-do-meio-ambiente-junho-tera-diversas-acoes-programadas-na-cidade\/\" target=\"_blank\">M\u00eas do Meio Ambiente<\/a>, a 2\u00aa Confer\u00eancia pelo Clima entre Munic\u00edpios Vizinhos, que ser\u00e1 realizada no pr\u00f3ximo dia 07 de junho, abriu inscri\u00e7\u00f5es para participa\u00e7\u00e3o da popula\u00e7\u00e3o em geral. As palestras ser\u00e3o realizadas a partir das 8:30, no CIESP, localizado na Av. Doroty Nano Martinasso, s\/n\u00ba, na Vila Hortol\u00e2ndia. A programa\u00e7\u00e3o \u00e9 promovida pela Prefeitura de Jundia\u00ed, atrav\u00e9s da&nbsp;<a rel=\"noreferrer noopener\" href=\"https:\/\/jundiai.sp.gov.br\/planejamento-e-meio-ambiente\/\" target=\"_blank\">Unidade de Planejamento Urbano e Meio Ambiente (UGPUMA)<\/a>&nbsp;e da&nbsp;<a rel=\"noreferrer noopener\" href=\"https:\/\/serradojapi.jundiai.sp.gov.br\/\" target=\"_blank\">Funda\u00e7\u00e3o Serra do Japi<\/a>.<\/p>\n\n\n\n<p>A inscri\u00e7\u00e3o \u00e9 gratuita e pode ser realizada por&nbsp;<a href=\"https:\/\/docs.google.com\/forms\/d\/e\/1FAIpQLSeVoj5cLhO7BuVJVPs7BQhR2u2WIYSTeqO_v779PEBsDwSlqQ\/viewform\" target=\"_blank\" rel=\"noreferrer noopener\">aqui<\/a>. A discuss\u00e3o vai reunir representantes de Louveira, Vinhedo, Itatiba, Itupeva, Jarinu, Cabre\u00fava, Cajamar, V\u00e1rzea Paulista e Campo Limpo Paulista, al\u00e9m de Jundia\u00ed, para estabelecer a\u00e7\u00f5es conjuntas para o enfrentamento das mudan\u00e7as clim\u00e1ticas e seus efeitos sobre as cidades.<\/p>\n\n\n\n<p>Jundia\u00ed foi escolhida para sediar a 2\u00aa Confer\u00eancia pelo Clima ao final da primeira edi\u00e7\u00e3o do evento, realizada em 2022, em Louveira. Desta vez, al\u00e9m de aprofundar os debates sobre o tema, os munic\u00edpios assinar\u00e3o uma Carta de Compromisso ao final do dia de palestras e discuss\u00f5es.<\/p>\n\n\n\n<p>\u201cNa Confer\u00eancia, vamos refletir com os munic\u00edpios sobre o que cada um deles pode fazer para minimizar os impactos negativos das mudan\u00e7as clim\u00e1ticas, estabelecendo um conjunto de a\u00e7\u00f5es coletivas a serem realizadas em curto e m\u00e9dio prazos, considerando o ano de 2030 como horizonte\u201d, afirmou o gestor da UGPUMA, Sin\u00e9sio Scarabello Filho.<\/p>\n\n\n\n<p>Al\u00e9m da Confer\u00eancia, outro evento de destaque no M\u00eas do Meio Ambiente, \u00e9 o Encontro Japi Consciente, no dia 03 de junho, a partir das 8:30, no CREAM, o Centro de Refer\u00eancia em Educa\u00e7\u00e3o Ambiental, no Bairro Santa Clara. Haver\u00e1 uma apresenta\u00e7\u00e3o de teatro, stands de informa\u00e7\u00e3o e uma feira sustent\u00e1vel.<\/p>\n\n\n\n<p><strong>Veja a programa\u00e7\u00e3o da 2\u00aa Confer\u00eancia pelo Clima entre Munic\u00edpios Vizinhos<\/strong>:<\/p>\n\n\n\n<figure class=\"wp-block-image size-full\"><img loading=\"lazy\" decoding=\"async\" width=\"960\" height=\"960\" src=\"https:\/\/tvtecjundiai.com.br\/news\/wp-content\/uploads\/sites\/2\/2023\/06\/semana-do-meio-ambiente-2023_programacao-dia-07-copiar-960x960-1.png\" alt=\"\" class=\"wp-image-110175\" srcset=\"https:\/\/tvtecjundiai.com.br\/news\/wp-content\/uploads\/sites\/2\/2023\/06\/semana-do-meio-ambiente-2023_programacao-dia-07-copiar-960x960-1.png 960w, https:\/\/tvtecjundiai.com.br\/news\/wp-content\/uploads\/sites\/2\/2023\/06\/semana-do-meio-ambiente-2023_programacao-dia-07-copiar-960x960-1-300x300.png 300w, https:\/\/tvtecjundiai.com.br\/news\/wp-content\/uploads\/sites\/2\/2023\/06\/semana-do-meio-ambiente-2023_programacao-dia-07-copiar-960x960-1-100x100.png 100w, https:\/\/tvtecjundiai.com.br\/news\/wp-content\/uploads\/sites\/2\/2023\/06\/semana-do-meio-ambiente-2023_programacao-dia-07-copiar-960x960-1-768x768.png 768w\" sizes=\"auto, (max-width: 960px) 100vw, 960px\" \/><\/figure>\n\n\n\n<p><strong><em>Fonte \/ Imagem: Prefeitura de Jundia\u00ed<\/em><\/strong><\/p>\n","protected":false},"excerpt":{"rendered":"<p>Jundia\u00ed foi escolhida para sediar a 2\u00aa Confer\u00eancia pelo Clima ao final da primeira edi\u00e7\u00e3o do evento<\/p>\n","protected":false},"author":30,"featured_media":110176,"comment_status":"closed","ping_status":"0","sticky":false,"template":"","format":"standard","meta":{"footnotes":""},"categories":[1],"tags":[],"class_list":["post-110171","post","type-post","status-publish","format-standard","has-post-thumbnail","hentry","category-noticias"],"_links":{"self":[{"href":"https:\/\/tvtecjundiai.com.br\/news\/wp-json\/wp\/v2\/posts\/110171","targetHints":{"allow":["GET"]}}],"collection":[{"href":"https:\/\/tvtecjundiai.com.br\/news\/wp-json\/wp\/v2\/posts"}],"about":[{"href":"https:\/\/tvtecjundiai.com.br\/news\/wp-json\/wp\/v2\/types\/post"}],"author":[{"embeddable":true,"href":"https:\/\/tvtecjundiai.com.br\/news\/wp-json\/wp\/v2\/users\/30"}],"replies":[{"embeddable":true,"href":"https:\/\/tvtecjundiai.com.br\/news\/wp-json\/wp\/v2\/comments?post=110171"}],"version-history":[{"count":1,"href":"https:\/\/tvtecjundiai.com.br\/news\/wp-json\/wp\/v2\/posts\/110171\/revisions"}],"predecessor-version":[{"id":110177,"href":"https:\/\/tvtecjundiai.com.br\/news\/wp-json\/wp\/v2\/posts\/110171\/revisions\/110177"}],"wp:featuredmedia":[{"embeddable":true,"href":"https:\/\/tvtecjundiai.com.br\/news\/wp-json\/wp\/v2\/media\/110176"}],"wp:attachment":[{"href":"https:\/\/tvtecjundiai.com.br\/news\/wp-json\/wp\/v2\/media?parent=110171"}],"wp:term":[{"taxonomy":"category","embeddable":true,"href":"https:\/\/tvtecjundiai.com.br\/news\/wp-json\/wp\/v2\/categories?post=110171"},{"taxonomy":"post_tag","embeddable":true,"href":"https:\/\/tvtecjundiai.com.br\/news\/wp-json\/wp\/v2\/tags?post=110171"}],"curies":[{"name":"wp","href":"https:\/\/api.w.org\/{rel}","templated":true}]}}