{"id":110181,"date":"2023-06-01T10:37:22","date_gmt":"2023-06-01T13:37:22","guid":{"rendered":"https:\/\/tvtecjundiai.com.br\/news\/?p=110181"},"modified":"2023-06-01T11:06:38","modified_gmt":"2023-06-01T14:06:38","slug":"jundiai-inicia-operacao-estiagem-nesta-quinta-feira-01","status":"publish","type":"post","link":"https:\/\/tvtecjundiai.com.br\/news\/2023\/06\/01\/jundiai-inicia-operacao-estiagem-nesta-quinta-feira-01\/","title":{"rendered":"Jundia\u00ed inicia Opera\u00e7\u00e3o Estiagem nesta quinta-feira (1)"},"content":{"rendered":"\n<p>A Defesa Civil de Jundia\u00ed dar\u00e1 in\u00edcio \u00e0 Opera\u00e7\u00e3o Estiagem 2023 nesta quinta-feira (01). A a\u00e7\u00e3o tem como objetivo minimizar problemas decorrentes desse per\u00edodo do ano, quando as chuvas diminuem e o clima fica mais seco. As principais ocorr\u00eancias da \u00e9poca est\u00e3o relacionadas com a baixa umidade relativa do ar (URA), que facilitam os casos de inc\u00eandios em vegeta\u00e7\u00e3o.<\/p>\n\n\n\n<p>A Opera\u00e7\u00e3o se estende at\u00e9 o dia 30 de setembro, mas pode ser prorrogada caso a situa\u00e7\u00e3o clim\u00e1tica exija. Ela ser\u00e1 conduzida de forma intersetorial. Fazem parte da for\u00e7a-tarefa, al\u00e9m da Defesa Civil, o Corpo de Bombeiros, a RINEM (Rede Integrada de Emerg\u00eancia), Divis\u00e3o Florestal da Guarda Municipal, Pol\u00edcia Ambiental, DAE, Funda\u00e7\u00e3o Ant\u00f4nio Antonieta Cintra Gordinho, as Concession\u00e1rias que administram as rodovias que cruzam o mun\u00edcio, Mata Ciliar, o Aeroporto Estadual Comandante Rolim Adolfo Amaro, al\u00e9m de diferentes unidades de gest\u00e3o municipal, como Casa Civil, Infraestrutura e Servi\u00e7os P\u00fablicos, Sa\u00fade, Mobilidade e Transporte, Agroneg\u00f3cio, Abastecimento e Turismo e Inova\u00e7\u00e3o e Rela\u00e7\u00e3o com o Cidad\u00e3o.<\/p>\n\n\n<div class=\"wp-block-image\">\n<figure class=\"aligncenter size-full\"><img loading=\"lazy\" decoding=\"async\" width=\"768\" height=\"573\" src=\"https:\/\/tvtecjundiai.com.br\/news\/wp-content\/uploads\/sites\/2\/2023\/06\/defesa_civil_incendio_mato_fepasa_P_12g-768x573-1.jpg\" alt=\"\" class=\"wp-image-110182\" \/><figcaption class=\"wp-element-caption\">Focos de inc\u00eandio t\u00eam maior incid\u00eancia durante o per\u00edodo de estiagem, que s\u00f3 termina em outubro<\/figcaption><\/figure>\n<\/div>\n\n\n<p>\u201cA exemplo da Opera\u00e7\u00e3o Ver\u00e3o, as a\u00e7\u00f5es da for\u00e7a-tarefa visam, al\u00e9m de combater, prevenir as ocorr\u00eancias. O foco \u00e9 garantir a vida e o bem-estar da popula\u00e7\u00e3o\u201d, afirma o coordenador da Defesa Civil de Jundia\u00ed, o coronel Jo\u00e3o Os\u00f3rio Gimenez. Para isso foi realizado o mapeamento das \u00e1reas com maior incid\u00eancia de inc\u00eandios. Os locais s\u00e3o monitorados constantemente para combater qualquer princ\u00edpio de fogo.<\/p>\n\n\n\n<p>Tamb\u00e9m foram abertas as inscri\u00e7\u00f5es para inscri\u00e7\u00f5es para o curso de Capacita\u00e7\u00e3o, com objetivo de aperfei\u00e7oar os procedimentos de a\u00e7\u00e3o nas ocorr\u00eancias de inc\u00eandio. Ele \u00e9 aberto \u00e0 popula\u00e7\u00e3o e as aulas ser\u00e3o presenciais e ministradas na Fazenda Ermida, que fica no bairro do Medeiros.<\/p>\n\n\n\n<p>Al\u00e9m disso, a Defesa Civil divulgar\u00e1 boletins com informa\u00e7\u00f5es sobre a previs\u00e3o do tempo, a umidade relativa do ar, os riscos de inc\u00eandio, as temperaturas m\u00e1ximas atingidas ao longo do dia e a velocidade m\u00e1xima do vento \u2013 que pode contribuir com o alastramento do fogo.<\/p>\n\n\n\n<p>A Defesa Civil est\u00e1 \u00e0 disposi\u00e7\u00e3o do cidad\u00e3o pelos telefones 199 ou (11) 4586-0666.<\/p>\n\n\n\n<p><strong><em>Fonte \/ Imagem: Prefeitura de Jundia\u00ed<\/em><\/strong><\/p>\n","protected":false},"excerpt":{"rendered":"<p>Focos de inc\u00eandio t\u00eam maior incid\u00eancia durante o per\u00edodo de estiagem, que s\u00f3 termina em outubro<\/p>\n","protected":false},"author":30,"featured_media":110182,"comment_status":"closed","ping_status":"0","sticky":false,"template":"","format":"standard","meta":{"footnotes":""},"categories":[8356,1],"tags":[],"class_list":["post-110181","post","type-post","status-publish","format-standard","has-post-thumbnail","hentry","category-jundiai","category-noticias"],"_links":{"self":[{"href":"https:\/\/tvtecjundiai.com.br\/news\/wp-json\/wp\/v2\/posts\/110181","targetHints":{"allow":["GET"]}}],"collection":[{"href":"https:\/\/tvtecjundiai.com.br\/news\/wp-json\/wp\/v2\/posts"}],"about":[{"href":"https:\/\/tvtecjundiai.com.br\/news\/wp-json\/wp\/v2\/types\/post"}],"author":[{"embeddable":true,"href":"https:\/\/tvtecjundiai.com.br\/news\/wp-json\/wp\/v2\/users\/30"}],"replies":[{"embeddable":true,"href":"https:\/\/tvtecjundiai.com.br\/news\/wp-json\/wp\/v2\/comments?post=110181"}],"version-history":[{"count":2,"href":"https:\/\/tvtecjundiai.com.br\/news\/wp-json\/wp\/v2\/posts\/110181\/revisions"}],"predecessor-version":[{"id":110184,"href":"https:\/\/tvtecjundiai.com.br\/news\/wp-json\/wp\/v2\/posts\/110181\/revisions\/110184"}],"wp:featuredmedia":[{"embeddable":true,"href":"https:\/\/tvtecjundiai.com.br\/news\/wp-json\/wp\/v2\/media\/110182"}],"wp:attachment":[{"href":"https:\/\/tvtecjundiai.com.br\/news\/wp-json\/wp\/v2\/media?parent=110181"}],"wp:term":[{"taxonomy":"category","embeddable":true,"href":"https:\/\/tvtecjundiai.com.br\/news\/wp-json\/wp\/v2\/categories?post=110181"},{"taxonomy":"post_tag","embeddable":true,"href":"https:\/\/tvtecjundiai.com.br\/news\/wp-json\/wp\/v2\/tags?post=110181"}],"curies":[{"name":"wp","href":"https:\/\/api.w.org\/{rel}","templated":true}]}}