{"id":110196,"date":"2023-06-01T14:38:02","date_gmt":"2023-06-01T17:38:02","guid":{"rendered":"https:\/\/tvtecjundiai.com.br\/news\/?p=110196"},"modified":"2023-06-01T14:38:03","modified_gmt":"2023-06-01T17:38:03","slug":"concessionaria-alerta-para-cuidados-ao-dirigir-em-periodos-de-neblina","status":"publish","type":"post","link":"https:\/\/tvtecjundiai.com.br\/news\/2023\/06\/01\/concessionaria-alerta-para-cuidados-ao-dirigir-em-periodos-de-neblina\/","title":{"rendered":"Concession\u00e1ria alerta para cuidados ao dirigir em per\u00edodos de neblina"},"content":{"rendered":"\n<p>De junho a setembro, a incid\u00eancia de neblina \u00e9 maior em virtude dos dias mais frios. Esse fen\u00f4meno clim\u00e1tico traz um grande risco nas rodovias, devido a menor visibilidade, especialmente durante as madrugadas e in\u00edcio das manh\u00e3s. Para alertar os motoristas sobre os cuidados necess\u00e1rios ao trafegar nesta condi\u00e7\u00e3o, a CCR AutoBAn vai distribuir 40 mil folhetos com orienta\u00e7\u00f5es de seguran\u00e7a ao dirigir com a visibilidade comprometida.<\/p>\n\n\n\n<p>Os folhetos ser\u00e3o distribu\u00eddos em todas as pra\u00e7as de ped\u00e1gio do Sistema Anhanguera-Bandeirantes&nbsp; e no posto de atendimento ao caminhoneiro do Programa Caminhos para a Sa\u00fade, localizado no km 56+400 pista sul da Rodovia dos Bandeirantes.&nbsp; As equipes de inspe\u00e7\u00e3o tamb\u00e9m ter\u00e3o os materiais educativos em m\u00e3os para orientar os motoristas durante os atendimentos. Al\u00e9m disso, ser\u00e3o veiculadas mensagens nos pain\u00e9is eletr\u00f4nicos das rodovias. A iniciativa est\u00e1 sendo realizada com apoio da ARTESP (Ag\u00eancia de Transportes do Estado de S\u00e3o Paulo).<\/p>\n\n\n<div class=\"wp-block-image\">\n<figure class=\"aligncenter size-full\"><img loading=\"lazy\" decoding=\"async\" width=\"627\" height=\"410\" src=\"https:\/\/tvtecjundiai.com.br\/news\/wp-content\/uploads\/sites\/2\/2023\/06\/neblina.jpg\" alt=\"\" class=\"wp-image-110197\" srcset=\"https:\/\/tvtecjundiai.com.br\/news\/wp-content\/uploads\/sites\/2\/2023\/06\/neblina.jpg 627w, https:\/\/tvtecjundiai.com.br\/news\/wp-content\/uploads\/sites\/2\/2023\/06\/neblina-300x196.jpg 300w\" sizes=\"auto, (max-width: 627px) 100vw, 627px\" \/><\/figure>\n<\/div>\n\n\n<p><\/p>\n\n\n\n<p>De acordo com o gerente de Opera\u00e7\u00f5es da CCR AutoBAn, Virg\u00edlio Leoc\u00e1dio, um dos principais cuidados ao trafegar em situa\u00e7\u00e3o de neblina \u00e9 reduzir gradualmente a velocidade e ampliar a dist\u00e2ncia do ve\u00edculo que segue \u00e0 frente.<\/p>\n\n\n\n<p>O gerente tamb\u00e9m orienta a manter o farol baixo aceso, mesmo durante o dia, e nunca utilizar o farol alto ou acionar o pisca-alerta com o ve\u00edculo em movimento. \u201cTamb\u00e9m \u00e9 importante evitar o emba\u00e7amento dos vidros, acionando a ventila\u00e7\u00e3o, o ar-condicionado ou abrindo levemente as janelas\u201d, explica. Outra dica \u00e9 utilizar o limpador de para-brisa e o desemba\u00e7ador para manter os vidros limpos.<\/p>\n\n\n\n<p>Caso a neblina seja muito intensa e o motorista n\u00e3o se sinta seguro em prosseguir viagem, a recomenda\u00e7\u00e3o \u00e9 estacionar o ve\u00edculo em um local seguro, distante da rodovia, e sinalizar com o pisca-alerta. \u201cO ideal \u00e9 buscar um posto de servi\u00e7o, bases da concession\u00e1ria ou da Pol\u00edcia Militar Rodovi\u00e1ria\u201d, orienta.<\/p>\n\n\n\n<p>Se houver necessidade de parada ou em situa\u00e7\u00e3o de emerg\u00eancia, a CCR AutoBAn possui atendimento gratuito 24 horas por dia. O contato pode ser feito pelo WhatsApp (11) 4589-3999, pelo 0800 055 55 50 ou pelos telefones de emerg\u00eancia instalados a cada quil\u00f4metro das rodovias.<\/p>\n\n\n\n<p><strong>Dicas para viajar com seguran\u00e7a em per\u00edodos de neblina:<\/strong><\/p>\n\n\n\n<ul class=\"wp-block-list\">\n<li>Reduza gradualmente a velocidade;<\/li>\n\n\n\n<li>Mantenha dist\u00e2ncia segura do ve\u00edculo \u00e0 frente;<\/li>\n\n\n\n<li>Nunca utilize o farol alto;<\/li>\n\n\n\n<li>Nunca pare na pista. Evite parar no acostamento e, se precisar estacionar, pare fora da rodovia, em um posto de servi\u00e7os;<\/li>\n\n\n\n<li>Nunca acione o pisca-alerta com o ve\u00edculo em movimento. Os motoristas que v\u00eam atr\u00e1s podem pensar que o seu ve\u00edculo parou na pista;<\/li>\n\n\n\n<li>Aten\u00e7\u00e3o \u00e0s mensagens dos pain\u00e9is de mensagens vari\u00e1veis (PMVs) espalhados ao longo da rodovia.<\/li>\n<\/ul>\n\n\n\n<p><strong><em>(Fonte: Assessoria CCR AutoBAn\/Imagem: Canva)<\/em><\/strong><\/p>\n","protected":false},"excerpt":{"rendered":"<p>Ser\u00e3o distribu\u00eddos 40 mil folhetos com orienta\u00e7\u00f5es de seguran\u00e7a<\/p>\n","protected":false},"author":30,"featured_media":110197,"comment_status":"closed","ping_status":"0","sticky":false,"template":"","format":"standard","meta":{"footnotes":""},"categories":[8356,1,6151],"tags":[],"class_list":["post-110196","post","type-post","status-publish","format-standard","has-post-thumbnail","hentry","category-jundiai","category-noticias","category-transito"],"_links":{"self":[{"href":"https:\/\/tvtecjundiai.com.br\/news\/wp-json\/wp\/v2\/posts\/110196","targetHints":{"allow":["GET"]}}],"collection":[{"href":"https:\/\/tvtecjundiai.com.br\/news\/wp-json\/wp\/v2\/posts"}],"about":[{"href":"https:\/\/tvtecjundiai.com.br\/news\/wp-json\/wp\/v2\/types\/post"}],"author":[{"embeddable":true,"href":"https:\/\/tvtecjundiai.com.br\/news\/wp-json\/wp\/v2\/users\/30"}],"replies":[{"embeddable":true,"href":"https:\/\/tvtecjundiai.com.br\/news\/wp-json\/wp\/v2\/comments?post=110196"}],"version-history":[{"count":1,"href":"https:\/\/tvtecjundiai.com.br\/news\/wp-json\/wp\/v2\/posts\/110196\/revisions"}],"predecessor-version":[{"id":110198,"href":"https:\/\/tvtecjundiai.com.br\/news\/wp-json\/wp\/v2\/posts\/110196\/revisions\/110198"}],"wp:featuredmedia":[{"embeddable":true,"href":"https:\/\/tvtecjundiai.com.br\/news\/wp-json\/wp\/v2\/media\/110197"}],"wp:attachment":[{"href":"https:\/\/tvtecjundiai.com.br\/news\/wp-json\/wp\/v2\/media?parent=110196"}],"wp:term":[{"taxonomy":"category","embeddable":true,"href":"https:\/\/tvtecjundiai.com.br\/news\/wp-json\/wp\/v2\/categories?post=110196"},{"taxonomy":"post_tag","embeddable":true,"href":"https:\/\/tvtecjundiai.com.br\/news\/wp-json\/wp\/v2\/tags?post=110196"}],"curies":[{"name":"wp","href":"https:\/\/api.w.org\/{rel}","templated":true}]}}