{"id":110199,"date":"2023-06-01T15:09:10","date_gmt":"2023-06-01T18:09:10","guid":{"rendered":"https:\/\/tvtecjundiai.com.br\/news\/?p=110199"},"modified":"2023-06-01T15:09:11","modified_gmt":"2023-06-01T18:09:11","slug":"jundiai-lanca-painel-inteligente-para-dados-sobre-dengue-zika-e-chikungunya","status":"publish","type":"post","link":"https:\/\/tvtecjundiai.com.br\/news\/2023\/06\/01\/jundiai-lanca-painel-inteligente-para-dados-sobre-dengue-zika-e-chikungunya\/","title":{"rendered":"Jundia\u00ed lan\u00e7a painel inteligente para dados sobre dengue, zika e chikungunya"},"content":{"rendered":"\n<p>Com o foco nas ferramentas de Cidade Inteligente, Jundia\u00ed, a partir da Unidade de Gest\u00e3o de Promo\u00e7\u00e3o da Sa\u00fade (UGPS), lan\u00e7a o painel de metadados das arboviroses, com indicadores de n\u00fameros de casos (positivos, negativos e em an\u00e1lise) e os bairros com maior n\u00famero de ocorr\u00eancias. A metodologia, lan\u00e7ada durante a pandemia da COVID-19, tem como foco a transpar\u00eancia das informa\u00e7\u00f5es para a popula\u00e7\u00e3o, bem como a facilidade no acesso aos dados.<\/p>\n\n\n\n<p>Contabilizados pela Vigil\u00e2ncia em Sa\u00fade Ambiental (Visam) e Vigil\u00e2ncia Epidemiol\u00f3gica (VE), os dados sobre as arboviroses eram disponibilizados semanalmente em boletim epidemiol\u00f3gico em formato de arquivo para a popula\u00e7\u00e3o. \u201cO&nbsp;<a href=\"https:\/\/jundiai.sp.gov.br\/boletimarboviroses\/\">painel<\/a>&nbsp;vem para substituir o boletim em pdf, com uma forma mais din\u00e2mica dos dados. O sistema inteligente garante a visualiza\u00e7\u00e3o imediata, da situa\u00e7\u00e3o epidemiol\u00f3gica na cidade e informa a popula\u00e7\u00e3o sobre o seu bairro, j\u00e1 que pelo mapa de aglutinados de casos&nbsp;dispon\u00edvel, \u00e9 poss\u00edvel identificar quais os bairros com a maior ocorr\u00eancia da dengue\u201d, comenta o gestor da UGPS, Tiago Texera.<\/p>\n\n\n<div class=\"wp-block-image\">\n<figure class=\"aligncenter size-large\"><img loading=\"lazy\" decoding=\"async\" width=\"1200\" height=\"801\" src=\"https:\/\/tvtecjundiai.com.br\/news\/wp-content\/uploads\/sites\/2\/2023\/06\/boletim-epidemiologico-de-arboviroses-site-prefeitura_fm_-1-1280x854-1-1200x801.jpg\" alt=\"\" class=\"wp-image-110201\" srcset=\"https:\/\/tvtecjundiai.com.br\/news\/wp-content\/uploads\/sites\/2\/2023\/06\/boletim-epidemiologico-de-arboviroses-site-prefeitura_fm_-1-1280x854-1-1200x801.jpg 1200w, https:\/\/tvtecjundiai.com.br\/news\/wp-content\/uploads\/sites\/2\/2023\/06\/boletim-epidemiologico-de-arboviroses-site-prefeitura_fm_-1-1280x854-1-300x200.jpg 300w, https:\/\/tvtecjundiai.com.br\/news\/wp-content\/uploads\/sites\/2\/2023\/06\/boletim-epidemiologico-de-arboviroses-site-prefeitura_fm_-1-1280x854-1-768x512.jpg 768w, https:\/\/tvtecjundiai.com.br\/news\/wp-content\/uploads\/sites\/2\/2023\/06\/boletim-epidemiologico-de-arboviroses-site-prefeitura_fm_-1-1280x854-1.jpg 1280w\" sizes=\"auto, (max-width: 1200px) 100vw, 1200px\" \/><figcaption class=\"wp-element-caption\">Os dados podem ser acessados pelo site da Prefeitura de Jundia\u00ed, no \u00edcone \u2018Boletim Epidemiol\u00f3gico\u2019<\/figcaption><\/figure>\n<\/div>\n\n\n<p>O gestor ainda lembra que o combate aos mosquitos transmissores \u00e9 responsabilidade de todos. \u201cEliminar os pratos dos vasos e qualquer outro objeto que possa acumular \u00e1gua no quintal, s\u00e3o atitudes simples e que garantem a prote\u00e7\u00e3o de todos\u201d, ressalta.<\/p>\n\n\n\n<p>Esses dados s\u00e3o essenciais para o planejamento estrat\u00e9gico das a\u00e7\u00f5es de controle.<strong>&nbsp;<\/strong>\u201cAssim que recebemos as notifica\u00e7\u00f5es dos suspeitos de arboviroses,&nbsp;nossas equipes seguem para a investiga\u00e7\u00e3o epidemiol\u00f3gica em campo, o diagn\u00f3stico&nbsp;\u00e9 conclu\u00eddo e o painel \u00e9 alimentado, analisamos a situa\u00e7\u00e3o real de cada regi\u00e3o, mais uma ferramenta para o controle das arboviroses, e a popula\u00e7\u00e3o&nbsp;poder\u00e1 utiliz\u00e1-la tamb\u00e9m, acessando no site da PMJ\u201d, comentou a biom\u00e9dica da Visam, Ana L\u00facia<strong>&nbsp;<\/strong>de Castro.<\/p>\n\n\n\n<p>Para acessar o painel da dengue, basta clicar, na p\u00e1gina principal do site da Prefeitura de Jundia\u00ed, no \u00edcone, Boletim Epidemiol\u00f3gico.<\/p>\n\n\n\n<p><strong><em>Fonte \/ Imagem: Prefeitura de Jundia\u00ed<\/em><\/strong><\/p>\n","protected":false},"excerpt":{"rendered":"<p>Os dados podem ser acessados pelo site da Prefeitura de Jundia\u00ed, no \u00edcone \u2018Boletim Epidemiol\u00f3gico\u2019<\/p>\n","protected":false},"author":30,"featured_media":110201,"comment_status":"closed","ping_status":"0","sticky":false,"template":"","format":"standard","meta":{"footnotes":""},"categories":[8356,1],"tags":[],"class_list":["post-110199","post","type-post","status-publish","format-standard","has-post-thumbnail","hentry","category-jundiai","category-noticias"],"_links":{"self":[{"href":"https:\/\/tvtecjundiai.com.br\/news\/wp-json\/wp\/v2\/posts\/110199","targetHints":{"allow":["GET"]}}],"collection":[{"href":"https:\/\/tvtecjundiai.com.br\/news\/wp-json\/wp\/v2\/posts"}],"about":[{"href":"https:\/\/tvtecjundiai.com.br\/news\/wp-json\/wp\/v2\/types\/post"}],"author":[{"embeddable":true,"href":"https:\/\/tvtecjundiai.com.br\/news\/wp-json\/wp\/v2\/users\/30"}],"replies":[{"embeddable":true,"href":"https:\/\/tvtecjundiai.com.br\/news\/wp-json\/wp\/v2\/comments?post=110199"}],"version-history":[{"count":1,"href":"https:\/\/tvtecjundiai.com.br\/news\/wp-json\/wp\/v2\/posts\/110199\/revisions"}],"predecessor-version":[{"id":110202,"href":"https:\/\/tvtecjundiai.com.br\/news\/wp-json\/wp\/v2\/posts\/110199\/revisions\/110202"}],"wp:featuredmedia":[{"embeddable":true,"href":"https:\/\/tvtecjundiai.com.br\/news\/wp-json\/wp\/v2\/media\/110201"}],"wp:attachment":[{"href":"https:\/\/tvtecjundiai.com.br\/news\/wp-json\/wp\/v2\/media?parent=110199"}],"wp:term":[{"taxonomy":"category","embeddable":true,"href":"https:\/\/tvtecjundiai.com.br\/news\/wp-json\/wp\/v2\/categories?post=110199"},{"taxonomy":"post_tag","embeddable":true,"href":"https:\/\/tvtecjundiai.com.br\/news\/wp-json\/wp\/v2\/tags?post=110199"}],"curies":[{"name":"wp","href":"https:\/\/api.w.org\/{rel}","templated":true}]}}