{"id":110217,"date":"2023-06-02T09:17:05","date_gmt":"2023-06-02T12:17:05","guid":{"rendered":"https:\/\/tvtecjundiai.com.br\/news\/?p=110217"},"modified":"2023-06-02T09:46:42","modified_gmt":"2023-06-02T12:46:42","slug":"incendio-de-grande-proporcoes-atinge-brecho-na-agapeama-em-jundiai","status":"publish","type":"post","link":"https:\/\/tvtecjundiai.com.br\/news\/2023\/06\/02\/incendio-de-grande-proporcoes-atinge-brecho-na-agapeama-em-jundiai\/","title":{"rendered":"Inc\u00eandio de grandes propor\u00e7\u00f5es atinge brech\u00f3 na Agapeama, em Jundia\u00ed"},"content":{"rendered":"\n<p>Na madrugada desta sexta-feira (2), um grande inc\u00eandio atingiu o im\u00f3vel onde funciona o Brech\u00f3 Ref\u00fagio, na rua V\u00e1rzea Paulista, na Agapeama. Vizinhos acionaram o Corpo de Bombeiros \u00e0s 3h e as chamas s\u00f3 foram controladas por volta das 6h30.<\/p>\n\n\n\n<p>A hip\u00f3tese \u00e9 que as roupas e cal\u00e7ados do Brech\u00f3 tenham facilitado a propaga\u00e7\u00e3o do inc\u00eandio. N\u00e3o h\u00e1 registro de v\u00edtimas.<\/p>\n\n\n\n<p>* Com informa\u00e7\u00f5es do g1.<\/p>\n\n\n<div class=\"wp-block-image\">\n<figure class=\"aligncenter size-full is-resized\"><img loading=\"lazy\" decoding=\"async\" src=\"https:\/\/tvtecjundiai.com.br\/news\/wp-content\/uploads\/sites\/2\/2023\/06\/WhatsApp-Image-2023-06-02-at-08.22.33.jpeg\" alt=\"\" class=\"wp-image-110219\" width=\"666\" height=\"500\" srcset=\"https:\/\/tvtecjundiai.com.br\/news\/wp-content\/uploads\/sites\/2\/2023\/06\/WhatsApp-Image-2023-06-02-at-08.22.33.jpeg 1032w, https:\/\/tvtecjundiai.com.br\/news\/wp-content\/uploads\/sites\/2\/2023\/06\/WhatsApp-Image-2023-06-02-at-08.22.33-300x225.jpeg 300w, https:\/\/tvtecjundiai.com.br\/news\/wp-content\/uploads\/sites\/2\/2023\/06\/WhatsApp-Image-2023-06-02-at-08.22.33-768x576.jpeg 768w\" sizes=\"auto, (max-width: 666px) 100vw, 666px\" \/><\/figure>\n<\/div>\n\n\n<p><\/p>\n\n\n\n<p><strong><em>(Fonte\/Imagem: TVTEC Jundia\u00ed)<\/em><\/strong><\/p>\n","protected":false},"excerpt":{"rendered":"<p>Corpo de Bombeiros foi acionado \u00e0s 3h e as chamas s\u00f3 foram controladas por volta das 6h30<\/p>\n","protected":false},"author":30,"featured_media":110219,"comment_status":"closed","ping_status":"0","sticky":false,"template":"","format":"standard","meta":{"footnotes":""},"categories":[8356,1,4739],"tags":[],"class_list":["post-110217","post","type-post","status-publish","format-standard","has-post-thumbnail","hentry","category-jundiai","category-noticias","category-policia"],"_links":{"self":[{"href":"https:\/\/tvtecjundiai.com.br\/news\/wp-json\/wp\/v2\/posts\/110217","targetHints":{"allow":["GET"]}}],"collection":[{"href":"https:\/\/tvtecjundiai.com.br\/news\/wp-json\/wp\/v2\/posts"}],"about":[{"href":"https:\/\/tvtecjundiai.com.br\/news\/wp-json\/wp\/v2\/types\/post"}],"author":[{"embeddable":true,"href":"https:\/\/tvtecjundiai.com.br\/news\/wp-json\/wp\/v2\/users\/30"}],"replies":[{"embeddable":true,"href":"https:\/\/tvtecjundiai.com.br\/news\/wp-json\/wp\/v2\/comments?post=110217"}],"version-history":[{"count":2,"href":"https:\/\/tvtecjundiai.com.br\/news\/wp-json\/wp\/v2\/posts\/110217\/revisions"}],"predecessor-version":[{"id":110239,"href":"https:\/\/tvtecjundiai.com.br\/news\/wp-json\/wp\/v2\/posts\/110217\/revisions\/110239"}],"wp:featuredmedia":[{"embeddable":true,"href":"https:\/\/tvtecjundiai.com.br\/news\/wp-json\/wp\/v2\/media\/110219"}],"wp:attachment":[{"href":"https:\/\/tvtecjundiai.com.br\/news\/wp-json\/wp\/v2\/media?parent=110217"}],"wp:term":[{"taxonomy":"category","embeddable":true,"href":"https:\/\/tvtecjundiai.com.br\/news\/wp-json\/wp\/v2\/categories?post=110217"},{"taxonomy":"post_tag","embeddable":true,"href":"https:\/\/tvtecjundiai.com.br\/news\/wp-json\/wp\/v2\/tags?post=110217"}],"curies":[{"name":"wp","href":"https:\/\/api.w.org\/{rel}","templated":true}]}}