{"id":110224,"date":"2023-06-02T10:26:36","date_gmt":"2023-06-02T13:26:36","guid":{"rendered":"https:\/\/tvtecjundiai.com.br\/news\/?p=110224"},"modified":"2023-06-02T11:32:26","modified_gmt":"2023-06-02T14:32:26","slug":"fim-de-semana-em-jundiai-sera-de-sol-e-baixas-temperaturas","status":"publish","type":"post","link":"https:\/\/tvtecjundiai.com.br\/news\/2023\/06\/02\/fim-de-semana-em-jundiai-sera-de-sol-e-baixas-temperaturas\/","title":{"rendered":"Fim de semana em Jundia\u00ed ser\u00e1 de sol e baixas temperaturas"},"content":{"rendered":"\n<p>O fim de semana ser\u00e1 de sol e baixas temperaturas em Jundia\u00ed, sem previs\u00e3o de pancadas de chuva. Segundo o Climatempo, os term\u00f4metros devem ficar entre 13\u00b0C e 25\u00b0C.<\/p>\n\n\n\n<p>Nesta sexta-feira (2), a previs\u00e3o \u00e9 de sol com algumas nuvens, sem chuva. Os term\u00f4metros ficam entre 12\u00b0C e 24\u00b0C.<\/p>\n\n\n<div class=\"wp-block-image\">\n<figure class=\"aligncenter size-large is-resized\"><img decoding=\"async\" src=\"https:\/\/tvtecjundiai.com.br\/news\/wp-content\/uploads\/sites\/2\/2023\/06\/WhatsApp-Image-2023-06-02-at-10.24.20-edited.jpeg\" alt=\"\" class=\"wp-image-110242\" width=\"688\" srcset=\"https:\/\/tvtecjundiai.com.br\/news\/wp-content\/uploads\/sites\/2\/2023\/06\/WhatsApp-Image-2023-06-02-at-10.24.20-edited.jpeg 1280w, https:\/\/tvtecjundiai.com.br\/news\/wp-content\/uploads\/sites\/2\/2023\/06\/WhatsApp-Image-2023-06-02-at-10.24.20-edited-300x200.jpeg 300w, https:\/\/tvtecjundiai.com.br\/news\/wp-content\/uploads\/sites\/2\/2023\/06\/WhatsApp-Image-2023-06-02-at-10.24.20-edited-1200x800.jpeg 1200w, https:\/\/tvtecjundiai.com.br\/news\/wp-content\/uploads\/sites\/2\/2023\/06\/WhatsApp-Image-2023-06-02-at-10.24.20-edited-768x512.jpeg 768w\" sizes=\"(max-width: 1280px) 100vw, 1280px\" \/><\/figure>\n<\/div>\n\n\n<p><\/p>\n\n\n\n<p>No s\u00e1bado (3), a temperatura fica entre 14\u00b0C e 24\u00b0C, com sol e algumas nuvens e sem previs\u00e3o de chuva.<\/p>\n\n\n\n<p>No domingo (4), o dia deve ser de sol com poucas nuvens e sem pancadas de chuva. Os term\u00f4metros devem marcar entre 13\u00b0C e 25\u00b0C, atingindo a m\u00e1xima prevista para o fim de semana.<\/p>\n\n\n\n<p><strong><em>(Fonte: TVTEC Jundia\u00ed\/Imagem: Juliano Justino)<\/em><\/strong><\/p>\n","protected":false},"excerpt":{"rendered":"<p>Segundo o Climatempo, os term\u00f4metros devem ficar entre 13\u00b0C e 25\u00b0C<\/p>\n","protected":false},"author":30,"featured_media":110242,"comment_status":"closed","ping_status":"0","sticky":false,"template":"","format":"standard","meta":{"footnotes":""},"categories":[3185,29,8356,1],"tags":[],"class_list":["post-110224","post","type-post","status-publish","format-standard","has-post-thumbnail","hentry","category-clima","category-destaque","category-jundiai","category-noticias"],"_links":{"self":[{"href":"https:\/\/tvtecjundiai.com.br\/news\/wp-json\/wp\/v2\/posts\/110224","targetHints":{"allow":["GET"]}}],"collection":[{"href":"https:\/\/tvtecjundiai.com.br\/news\/wp-json\/wp\/v2\/posts"}],"about":[{"href":"https:\/\/tvtecjundiai.com.br\/news\/wp-json\/wp\/v2\/types\/post"}],"author":[{"embeddable":true,"href":"https:\/\/tvtecjundiai.com.br\/news\/wp-json\/wp\/v2\/users\/30"}],"replies":[{"embeddable":true,"href":"https:\/\/tvtecjundiai.com.br\/news\/wp-json\/wp\/v2\/comments?post=110224"}],"version-history":[{"count":2,"href":"https:\/\/tvtecjundiai.com.br\/news\/wp-json\/wp\/v2\/posts\/110224\/revisions"}],"predecessor-version":[{"id":110243,"href":"https:\/\/tvtecjundiai.com.br\/news\/wp-json\/wp\/v2\/posts\/110224\/revisions\/110243"}],"wp:featuredmedia":[{"embeddable":true,"href":"https:\/\/tvtecjundiai.com.br\/news\/wp-json\/wp\/v2\/media\/110242"}],"wp:attachment":[{"href":"https:\/\/tvtecjundiai.com.br\/news\/wp-json\/wp\/v2\/media?parent=110224"}],"wp:term":[{"taxonomy":"category","embeddable":true,"href":"https:\/\/tvtecjundiai.com.br\/news\/wp-json\/wp\/v2\/categories?post=110224"},{"taxonomy":"post_tag","embeddable":true,"href":"https:\/\/tvtecjundiai.com.br\/news\/wp-json\/wp\/v2\/tags?post=110224"}],"curies":[{"name":"wp","href":"https:\/\/api.w.org\/{rel}","templated":true}]}}