{"id":110225,"date":"2023-06-02T09:23:10","date_gmt":"2023-06-02T12:23:10","guid":{"rendered":"https:\/\/tvtecjundiai.com.br\/news\/?p=110225"},"modified":"2023-06-02T09:23:11","modified_gmt":"2023-06-02T12:23:11","slug":"multinacional-mitutoyo-escolhe-jundiai-como-nova-base-estrategica","status":"publish","type":"post","link":"https:\/\/tvtecjundiai.com.br\/news\/2023\/06\/02\/multinacional-mitutoyo-escolhe-jundiai-como-nova-base-estrategica\/","title":{"rendered":"Multinacional Mitutoyo escolhe Jundia\u00ed como nova base estrat\u00e9gica"},"content":{"rendered":"\n<p>A empresa japonesa Mitutoyo \u00e9 a mais nova integrante do rol de multinacionais instaladas em Jundia\u00ed. Na manh\u00e3 desta quinta-feira (1), o presidente Ken Sasaki entregou ao prefeito Luiz Fernando Machado, no Pa\u00e7o Municipal, o convite para a inaugura\u00e7\u00e3o, marcada para 6 de julho, no Polo Industrial e Log\u00edstico Multivias. Al\u00e9m da presta\u00e7\u00e3o de servi\u00e7os, a planta ser\u00e1 respons\u00e1vel pela venda de mais de 5 mil produtos \u2013 voltados para equipamentos e instrumentos de precis\u00e3o \u2013 em todo o territ\u00f3rio brasileiro e tamb\u00e9m na Am\u00e9rica do Sul.<\/p>\n\n\n\n<p>Em japon\u00eas, Sasaki disse estar muito feliz pela chegada em Jundia\u00ed e comentou que assim que conheceu a cidade, tomou a decis\u00e3o pela vinda da empresa para c\u00e1. Contando com a tradu\u00e7\u00e3o feita pelo diretor administrativo da Mitutoyo, Shigeru Yamashita, o presidente da multinacional falou com o prefeito sobre futebol, da escolha dos papas Bento XVI (2007) e Francisco (2013) pelo vinho produzido aqui e que a Educa\u00e7\u00e3o municipal \u00e9 \u201cmuito forte\u201d. Tudo o que achava interessante, tamb\u00e9m, era anotado por ele em um caderno.<\/p>\n\n\n<div class=\"wp-block-image\">\n<figure class=\"aligncenter size-large\"><img loading=\"lazy\" decoding=\"async\" width=\"1200\" height=\"801\" src=\"https:\/\/tvtecjundiai.com.br\/news\/wp-content\/uploads\/sites\/2\/2023\/06\/reuniao_cafe_empresa_mitutoyo_gabinete_pa-6-1280x854-1-1200x801.jpg\" alt=\"\" class=\"wp-image-110226\" srcset=\"https:\/\/tvtecjundiai.com.br\/news\/wp-content\/uploads\/sites\/2\/2023\/06\/reuniao_cafe_empresa_mitutoyo_gabinete_pa-6-1280x854-1-1200x801.jpg 1200w, https:\/\/tvtecjundiai.com.br\/news\/wp-content\/uploads\/sites\/2\/2023\/06\/reuniao_cafe_empresa_mitutoyo_gabinete_pa-6-1280x854-1-300x200.jpg 300w, https:\/\/tvtecjundiai.com.br\/news\/wp-content\/uploads\/sites\/2\/2023\/06\/reuniao_cafe_empresa_mitutoyo_gabinete_pa-6-1280x854-1-768x512.jpg 768w, https:\/\/tvtecjundiai.com.br\/news\/wp-content\/uploads\/sites\/2\/2023\/06\/reuniao_cafe_empresa_mitutoyo_gabinete_pa-6-1280x854-1.jpg 1280w\" sizes=\"auto, (max-width: 1200px) 100vw, 1200px\" \/><figcaption class=\"wp-element-caption\">Prefeito Luiz Fernando Machado recebe executivos da multinacional japonesa<\/figcaption><\/figure>\n<\/div>\n\n\n<p>\u201c\u00c9 uma honra, para n\u00f3s, quando uma empresa japonesa se instala no munic\u00edpio. \u00c9 motivo de orgulho, pois tamb\u00e9m temos tamb\u00e9m a reverbera\u00e7\u00e3o na cidade da cultura e dos valores japoneses\u201d, destacou Luiz Fernando. \u201cA constru\u00e7\u00e3o de uma cidade se faz, tamb\u00e9m, a partir de boas empresas que ela consegue atrair\u201d.<\/p>\n\n\n\n<p>Jos\u00e9 Antonio Parimoschi, gestor de Governo e Finan\u00e7as, falou do processo de internacionaliza\u00e7\u00e3o de Jundia\u00ed para atra\u00e7\u00e3o de novos investimentos e pontuou a\u00e7\u00f5es do munic\u00edpio para forma\u00e7\u00e3o profissional, gera\u00e7\u00e3o de emprego e renda. \u201cJundia\u00ed se desenvolve de forma planejada e investe na melhoria do ambiente econ\u00f4mico, com foco na atra\u00e7\u00e3o de novos neg\u00f3cios e empregos. Estamos no caminho certo\u201d.<\/p>\n\n\n<div class=\"wp-block-image\">\n<figure class=\"aligncenter size-large\"><img loading=\"lazy\" decoding=\"async\" width=\"1200\" height=\"801\" src=\"https:\/\/tvtecjundiai.com.br\/news\/wp-content\/uploads\/sites\/2\/2023\/06\/reuniao_cafe_empresa_mitutoyo_gabinete_pa-65-1-1280x854-2-1200x801.jpg\" alt=\"\" class=\"wp-image-110228\" srcset=\"https:\/\/tvtecjundiai.com.br\/news\/wp-content\/uploads\/sites\/2\/2023\/06\/reuniao_cafe_empresa_mitutoyo_gabinete_pa-65-1-1280x854-2-1200x801.jpg 1200w, https:\/\/tvtecjundiai.com.br\/news\/wp-content\/uploads\/sites\/2\/2023\/06\/reuniao_cafe_empresa_mitutoyo_gabinete_pa-65-1-1280x854-2-300x200.jpg 300w, https:\/\/tvtecjundiai.com.br\/news\/wp-content\/uploads\/sites\/2\/2023\/06\/reuniao_cafe_empresa_mitutoyo_gabinete_pa-65-1-1280x854-2-768x512.jpg 768w, https:\/\/tvtecjundiai.com.br\/news\/wp-content\/uploads\/sites\/2\/2023\/06\/reuniao_cafe_empresa_mitutoyo_gabinete_pa-65-1-1280x854-2.jpg 1280w\" sizes=\"auto, (max-width: 1200px) 100vw, 1200px\" \/><figcaption class=\"wp-element-caption\">Representantes da multinacional receberam revista com dados do munic\u00edpio: internacionaliza\u00e7\u00e3o<\/figcaption><\/figure>\n<\/div>\n\n\n<p><strong>Hist\u00f3rico<\/strong><\/p>\n\n\n\n<p>A Mitutoyo \u00e9 uma empresa de origem familiar, que foi fundada no Jap\u00e3o h\u00e1 90 anos. Est\u00e1 no Brasil desde 1973, sempre inovando na \u00e1rea de instrumentos e equipamentos de medi\u00e7\u00e3o para: ind\u00fastria automotiva, eletroeletr\u00f4nica, biom\u00e9dica, aeron\u00e1utica, n\u00e1utica, \u00f3leo e g\u00e1s, agroneg\u00f3cio, embalagens, servi\u00e7os metrol\u00f3gicos, escolas t\u00e9cnicas e universidades. Tamb\u00e9m se especializou na aplica\u00e7\u00e3o de cursos e treinamentos. Os equipamentos mais vendidos pela empresa s\u00e3o paqu\u00edmetros e micr\u00f4metros, voltados para a \u00e1rea da engenharia.<\/p>\n\n\n\n<p>O diretor Daisuke Kato, diretor comercial da Mitutoyo, tamb\u00e9m acompanhou a reuni\u00e3o. Pela Prefeitura, participaram o gestor da Casa Civil, Gustavo Maryssael, e os diretores Gilson Pichioli (Fomento \u00e0 Ind\u00fastria) e Daniele Ruiz (Parcerias Estrat\u00e9gicas).<\/p>\n\n\n\n<p><strong><em>Fonte \/ Imagem: Prefeitura de Jundia\u00ed<\/em><\/strong><\/p>\n","protected":false},"excerpt":{"rendered":"<p>Representantes da multinacional receberam revista com dados do munic\u00edpio: internacionaliza\u00e7\u00e3o<\/p>\n","protected":false},"author":30,"featured_media":110226,"comment_status":"closed","ping_status":"0","sticky":false,"template":"","format":"standard","meta":{"footnotes":""},"categories":[8356,1],"tags":[],"class_list":["post-110225","post","type-post","status-publish","format-standard","has-post-thumbnail","hentry","category-jundiai","category-noticias"],"_links":{"self":[{"href":"https:\/\/tvtecjundiai.com.br\/news\/wp-json\/wp\/v2\/posts\/110225","targetHints":{"allow":["GET"]}}],"collection":[{"href":"https:\/\/tvtecjundiai.com.br\/news\/wp-json\/wp\/v2\/posts"}],"about":[{"href":"https:\/\/tvtecjundiai.com.br\/news\/wp-json\/wp\/v2\/types\/post"}],"author":[{"embeddable":true,"href":"https:\/\/tvtecjundiai.com.br\/news\/wp-json\/wp\/v2\/users\/30"}],"replies":[{"embeddable":true,"href":"https:\/\/tvtecjundiai.com.br\/news\/wp-json\/wp\/v2\/comments?post=110225"}],"version-history":[{"count":1,"href":"https:\/\/tvtecjundiai.com.br\/news\/wp-json\/wp\/v2\/posts\/110225\/revisions"}],"predecessor-version":[{"id":110229,"href":"https:\/\/tvtecjundiai.com.br\/news\/wp-json\/wp\/v2\/posts\/110225\/revisions\/110229"}],"wp:featuredmedia":[{"embeddable":true,"href":"https:\/\/tvtecjundiai.com.br\/news\/wp-json\/wp\/v2\/media\/110226"}],"wp:attachment":[{"href":"https:\/\/tvtecjundiai.com.br\/news\/wp-json\/wp\/v2\/media?parent=110225"}],"wp:term":[{"taxonomy":"category","embeddable":true,"href":"https:\/\/tvtecjundiai.com.br\/news\/wp-json\/wp\/v2\/categories?post=110225"},{"taxonomy":"post_tag","embeddable":true,"href":"https:\/\/tvtecjundiai.com.br\/news\/wp-json\/wp\/v2\/tags?post=110225"}],"curies":[{"name":"wp","href":"https:\/\/api.w.org\/{rel}","templated":true}]}}