{"id":110253,"date":"2023-06-02T11:31:51","date_gmt":"2023-06-02T14:31:51","guid":{"rendered":"https:\/\/tvtecjundiai.com.br\/news\/?p=110253"},"modified":"2023-06-03T16:43:53","modified_gmt":"2023-06-03T19:43:53","slug":"59a-festa-de-santo-antonio-comeca-neste-sabado-3","status":"publish","type":"post","link":"https:\/\/tvtecjundiai.com.br\/news\/2023\/06\/02\/59a-festa-de-santo-antonio-comeca-neste-sabado-3\/","title":{"rendered":"59\u00aa Festa de Santo Ant\u00f4nio come\u00e7a neste s\u00e1bado (3)"},"content":{"rendered":"\n<p>A 59\u00aa edi\u00e7\u00e3o da tradicional Festa de Santo Ant\u00f4nio da Par\u00f3quia Santo Ant\u00f4nio, que fica no Anhangaba\u00fa, come\u00e7a neste s\u00e1bado (3). A comemora\u00e7\u00e3o vai at\u00e9 o dia 18 de junho, sendo realizada das 18h \u00e0s 22h aos s\u00e1bados e das 11h30 \u00e0s 14h30 e das 18h \u00e0s 22h aos domingos.<\/p>\n\n\n\n<p>A Trezena vai de 1 a 13 de junho, com celebra\u00e7\u00f5es \u00e0s 15h e \u00e0s 19h30 durante a semana e \u00e0s 15h e \u00e0s 18h aos finais de semana.<\/p>\n\n\n<div class=\"wp-block-image\">\n<figure class=\"aligncenter size-full is-resized\"><img loading=\"lazy\" decoding=\"async\" src=\"https:\/\/tvtecjundiai.com.br\/news\/wp-content\/uploads\/sites\/2\/2023\/05\/festa-de-santo-antonio-jundiai.jpg\" alt=\"\" class=\"wp-image-109940\" width=\"717\" height=\"403\" srcset=\"https:\/\/tvtecjundiai.com.br\/news\/wp-content\/uploads\/sites\/2\/2023\/05\/festa-de-santo-antonio-jundiai.jpg 1024w, https:\/\/tvtecjundiai.com.br\/news\/wp-content\/uploads\/sites\/2\/2023\/05\/festa-de-santo-antonio-jundiai-300x169.jpg 300w, https:\/\/tvtecjundiai.com.br\/news\/wp-content\/uploads\/sites\/2\/2023\/05\/festa-de-santo-antonio-jundiai-768x432.jpg 768w\" sizes=\"auto, (max-width: 717px) 100vw, 717px\" \/><\/figure>\n<\/div>\n\n\n<p><\/p>\n\n\n\n<p>No dia 13 de junho, dia dedicado a Santo Ant\u00f4nio, ser\u00e3o cinco celebra\u00e7\u00f5es (\u00e0s 7h, 10h, 12h, 15h e 19h). A prociss\u00e3o pelas ruas do bairro com a rel\u00edquia de Santo Ant\u00f4nio come\u00e7a \u00e0s 18h.<\/p>\n\n\n\n<p>A venda antecipada das fatias do bolo de Santo Ant\u00f4nio, que cont\u00e9m algumas medalhas do Santo Casamenteiro, est\u00e1 sendo feita na secretaria da par\u00f3quia ou ap\u00f3s as missas. O peda\u00e7o de bolo deve ser retirado no dia 13 de junho.<\/p>\n\n\n<div class=\"wp-block-image\">\n<figure class=\"aligncenter size-full is-resized\"><img loading=\"lazy\" decoding=\"async\" src=\"https:\/\/tvtecjundiai.com.br\/news\/wp-content\/uploads\/sites\/2\/2023\/05\/Jundiai-Celebracoes-e-receitas-tradicionais-marcam-a-59a-Festa-de-Santo-Antonio6-1024x576-1.jpg\" alt=\"\" class=\"wp-image-109941\" width=\"720\" height=\"405\" srcset=\"https:\/\/tvtecjundiai.com.br\/news\/wp-content\/uploads\/sites\/2\/2023\/05\/Jundiai-Celebracoes-e-receitas-tradicionais-marcam-a-59a-Festa-de-Santo-Antonio6-1024x576-1.jpg 1024w, https:\/\/tvtecjundiai.com.br\/news\/wp-content\/uploads\/sites\/2\/2023\/05\/Jundiai-Celebracoes-e-receitas-tradicionais-marcam-a-59a-Festa-de-Santo-Antonio6-1024x576-1-300x169.jpg 300w, https:\/\/tvtecjundiai.com.br\/news\/wp-content\/uploads\/sites\/2\/2023\/05\/Jundiai-Celebracoes-e-receitas-tradicionais-marcam-a-59a-Festa-de-Santo-Antonio6-1024x576-1-768x432.jpg 768w\" sizes=\"auto, (max-width: 720px) 100vw, 720px\" \/><\/figure>\n<\/div>\n\n\n<p><\/p>\n\n\n\n<p>Nos fins de semana, \u00e0 noite o card\u00e1pio da festa tem op\u00e7\u00f5es diversas como por\u00e7\u00f5es, lanches de churrasco e pernil, pastel, salsich\u00e3o, doces, quent\u00e3o e outras del\u00edcias. Aos domingos, as op\u00e7\u00f5es especiais para o almo\u00e7o s\u00e3o macarr\u00e3o, nhoque, risoto, frango frito, batata e polenta frita, doces e bebidas.<\/p>\n\n\n\n<p>Mais informa\u00e7\u00f5es podem ser obtidas pelo telefone da par\u00f3quia: (11) 4521-3555.<\/p>\n\n\n\n<p><strong><em>(Fonte: TVTEC Jundia\u00ed\/Imagens: Divulga\u00e7\u00e3o\/Par\u00f3quia Santo Ant\u00f4nio)<\/em><\/strong><\/p>\n","protected":false},"excerpt":{"rendered":"<p>J\u00e1 est\u00e3o sendo vendidas antecipadamente as fatias de bolo do Santo Casamenteiro<\/p>\n","protected":false},"author":30,"featured_media":109940,"comment_status":"closed","ping_status":"0","sticky":false,"template":"","format":"standard","meta":{"footnotes":""},"categories":[6309,8356,8354,1],"tags":[],"class_list":["post-110253","post","type-post","status-publish","format-standard","has-post-thumbnail","hentry","category-gastronomia","category-jundiai","category-lazer","category-noticias"],"_links":{"self":[{"href":"https:\/\/tvtecjundiai.com.br\/news\/wp-json\/wp\/v2\/posts\/110253","targetHints":{"allow":["GET"]}}],"collection":[{"href":"https:\/\/tvtecjundiai.com.br\/news\/wp-json\/wp\/v2\/posts"}],"about":[{"href":"https:\/\/tvtecjundiai.com.br\/news\/wp-json\/wp\/v2\/types\/post"}],"author":[{"embeddable":true,"href":"https:\/\/tvtecjundiai.com.br\/news\/wp-json\/wp\/v2\/users\/30"}],"replies":[{"embeddable":true,"href":"https:\/\/tvtecjundiai.com.br\/news\/wp-json\/wp\/v2\/comments?post=110253"}],"version-history":[{"count":1,"href":"https:\/\/tvtecjundiai.com.br\/news\/wp-json\/wp\/v2\/posts\/110253\/revisions"}],"predecessor-version":[{"id":110254,"href":"https:\/\/tvtecjundiai.com.br\/news\/wp-json\/wp\/v2\/posts\/110253\/revisions\/110254"}],"wp:featuredmedia":[{"embeddable":true,"href":"https:\/\/tvtecjundiai.com.br\/news\/wp-json\/wp\/v2\/media\/109940"}],"wp:attachment":[{"href":"https:\/\/tvtecjundiai.com.br\/news\/wp-json\/wp\/v2\/media?parent=110253"}],"wp:term":[{"taxonomy":"category","embeddable":true,"href":"https:\/\/tvtecjundiai.com.br\/news\/wp-json\/wp\/v2\/categories?post=110253"},{"taxonomy":"post_tag","embeddable":true,"href":"https:\/\/tvtecjundiai.com.br\/news\/wp-json\/wp\/v2\/tags?post=110253"}],"curies":[{"name":"wp","href":"https:\/\/api.w.org\/{rel}","templated":true}]}}