{"id":110258,"date":"2023-06-02T11:58:16","date_gmt":"2023-06-02T14:58:16","guid":{"rendered":"https:\/\/tvtecjundiai.com.br\/news\/?p=110258"},"modified":"2023-06-02T11:58:19","modified_gmt":"2023-06-02T14:58:19","slug":"prefeitura-promove-1-encontro-sobre-revitalizacao-ecologica","status":"publish","type":"post","link":"https:\/\/tvtecjundiai.com.br\/news\/2023\/06\/02\/prefeitura-promove-1-encontro-sobre-revitalizacao-ecologica\/","title":{"rendered":"Prefeitura promove 1\u00b0 Encontro sobre Revitaliza\u00e7\u00e3o Ecol\u00f3gica"},"content":{"rendered":"\n<p>O Departamento de Parques, Jardins e Pra\u00e7as (DPJP) da Prefeitura de Jundia\u00ed, ligado \u00e0 Unidade de Gest\u00e3o de Infraestrutura e Servi\u00e7os P\u00fablicos (UGISP), &nbsp;promoveu o 1\u00b0 Encontro sobre Revitaliza\u00e7\u00e3o Ecol\u00f3gica, nesta quinta-feira (01). O evento foi realizado na Unidade de Desenvolvimento Ambiental (UNIDAM) e faz parte das comemora\u00e7\u00f5es da Semana do Meio Ambiente.<\/p>\n\n\n\n<p>O encontro teve como objetivo o incentivo a pautas ambientais e a promo\u00e7\u00e3o da biodiversidade. Durante todo o dia foram ministradas palestras com os temas: Restaura\u00e7\u00e3o Ecol\u00f3gica de Ecossistemas: Conceitos e Aplica\u00e7\u00f5es; Enriquecimento Vegetal e Produ\u00e7\u00e3o de Floradas; Aspectos Gerais da Legisla\u00e7\u00e3o Ambiental na Propriedade Rural; Biologia da Conserva\u00e7\u00e3o e Ecologia da Paisagem; Conserva\u00e7\u00e3o de Plantas e o Papel dos Jardins Bot\u00e2nicos. O evento reuniu pesquisadores, acad\u00eamicos e integrantes da sociedade civil de Jundia\u00ed e regi\u00e3o.<\/p>\n\n\n\n<figure class=\"wp-block-gallery has-nested-images columns-default is-cropped wp-block-gallery-1 is-layout-flex wp-block-gallery-is-layout-flex\">\n<figure class=\"wp-block-image size-large\"><img loading=\"lazy\" decoding=\"async\" width=\"1175\" height=\"960\" data-id=\"110260\" src=\"https:\/\/tvtecjundiai.com.br\/news\/wp-content\/uploads\/sites\/2\/2023\/06\/img_5512-4-1175x960-1.jpg\" alt=\"\" class=\"wp-image-110260\" srcset=\"https:\/\/tvtecjundiai.com.br\/news\/wp-content\/uploads\/sites\/2\/2023\/06\/img_5512-4-1175x960-1.jpg 1175w, https:\/\/tvtecjundiai.com.br\/news\/wp-content\/uploads\/sites\/2\/2023\/06\/img_5512-4-1175x960-1-300x245.jpg 300w, https:\/\/tvtecjundiai.com.br\/news\/wp-content\/uploads\/sites\/2\/2023\/06\/img_5512-4-1175x960-1-768x627.jpg 768w\" sizes=\"auto, (max-width: 1175px) 100vw, 1175px\" \/><figcaption class=\"wp-element-caption\">Gestor Adilson Rosa compareceu \u00e0 abertura do Encontro<\/figcaption><\/figure>\n\n\n\n<figure class=\"wp-block-image size-large\"><img loading=\"lazy\" decoding=\"async\" width=\"1200\" height=\"900\" data-id=\"110259\" src=\"https:\/\/tvtecjundiai.com.br\/news\/wp-content\/uploads\/sites\/2\/2023\/06\/whatsapp-image-2023-06-01-at-16-19-51-1280x960-1-1200x900.jpeg\" alt=\"\" class=\"wp-image-110259\" srcset=\"https:\/\/tvtecjundiai.com.br\/news\/wp-content\/uploads\/sites\/2\/2023\/06\/whatsapp-image-2023-06-01-at-16-19-51-1280x960-1-1200x900.jpeg 1200w, https:\/\/tvtecjundiai.com.br\/news\/wp-content\/uploads\/sites\/2\/2023\/06\/whatsapp-image-2023-06-01-at-16-19-51-1280x960-1-300x225.jpeg 300w, https:\/\/tvtecjundiai.com.br\/news\/wp-content\/uploads\/sites\/2\/2023\/06\/whatsapp-image-2023-06-01-at-16-19-51-1280x960-1-768x576.jpeg 768w, https:\/\/tvtecjundiai.com.br\/news\/wp-content\/uploads\/sites\/2\/2023\/06\/whatsapp-image-2023-06-01-at-16-19-51-1280x960-1.jpeg 1280w\" sizes=\"auto, (max-width: 1200px) 100vw, 1200px\" \/><figcaption class=\"wp-element-caption\">Thiago Pires foi o organizador do evento sobre revitaliza\u00e7\u00e3o ecol\u00f3gica<\/figcaption><\/figure>\n<\/figure>\n\n\n\n<p>\u201cSegundo o F\u00f3rum Econ\u00f4mico Mundial, a perda da biodiversidade e as mudan\u00e7as clim\u00e1ticas s\u00e3o fatores que causar\u00e3o diversos preju\u00edzos, inclusive econ\u00f4micos, para a popula\u00e7\u00e3o. Esse encontro \u00e9 uma forma de trazer o assunto \u00e0 tona, uma vez que as pautas de preserva\u00e7\u00e3o ambiental e revitaliza\u00e7\u00e3o ecol\u00f3gica devem ser debatidas de forma ampla e urgente\u201d, comenta o organizador do encontro e Engenheiro Florestal do Jardim Bot\u00e2nico de Jundia\u00ed, que est\u00e1 ligado ao DPJP, Thiago Pinto Pires.<\/p>\n\n\n\n<p>O Gestor de Infraestrutura e Servi\u00e7os P\u00fablicos, Adilson Rosa, compareceu ao evento e ressaltou o protagonismo de Jundia\u00ed em pautas ambientais que podem reverberar em toda a regi\u00e3o. \u201cA preocupa\u00e7\u00e3o com o meio ambiente \u00e9 uma das marcas da gest\u00e3o de Jundia\u00ed e est\u00e1 em conson\u00e2ncia com as pol\u00edticas voltadas \u00e0 inf\u00e2ncia. As a\u00e7\u00f5es de preserva\u00e7\u00e3o devem ser iniciadas agora para que a repercuss\u00e3o no futuro seja positiva e tenhamos um mundo com mais qualidade de vida\u201d, afirma o gestor.<\/p>\n\n\n\n<p>O diretor do Departamento de Parques, Jardins e Pra\u00e7as, Rudislei Santos, tamb\u00e9m esteve presente no encontro.<\/p>\n\n\n\n<p><strong><em>Fonte \/ Imagem: Prefeitura de Jundia\u00ed<\/em><\/strong><\/p>\n","protected":false},"excerpt":{"rendered":"<p>O encontro teve como objetivo o incentivo a pautas ambientais e a promo\u00e7\u00e3o da biodiversidade<\/p>\n","protected":false},"author":30,"featured_media":110259,"comment_status":"closed","ping_status":"0","sticky":false,"template":"","format":"standard","meta":{"footnotes":""},"categories":[8391,8356,1],"tags":[],"class_list":["post-110258","post","type-post","status-publish","format-standard","has-post-thumbnail","hentry","category-infraestrutura","category-jundiai","category-noticias"],"_links":{"self":[{"href":"https:\/\/tvtecjundiai.com.br\/news\/wp-json\/wp\/v2\/posts\/110258","targetHints":{"allow":["GET"]}}],"collection":[{"href":"https:\/\/tvtecjundiai.com.br\/news\/wp-json\/wp\/v2\/posts"}],"about":[{"href":"https:\/\/tvtecjundiai.com.br\/news\/wp-json\/wp\/v2\/types\/post"}],"author":[{"embeddable":true,"href":"https:\/\/tvtecjundiai.com.br\/news\/wp-json\/wp\/v2\/users\/30"}],"replies":[{"embeddable":true,"href":"https:\/\/tvtecjundiai.com.br\/news\/wp-json\/wp\/v2\/comments?post=110258"}],"version-history":[{"count":1,"href":"https:\/\/tvtecjundiai.com.br\/news\/wp-json\/wp\/v2\/posts\/110258\/revisions"}],"predecessor-version":[{"id":110261,"href":"https:\/\/tvtecjundiai.com.br\/news\/wp-json\/wp\/v2\/posts\/110258\/revisions\/110261"}],"wp:featuredmedia":[{"embeddable":true,"href":"https:\/\/tvtecjundiai.com.br\/news\/wp-json\/wp\/v2\/media\/110259"}],"wp:attachment":[{"href":"https:\/\/tvtecjundiai.com.br\/news\/wp-json\/wp\/v2\/media?parent=110258"}],"wp:term":[{"taxonomy":"category","embeddable":true,"href":"https:\/\/tvtecjundiai.com.br\/news\/wp-json\/wp\/v2\/categories?post=110258"},{"taxonomy":"post_tag","embeddable":true,"href":"https:\/\/tvtecjundiai.com.br\/news\/wp-json\/wp\/v2\/tags?post=110258"}],"curies":[{"name":"wp","href":"https:\/\/api.w.org\/{rel}","templated":true}]}}