{"id":110265,"date":"2023-06-02T14:37:01","date_gmt":"2023-06-02T17:37:01","guid":{"rendered":"https:\/\/tvtecjundiai.com.br\/news\/?p=110265"},"modified":"2023-06-02T14:37:02","modified_gmt":"2023-06-02T17:37:02","slug":"tres-duplas-com-brasileiros-se-classificam-as-oitavas-de-roland-garros","status":"publish","type":"post","link":"https:\/\/tvtecjundiai.com.br\/news\/2023\/06\/02\/tres-duplas-com-brasileiros-se-classificam-as-oitavas-de-roland-garros\/","title":{"rendered":"Tr\u00eas duplas com brasileiros se classificam \u00e0s oitavas de Roland Garros"},"content":{"rendered":"\n<p>O t\u00eanis brasileiro emplacou nesta quinta-feira (2) mais tr\u00eas duplas nas oitavas de final do torneio de Roland Garros, em Paris (Fran\u00e7a). Ap\u00f3s avan\u00e7arem ontem (1\u00ba) nas parcerias mistas, Luisa Stefani e Rafael Matos voltaram a vencer hoje, nas disputas feminina e masculina, respectivamente. Quem tamb\u00e9m se classificou no saibro parisiense foi a parceria do mineiro Marcelo Melo com o brit\u00e2nico John Peers.<img decoding=\"async\" src=\"https:\/\/agenciabrasil.ebc.com.br\/ebc.png?id=1536659&amp;o=node\"><img decoding=\"async\" src=\"https:\/\/agenciabrasil.ebc.com.br\/ebc.gif?id=1536659&amp;o=node\"><\/p>\n\n\n\n<p>Jogando ao lado da&nbsp;canadense Gabriela Dabrowski, a paulista Stefani venceu de virada a polonesa Katarzyna Piter e a h\u00fangara Dalma Galfi por 2 sets a 1. Ap\u00f3s rev\u00e9s no primeiro set por 4\/6, a dupla da brasileira reagiu, ganhou a parcial seguinte por 6\/2 e for\u00e7ou a realiza\u00e7\u00e3o da terceira parcial. Luisa e Gaby&nbsp;novamente ficaram atr\u00e1s no placar: perdiam por 3 a 0 e as rivais chegaram a ter o&nbsp;<em>match-point<\/em>&nbsp;em vantagem em 5 a 4. No entanto, o dia era mesmo da parceria Brasil-Canad\u00e1 que selou a vit\u00f3ria em 7\/5. Nas oitavas \u2013 ainda sem data definida \u2013 a dupla da brasileira encara as parceiras Taylor Towsend (Estados Unidos) e Leylah Fernandez (Canad\u00e1).<\/p>\n\n\n<div class=\"wp-block-image\">\n<figure class=\"aligncenter size-full\"><img loading=\"lazy\" decoding=\"async\" width=\"1170\" height=\"700\" src=\"https:\/\/tvtecjundiai.com.br\/news\/wp-content\/uploads\/sites\/2\/2023\/06\/tenis-roland-garros.jpeg\" alt=\"\" class=\"wp-image-110266\" srcset=\"https:\/\/tvtecjundiai.com.br\/news\/wp-content\/uploads\/sites\/2\/2023\/06\/tenis-roland-garros.jpeg 1170w, https:\/\/tvtecjundiai.com.br\/news\/wp-content\/uploads\/sites\/2\/2023\/06\/tenis-roland-garros-300x179.jpeg 300w, https:\/\/tvtecjundiai.com.br\/news\/wp-content\/uploads\/sites\/2\/2023\/06\/tenis-roland-garros-768x459.jpeg 768w\" sizes=\"auto, (max-width: 1170px) 100vw, 1170px\" \/><figcaption class=\"wp-element-caption\">Foto: Divulga\u00e7\u00e3o\/WTA T\u00eanis Feminino<\/figcaption><\/figure>\n<\/div>\n\n\n<p><\/p>\n\n\n\n<p>&#8220;\u00d3tima vit\u00f3ria, duas quebras abaixo no terceiro set. Jogo foi de muitos altos e baixos. Feliz como me mantive emocionalmente nesta partida independente do que estava ocorrendo.\u00a0Primeiro set foi mais duro, no segundo jogamos melhor, nos impomos e erramos menos. No terceiro elas come\u00e7aram melhor com a Galfi batendo forte, sacando bem.\u00a0Sempre bom ganhar jogos assim duros, tanto na mista ontem (quinta) que ajudou para hoje\u201d, disse Stefani.<\/p>\n\n\n\n<p>A sexta tamb\u00e9m foi boa para a dupla luso-brasileira formada por Rafael Matos e Fernando Cabral, que venceu com facilidade, por 2 sets a 0 (6\/3 e 6\/0) a parceria do australiano Max Purcell com o norte-americano Bem Shelton. O pr\u00f3ximo desafio ser\u00e1 derrotar nas oitavas a dupla do croata Ivan Dodig com o norte-americano Austin Krajicek.<\/p>\n\n\n\n<p>Quem tamb\u00e9m vai disputar as oitavas ser\u00e1 a parceria Brasil-Inglaterra, com Melo e Peers, que eliminaram hoje a dupla do monegasco Hugo Nys com o polon\u00eas Jan Zielinsk, rec\u00e9m campe\u00e3 do Masters 1000 de Roma. \u00a0Ap\u00f3s duelo acirrado, com dura\u00e7\u00e3o de 1h44min, a dupla de Melo levou a melhor por 2 sets a 0, com parciais de 7\/6 (7-5) e 6\/4. Os pr\u00f3ximos advers\u00e1rios ser\u00e3o os cabe\u00e7as 10, o espanhol Marcel Granollers e o argentino Horacio Zeballos.<\/p>\n\n\n\n<p>&#8220;Acho que foi importante para n\u00f3s jogar de forma agressiva e usar praticamente todas as chances que tivemos. Muito contente com o resultado, a gente vem jogando muito bem. \u00c9 continuar nesse passo a passo, cada dia, cada treino, cada jogo. E valeu pela for\u00e7a aqui, com muitos brasileiros assistindo e torcendo&#8221;, comemorou o tenista mineiro.<\/p>\n\n\n\n<p><em><strong>(Fonte: Ag\u00eancia Brasil\/Imagem: Divulga\u00e7\u00e3o\/WTA T\u00eanis Feminino)<\/strong><\/em><\/p>\n","protected":false},"excerpt":{"rendered":"<p>Parcerias de Luisa Stefani, Rafael Matos e Marcelo Melo venceram nesta sexta (2)<\/p>\n","protected":false},"author":30,"featured_media":110266,"comment_status":"closed","ping_status":"0","sticky":false,"template":"","format":"standard","meta":{"footnotes":""},"categories":[2827,1],"tags":[],"class_list":["post-110265","post","type-post","status-publish","format-standard","has-post-thumbnail","hentry","category-esportes-e-lazer","category-noticias"],"_links":{"self":[{"href":"https:\/\/tvtecjundiai.com.br\/news\/wp-json\/wp\/v2\/posts\/110265","targetHints":{"allow":["GET"]}}],"collection":[{"href":"https:\/\/tvtecjundiai.com.br\/news\/wp-json\/wp\/v2\/posts"}],"about":[{"href":"https:\/\/tvtecjundiai.com.br\/news\/wp-json\/wp\/v2\/types\/post"}],"author":[{"embeddable":true,"href":"https:\/\/tvtecjundiai.com.br\/news\/wp-json\/wp\/v2\/users\/30"}],"replies":[{"embeddable":true,"href":"https:\/\/tvtecjundiai.com.br\/news\/wp-json\/wp\/v2\/comments?post=110265"}],"version-history":[{"count":1,"href":"https:\/\/tvtecjundiai.com.br\/news\/wp-json\/wp\/v2\/posts\/110265\/revisions"}],"predecessor-version":[{"id":110267,"href":"https:\/\/tvtecjundiai.com.br\/news\/wp-json\/wp\/v2\/posts\/110265\/revisions\/110267"}],"wp:featuredmedia":[{"embeddable":true,"href":"https:\/\/tvtecjundiai.com.br\/news\/wp-json\/wp\/v2\/media\/110266"}],"wp:attachment":[{"href":"https:\/\/tvtecjundiai.com.br\/news\/wp-json\/wp\/v2\/media?parent=110265"}],"wp:term":[{"taxonomy":"category","embeddable":true,"href":"https:\/\/tvtecjundiai.com.br\/news\/wp-json\/wp\/v2\/categories?post=110265"},{"taxonomy":"post_tag","embeddable":true,"href":"https:\/\/tvtecjundiai.com.br\/news\/wp-json\/wp\/v2\/tags?post=110265"}],"curies":[{"name":"wp","href":"https:\/\/api.w.org\/{rel}","templated":true}]}}