{"id":110268,"date":"2023-06-02T14:50:50","date_gmt":"2023-06-02T17:50:50","guid":{"rendered":"https:\/\/tvtecjundiai.com.br\/news\/?p=110268"},"modified":"2023-06-02T14:50:51","modified_gmt":"2023-06-02T17:50:51","slug":"empresa-brf-esta-com-vagas-de-emprego-abertas-em-jundiai-3","status":"publish","type":"post","link":"https:\/\/tvtecjundiai.com.br\/news\/2023\/06\/02\/empresa-brf-esta-com-vagas-de-emprego-abertas-em-jundiai-3\/","title":{"rendered":"Empresa BRF est\u00e1 com vagas de emprego abertas em Jundia\u00ed"},"content":{"rendered":"\n<p>A BRF, empresa multinacional brasileira do ramo aliment\u00edcio, fruto da fus\u00e3o entre Sadia e Perdig\u00e3o, est\u00e1 com vagas de emprego abertas para a unidade em Jundia\u00ed, que fica na avenida Jos\u00e9 Benassi, 1300.<\/p>\n\n\n\n<p>As oportunidades s\u00e3o para:<\/p>\n\n\n\n<ul class=\"wp-block-list\">\n<li>Aprendiz Administrativo<\/li>\n\n\n\n<li>Engenheiro Pesquisa e Desenvolvimento Junior &#8211; Tempor\u00e1ria<\/li>\n\n\n\n<li>Auxiliar Laborat\u00f3rio Central <\/li>\n\n\n\n<li>Analista de Recursos Humanos Business Partner Pleno<\/li>\n<\/ul>\n\n\n<div class=\"wp-block-image\">\n<figure class=\"aligncenter size-full is-resized\"><img loading=\"lazy\" decoding=\"async\" src=\"https:\/\/tvtecjundiai.com.br\/news\/wp-content\/uploads\/sites\/2\/2022\/11\/brf-nova-fachada-inovation-center-jundiai-768x517-1.jpg\" alt=\"\" class=\"wp-image-101014\" width=\"693\" height=\"467\" srcset=\"https:\/\/tvtecjundiai.com.br\/news\/wp-content\/uploads\/sites\/2\/2022\/11\/brf-nova-fachada-inovation-center-jundiai-768x517-1.jpg 768w, https:\/\/tvtecjundiai.com.br\/news\/wp-content\/uploads\/sites\/2\/2022\/11\/brf-nova-fachada-inovation-center-jundiai-768x517-1-300x202.jpg 300w\" sizes=\"auto, (max-width: 693px) 100vw, 693px\" \/><\/figure>\n<\/div>\n\n\n<p><\/p>\n\n\n\n<p>Os interessados podem se inscrever pelo site\u00a0<a href=\"https:\/\/www.brf-global.com\/\">https:\/\/www.brf-global.com\/<\/a>, na aba Talentos, pesquisando por \u201cJundia\u00ed\u201d.<\/p>\n\n\n\n<p>As oportunidades possuem exig\u00eancias que variam, como ensino m\u00e9dio completo, ensino superior completo (ou em andamento) e p\u00f3s-gradua\u00e7\u00e3o, cursos t\u00e9cnicos e outras viv\u00eancias.<\/p>\n\n\n\n<p><strong><em>(Fonte: TVTEC Jundia\u00ed\/Imagem: Divulga\u00e7\u00e3o)<\/em><\/strong><\/p>\n","protected":false},"excerpt":{"rendered":"<p>Oportunidades s\u00e3o para vagas de aprendiz e de efetivos<\/p>\n","protected":false},"author":30,"featured_media":101014,"comment_status":"closed","ping_status":"0","sticky":false,"template":"","format":"standard","meta":{"footnotes":""},"categories":[5038,8363,8356,1],"tags":[],"class_list":["post-110268","post","type-post","status-publish","format-standard","has-post-thumbnail","hentry","category-emprego","category-emprego-2","category-jundiai","category-noticias"],"_links":{"self":[{"href":"https:\/\/tvtecjundiai.com.br\/news\/wp-json\/wp\/v2\/posts\/110268","targetHints":{"allow":["GET"]}}],"collection":[{"href":"https:\/\/tvtecjundiai.com.br\/news\/wp-json\/wp\/v2\/posts"}],"about":[{"href":"https:\/\/tvtecjundiai.com.br\/news\/wp-json\/wp\/v2\/types\/post"}],"author":[{"embeddable":true,"href":"https:\/\/tvtecjundiai.com.br\/news\/wp-json\/wp\/v2\/users\/30"}],"replies":[{"embeddable":true,"href":"https:\/\/tvtecjundiai.com.br\/news\/wp-json\/wp\/v2\/comments?post=110268"}],"version-history":[{"count":1,"href":"https:\/\/tvtecjundiai.com.br\/news\/wp-json\/wp\/v2\/posts\/110268\/revisions"}],"predecessor-version":[{"id":110269,"href":"https:\/\/tvtecjundiai.com.br\/news\/wp-json\/wp\/v2\/posts\/110268\/revisions\/110269"}],"wp:featuredmedia":[{"embeddable":true,"href":"https:\/\/tvtecjundiai.com.br\/news\/wp-json\/wp\/v2\/media\/101014"}],"wp:attachment":[{"href":"https:\/\/tvtecjundiai.com.br\/news\/wp-json\/wp\/v2\/media?parent=110268"}],"wp:term":[{"taxonomy":"category","embeddable":true,"href":"https:\/\/tvtecjundiai.com.br\/news\/wp-json\/wp\/v2\/categories?post=110268"},{"taxonomy":"post_tag","embeddable":true,"href":"https:\/\/tvtecjundiai.com.br\/news\/wp-json\/wp\/v2\/tags?post=110268"}],"curies":[{"name":"wp","href":"https:\/\/api.w.org\/{rel}","templated":true}]}}