{"id":110276,"date":"2023-06-02T15:31:20","date_gmt":"2023-06-02T18:31:20","guid":{"rendered":"https:\/\/tvtecjundiai.com.br\/news\/?p=110276"},"modified":"2023-06-02T15:37:38","modified_gmt":"2023-06-02T18:37:38","slug":"campanha-de-inverno-ja-tem-mais-de-70-pontos-de-arrecadacao-em-jundiai","status":"publish","type":"post","link":"https:\/\/tvtecjundiai.com.br\/news\/2023\/06\/02\/campanha-de-inverno-ja-tem-mais-de-70-pontos-de-arrecadacao-em-jundiai\/","title":{"rendered":"Campanha de Inverno j\u00e1 tem mais de 70 pontos de arrecada\u00e7\u00e3o em Jundia\u00ed"},"content":{"rendered":"\n<p>Al\u00e9m da sede do Fundo Social de Solidariedade de Jundia\u00ed (Funss), que \u00e9 o ponto permanente de arrecada\u00e7\u00e3o no munic\u00edpio, a Campanha de Inverno 2023 tamb\u00e9m tem o apoio de estabelecimentos comerciais, condom\u00ednios, shoppings, \u00f3rg\u00e3os p\u00fablicos e supermercados, entre outros. At\u00e9 agora, a iniciativa conta com mais de 70 postos de coleta, em diferentes regi\u00f5es da cidade.<\/p>\n\n\n\n<p>\u201cJundia\u00ed \u00e9 uma cidade bastante solid\u00e1ria, acolhedora \u00e0s dificuldades do outro, e facilitar o acesso \u00e9 mais uma forma de incentivar a popula\u00e7\u00e3o a colaborar\u201d, explicou a primeira-dama e presidente do Funss, Vanessa Machado.<\/p>\n\n\n\n<figure class=\"wp-block-image\"><img decoding=\"async\" src=\"https:\/\/jundiai.sp.gov.br\/noticias\/wp-content\/uploads\/sites\/32\/2023\/06\/campanha-de-inverno_ponto_ricoy-gourmet-1280x854.jpg\" alt=\"\" class=\"wp-image-318890\" \/><figcaption class=\"wp-element-caption\">Em Jundia\u00ed, as lojas da Rede Vencedor Atacadista s\u00e3o pontos de coleta<\/figcaption><\/figure>\n\n\n\n<p>Parceira e amiga do Fundo Social em diversas a\u00e7\u00f5es, a rede Vencedor Atacadista, por exemplo, est\u00e1 entre as empresas apoiadoras da Campanha de Inverno. No total, quatro lojas instaladas em Jundia\u00ed participam da a\u00e7\u00e3o: Vencedor Atacadista Vila Hortol\u00e2ndia, Vencedor Atacadista Ponte S\u00e3o Jo\u00e3o, Ricoy Agapeama e Ricoy Gourmet, na avenida 14 de Dezembro. \u201cNossa miss\u00e3o vai al\u00e9m de comercializar bons produtos. N\u00f3s, enquanto iniciativa privada, tamb\u00e9m nos preocupamos em exercer o nosso papel social. Por isso, sempre que necess\u00e1rio, apoiamos o Funss porque conhecemos o trabalho realizado e temos certeza de que a doa\u00e7\u00e3o chegar\u00e1, corretamente, at\u00e9 aquele que necessita\u201d, explicou Dagoberto Marquesin, gerente regional da bandeira Vencedor Atacadista.<\/p>\n\n\n\n<p>Outro local de f\u00e1cil acesso e que tamb\u00e9m \u00e9 ponto de arrecada\u00e7\u00e3o \u00e9 o Espa\u00e7o Jundia\u00ed Empreendedora, no Maxi Shopping. A caixa de coleta est\u00e1 posicionada logo na entrada, convidando a popula\u00e7\u00e3o que passa pelo local a tamb\u00e9m compartilhar calor. \u201cA uni\u00e3o de esfor\u00e7os e a integra\u00e7\u00e3o entre as diversas Unidades de Gest\u00e3o consolidam o trabalho realizado em benef\u00edcio da popula\u00e7\u00e3o\u201d, contou Enrico Arkchimor Milamonti, diretor do Departamento de Fomento ao Com\u00e9rcio e Servi\u00e7os, da Unidade de Gest\u00e3o de Desenvolvimento Econ\u00f4mico, Ci\u00eancia e Tecnologia (UGDECT) da Prefeitura. O Jundia\u00ed Empreendedora funciona das 8h \u00e0s 17h. O endere\u00e7o \u00e9 o Piso G3 \u2013 Ala Oeste. Informa\u00e7\u00f5es: (11) 4582-8585.<\/p>\n\n\n\n<figure class=\"wp-block-image\"><img decoding=\"async\" src=\"https:\/\/jundiai.sp.gov.br\/noticias\/wp-content\/uploads\/sites\/32\/2023\/06\/campanha-de-inverno_ponto_jundiai-empreendedora-1-1280x854.jpg\" alt=\"\" class=\"wp-image-318891\" \/><figcaption class=\"wp-element-caption\">Popula\u00e7\u00e3o tamb\u00e9m pode levar as doa\u00e7\u00f5es no Espa\u00e7o Jundia\u00ed Empreendedora, no Maxi Shopping<\/figcaption><\/figure>\n\n\n\n<p>Os interessados em colaborar podem acessar o site da&nbsp;<strong><a href=\"https:\/\/jundiai.sp.gov.br\/campanhadeinvernojundiai\/\">Campanha de Inverno 2023<\/a><\/strong>&nbsp;e verificar o endere\u00e7o participante mais pr\u00f3ximo de sua resid\u00eancia. A lista com todos os locais \u00e9 atualizada, periodicamente, conforme o interesse e a ades\u00e3o de novos estabelecimentos \u00e0 a\u00e7\u00e3o.<\/p>\n\n\n\n<p>J\u00e1 o Fundo Social fica anexo ao Parque da Uva. O acesso \u00e9 pela Avenida Dona Manoela Lacerda de Vergueiro, s\/n\u00ba, port\u00e3o 3, Anhangaba\u00fa. O funcionamento \u00e9 de segunda a sexta-feira, das 8h \u00e0s 17h, exceto feriados. Informa\u00e7\u00f5es pelos telefones (11) 4589-6319 e 4589-6320.<\/p>\n\n\n\n<p><\/p>\n\n\n\n<p>Fonte \/ Imagem: Prefeitura de Jundia\u00ed <\/p>\n","protected":false},"excerpt":{"rendered":"<p>Em Jundia\u00ed, as lojas da Rede Vencedor Atacadista s\u00e3o pontos de coleta<\/p>\n","protected":false},"author":24,"featured_media":110277,"comment_status":"closed","ping_status":"0","sticky":false,"template":"","format":"standard","meta":{"footnotes":""},"categories":[8409],"tags":[],"class_list":["post-110276","post","type-post","status-publish","format-standard","has-post-thumbnail","hentry","category-funss"],"_links":{"self":[{"href":"https:\/\/tvtecjundiai.com.br\/news\/wp-json\/wp\/v2\/posts\/110276","targetHints":{"allow":["GET"]}}],"collection":[{"href":"https:\/\/tvtecjundiai.com.br\/news\/wp-json\/wp\/v2\/posts"}],"about":[{"href":"https:\/\/tvtecjundiai.com.br\/news\/wp-json\/wp\/v2\/types\/post"}],"author":[{"embeddable":true,"href":"https:\/\/tvtecjundiai.com.br\/news\/wp-json\/wp\/v2\/users\/24"}],"replies":[{"embeddable":true,"href":"https:\/\/tvtecjundiai.com.br\/news\/wp-json\/wp\/v2\/comments?post=110276"}],"version-history":[{"count":2,"href":"https:\/\/tvtecjundiai.com.br\/news\/wp-json\/wp\/v2\/posts\/110276\/revisions"}],"predecessor-version":[{"id":110279,"href":"https:\/\/tvtecjundiai.com.br\/news\/wp-json\/wp\/v2\/posts\/110276\/revisions\/110279"}],"wp:featuredmedia":[{"embeddable":true,"href":"https:\/\/tvtecjundiai.com.br\/news\/wp-json\/wp\/v2\/media\/110277"}],"wp:attachment":[{"href":"https:\/\/tvtecjundiai.com.br\/news\/wp-json\/wp\/v2\/media?parent=110276"}],"wp:term":[{"taxonomy":"category","embeddable":true,"href":"https:\/\/tvtecjundiai.com.br\/news\/wp-json\/wp\/v2\/categories?post=110276"},{"taxonomy":"post_tag","embeddable":true,"href":"https:\/\/tvtecjundiai.com.br\/news\/wp-json\/wp\/v2\/tags?post=110276"}],"curies":[{"name":"wp","href":"https:\/\/api.w.org\/{rel}","templated":true}]}}