{"id":110281,"date":"2023-06-02T17:08:17","date_gmt":"2023-06-02T20:08:17","guid":{"rendered":"https:\/\/tvtecjundiai.com.br\/news\/?p=110281"},"modified":"2023-06-02T17:08:18","modified_gmt":"2023-06-02T20:08:18","slug":"encerramento-do-maio-amarelo-e-marcado-por-homenagens-a-criancas-e-parceiros","status":"publish","type":"post","link":"https:\/\/tvtecjundiai.com.br\/news\/2023\/06\/02\/encerramento-do-maio-amarelo-e-marcado-por-homenagens-a-criancas-e-parceiros\/","title":{"rendered":"Encerramento do Maio Amarelo \u00e9 marcado por homenagens a crian\u00e7as e parceiros"},"content":{"rendered":"\n<p>O acolhimento e a mobiliza\u00e7\u00e3o da popula\u00e7\u00e3o e de organiza\u00e7\u00f5es nas a\u00e7\u00f5es do Maio Amarelo deste ano foram celebradas em uma cerim\u00f4nia de encerramento com homenagens, nesta sexta-feira (02), no audit\u00f3rio do Ciesp, em Jundia\u00ed. Se a programa\u00e7\u00e3o com diversas atividades contou com mais de 470 mil pessoas impactadas foi gra\u00e7as \u00e0 contribui\u00e7\u00e3o de crian\u00e7as e de parceiros, al\u00e9m dos mun\u00edcipes que receberam as equipes da Unidade de Gest\u00e3o de Mobilidade e Transporte (UGMT) com muita empatia.<\/p>\n\n\n\n<p>Entre os homenageados est\u00e3o representantes das Unidades Gestoras da Prefeitura de Jundia\u00ed, empresas, Comit\u00ea das Crian\u00e7as, For\u00e7as de Seguran\u00e7a, organiza\u00e7\u00f5es e alunos de escolas municipais, que participaram do Concurso de Desenho. \u201cA Educa\u00e7\u00e3o para o Tr\u00e2nsito e a gest\u00e3o da Mobilidade s\u00e3o organizadas pela UGMT, por\u00e9m, contamos com a participa\u00e7\u00e3o integrada da comunidade. Algumas pessoas e institui\u00e7\u00f5es foram homenageadas, mas, o agradecimento se estende a milhares de pessoas que nos acolheram e acolhem em prol do tr\u00e2nsito seguro para preservar vidas\u201d, comenta o gestor de Mobilidade e Transporte, Aloysio Queiroz.<\/p>\n\n\n<div class=\"wp-block-image\">\n<figure class=\"aligncenter size-large\"><img loading=\"lazy\" decoding=\"async\" width=\"1200\" height=\"726\" src=\"https:\/\/tvtecjundiai.com.br\/news\/wp-content\/uploads\/sites\/2\/2023\/06\/encerramento-maio-amarelo-com-homenagens-1280x774-1-1200x726.jpg\" alt=\"\" class=\"wp-image-110282\" srcset=\"https:\/\/tvtecjundiai.com.br\/news\/wp-content\/uploads\/sites\/2\/2023\/06\/encerramento-maio-amarelo-com-homenagens-1280x774-1-1200x726.jpg 1200w, https:\/\/tvtecjundiai.com.br\/news\/wp-content\/uploads\/sites\/2\/2023\/06\/encerramento-maio-amarelo-com-homenagens-1280x774-1-300x181.jpg 300w, https:\/\/tvtecjundiai.com.br\/news\/wp-content\/uploads\/sites\/2\/2023\/06\/encerramento-maio-amarelo-com-homenagens-1280x774-1-768x464.jpg 768w, https:\/\/tvtecjundiai.com.br\/news\/wp-content\/uploads\/sites\/2\/2023\/06\/encerramento-maio-amarelo-com-homenagens-1280x774-1.jpg 1280w\" sizes=\"auto, (max-width: 1200px) 100vw, 1200px\" \/><figcaption class=\"wp-element-caption\">Crian\u00e7as e parceiros receberam homenagens pela contribui\u00e7\u00e3o para o tr\u00e2nsito seguro<\/figcaption><\/figure>\n<\/div>\n\n\n<p>O vereador Marcelo Gastaldo, autor da Lei 8.646\/2016, que instituiu oficialmente o Maio Amarelo em Jundia\u00ed, comentou sobre a import\u00e2ncia de um comportamento respons\u00e1vel no tr\u00e2nsito. \u201c\u00c9 importante que todos tenham a consci\u00eancia dos riscos, e que seja promovida uma mudan\u00e7a de comportamento para diminuir as mortes no tr\u00e2nsito.\u201d<\/p>\n\n\n\n<p>No Maio Amarelo foram realizadas mais de 100 a\u00e7\u00f5es, com 464.780 pessoas impactadas, al\u00e9m de mais de 10 mil pessoas nas publica\u00e7\u00f5es das redes sociais da Prefeitura.<\/p>\n\n\n<div class=\"wp-block-image\">\n<figure class=\"aligncenter size-large\"><img loading=\"lazy\" decoding=\"async\" width=\"1200\" height=\"713\" src=\"https:\/\/tvtecjundiai.com.br\/news\/wp-content\/uploads\/sites\/2\/2023\/06\/encerramento-maio-amarelo-1280x760-1-1200x713.jpg\" alt=\"\" class=\"wp-image-110283\" srcset=\"https:\/\/tvtecjundiai.com.br\/news\/wp-content\/uploads\/sites\/2\/2023\/06\/encerramento-maio-amarelo-1280x760-1-1200x713.jpg 1200w, https:\/\/tvtecjundiai.com.br\/news\/wp-content\/uploads\/sites\/2\/2023\/06\/encerramento-maio-amarelo-1280x760-1-300x178.jpg 300w, https:\/\/tvtecjundiai.com.br\/news\/wp-content\/uploads\/sites\/2\/2023\/06\/encerramento-maio-amarelo-1280x760-1-768x456.jpg 768w, https:\/\/tvtecjundiai.com.br\/news\/wp-content\/uploads\/sites\/2\/2023\/06\/encerramento-maio-amarelo-1280x760-1.jpg 1280w\" sizes=\"auto, (max-width: 1200px) 100vw, 1200px\" \/><figcaption class=\"wp-element-caption\">EM 2023, mais de 470 mil pessoas foram impactadas pelas a\u00e7\u00f5es do Maio Amarelo<\/figcaption><\/figure>\n<\/div>\n\n\n<p>A Educa\u00e7\u00e3o para o Tr\u00e2nsito \u00e9 realizada o ano todo. Al\u00e9m disso, Jundia\u00ed tem o compromisso de reduzir em 50% as mortes no tr\u00e2nsito at\u00e9 2030, uma meta estabelecida pelo programa Vis\u00e3o Zero, o qual o munic\u00edpio aderiu a exemplo de outros pa\u00edses no mundo, para a gest\u00e3o de a\u00e7\u00f5es e projetos de mobilidade que preservem a vida. \u201cAtuamos para estimular o comportamento seguro nos adultos, e com atividades l\u00fadicas para as crian\u00e7as aprenderem sobre a seguran\u00e7a no tr\u00e2nsito. S\u00e3o a\u00e7\u00f5es importantes capazes de proporcionar empatia, uni\u00e3o e o bem-estar de todos\u201d, explica a coordenadora da Divis\u00e3o de Educa\u00e7\u00e3o para o Tr\u00e2nsito da UGMT, Juliana Maia.<\/p>\n\n\n<div class=\"wp-block-image\">\n<figure class=\"aligncenter size-large\"><img loading=\"lazy\" decoding=\"async\" width=\"1200\" height=\"704\" src=\"https:\/\/tvtecjundiai.com.br\/news\/wp-content\/uploads\/sites\/2\/2023\/06\/equipe-ugmt-encerramento-maio-amarelo-2-1280x751-1-1200x704.jpg\" alt=\"\" class=\"wp-image-110284\" srcset=\"https:\/\/tvtecjundiai.com.br\/news\/wp-content\/uploads\/sites\/2\/2023\/06\/equipe-ugmt-encerramento-maio-amarelo-2-1280x751-1-1200x704.jpg 1200w, https:\/\/tvtecjundiai.com.br\/news\/wp-content\/uploads\/sites\/2\/2023\/06\/equipe-ugmt-encerramento-maio-amarelo-2-1280x751-1-300x176.jpg 300w, https:\/\/tvtecjundiai.com.br\/news\/wp-content\/uploads\/sites\/2\/2023\/06\/equipe-ugmt-encerramento-maio-amarelo-2-1280x751-1-768x451.jpg 768w, https:\/\/tvtecjundiai.com.br\/news\/wp-content\/uploads\/sites\/2\/2023\/06\/equipe-ugmt-encerramento-maio-amarelo-2-1280x751-1.jpg 1280w\" sizes=\"auto, (max-width: 1200px) 100vw, 1200px\" \/><figcaption class=\"wp-element-caption\">Sucesso de a\u00e7\u00f5es foram devido \u00e0 receptividade e empatia da popula\u00e7\u00e3o com equipes da UGMT<\/figcaption><\/figure>\n<\/div>\n\n\n<p><strong><em>Fonte \/ Imagem: Prefeitura de Jundia\u00ed<\/em><\/strong><\/p>\n","protected":false},"excerpt":{"rendered":"<p>Sucesso de a\u00e7\u00f5es foram devido \u00e0 receptividade e empatia da popula\u00e7\u00e3o com equipes da UGMT<\/p>\n","protected":false},"author":30,"featured_media":110284,"comment_status":"closed","ping_status":"0","sticky":false,"template":"","format":"standard","meta":{"footnotes":""},"categories":[8356,1,6151],"tags":[],"class_list":["post-110281","post","type-post","status-publish","format-standard","has-post-thumbnail","hentry","category-jundiai","category-noticias","category-transito"],"_links":{"self":[{"href":"https:\/\/tvtecjundiai.com.br\/news\/wp-json\/wp\/v2\/posts\/110281","targetHints":{"allow":["GET"]}}],"collection":[{"href":"https:\/\/tvtecjundiai.com.br\/news\/wp-json\/wp\/v2\/posts"}],"about":[{"href":"https:\/\/tvtecjundiai.com.br\/news\/wp-json\/wp\/v2\/types\/post"}],"author":[{"embeddable":true,"href":"https:\/\/tvtecjundiai.com.br\/news\/wp-json\/wp\/v2\/users\/30"}],"replies":[{"embeddable":true,"href":"https:\/\/tvtecjundiai.com.br\/news\/wp-json\/wp\/v2\/comments?post=110281"}],"version-history":[{"count":1,"href":"https:\/\/tvtecjundiai.com.br\/news\/wp-json\/wp\/v2\/posts\/110281\/revisions"}],"predecessor-version":[{"id":110285,"href":"https:\/\/tvtecjundiai.com.br\/news\/wp-json\/wp\/v2\/posts\/110281\/revisions\/110285"}],"wp:featuredmedia":[{"embeddable":true,"href":"https:\/\/tvtecjundiai.com.br\/news\/wp-json\/wp\/v2\/media\/110284"}],"wp:attachment":[{"href":"https:\/\/tvtecjundiai.com.br\/news\/wp-json\/wp\/v2\/media?parent=110281"}],"wp:term":[{"taxonomy":"category","embeddable":true,"href":"https:\/\/tvtecjundiai.com.br\/news\/wp-json\/wp\/v2\/categories?post=110281"},{"taxonomy":"post_tag","embeddable":true,"href":"https:\/\/tvtecjundiai.com.br\/news\/wp-json\/wp\/v2\/tags?post=110281"}],"curies":[{"name":"wp","href":"https:\/\/api.w.org\/{rel}","templated":true}]}}