{"id":110286,"date":"2023-06-02T17:09:17","date_gmt":"2023-06-02T20:09:17","guid":{"rendered":"https:\/\/tvtecjundiai.com.br\/news\/?p=110286"},"modified":"2023-06-02T17:09:18","modified_gmt":"2023-06-02T20:09:18","slug":"processo-seletivo-no-jundiai-empreendedora-oferece-50-vagas-de-emprego-nesta-segunda-5","status":"publish","type":"post","link":"https:\/\/tvtecjundiai.com.br\/news\/2023\/06\/02\/processo-seletivo-no-jundiai-empreendedora-oferece-50-vagas-de-emprego-nesta-segunda-5\/","title":{"rendered":"Processo seletivo no Jundia\u00ed Empreendedora oferece 50 vagas de emprego nesta segunda (5)"},"content":{"rendered":"\n<p>Em parceria com a Unidade de Desenvolvimento Econ\u00f4mico, Ci\u00eancia e Tecnologia (UGDECT), por meio do portal Jundia\u00ed Empreendedora, a empresa Inservice Facilities LGM realiza nesta segunda-feira (5) um processo seletivo para 50 vagas de jardinagem, limpeza e portaria. A sele\u00e7\u00e3o come\u00e7a \u00e0s 9h, no Espa\u00e7o Jundia\u00ed Empreendedora, no Maxi Shopping (avenida Ant\u00f4nio Frederico Ozanan, 6000, Vila Rio Branco \u2013 Piso G3\/Ala Oeste).<\/p>\n\n\n\n<p>Os interessados devem cadastrar o curr\u00edculo&nbsp;<a rel=\"noreferrer noopener\" href=\"https:\/\/negocios.jundiai.sp.gov.br\/\" target=\"_blank\">no Portal Jundia\u00ed Empreendedora<\/a>&nbsp;e candidatar-se \u00e0 vaga. Ap\u00f3s o cadastro, o candidato deve se dirigir ao Espa\u00e7o Jundia\u00ed Empreendedora com documentos pessoais e curr\u00edculo.<\/p>\n\n\n<div class=\"wp-block-image\">\n<figure class=\"aligncenter size-large\"><img loading=\"lazy\" decoding=\"async\" width=\"1200\" height=\"800\" src=\"https:\/\/tvtecjundiai.com.br\/news\/wp-content\/uploads\/sites\/2\/2023\/06\/jundiai-empreendedora-carteia-de-trabalho_fm_-42-1280x853-1-1200x800.jpg\" alt=\"\" class=\"wp-image-110287\" srcset=\"https:\/\/tvtecjundiai.com.br\/news\/wp-content\/uploads\/sites\/2\/2023\/06\/jundiai-empreendedora-carteia-de-trabalho_fm_-42-1280x853-1-1200x800.jpg 1200w, https:\/\/tvtecjundiai.com.br\/news\/wp-content\/uploads\/sites\/2\/2023\/06\/jundiai-empreendedora-carteia-de-trabalho_fm_-42-1280x853-1-300x200.jpg 300w, https:\/\/tvtecjundiai.com.br\/news\/wp-content\/uploads\/sites\/2\/2023\/06\/jundiai-empreendedora-carteia-de-trabalho_fm_-42-1280x853-1-768x512.jpg 768w, https:\/\/tvtecjundiai.com.br\/news\/wp-content\/uploads\/sites\/2\/2023\/06\/jundiai-empreendedora-carteia-de-trabalho_fm_-42-1280x853-1.jpg 1280w\" sizes=\"auto, (max-width: 1200px) 100vw, 1200px\" \/><figcaption class=\"wp-element-caption\">Vagas s\u00e3o para \u00e1reas de jardinagem, limpeza e portaria pela Inservice Facilities LGM<\/figcaption><\/figure>\n<\/div>\n\n\n<p>A empresa que quiser realizar o processo seletivo no Espa\u00e7o Jundia\u00ed Empreendedora pode realizzar o agendamento pelo portal ou no telefone 4582-8585.<\/p>\n\n\n\n<p><strong>Servi\u00e7o:<\/strong><\/p>\n\n\n\n<p>Processo seletivo vagas de emprego Inservice Facilities LGM<\/p>\n\n\n\n<p><strong>Vagas:<\/strong>&nbsp;50 vagas<\/p>\n\n\n\n<p><strong>Cargos:<\/strong>&nbsp;Jardinagem, Limpeza e Portaria<\/p>\n\n\n\n<p><strong>Data :<\/strong>&nbsp;05\/06 \u2013 segunda<\/p>\n\n\n\n<p><strong>Hor\u00e1rio:<\/strong>\u00a0A partir das 9h<\/p>\n\n\n\n<p><strong><em>Fonte \/ Imagem: Prefeitura de Jundia\u00ed<\/em><\/strong><\/p>\n","protected":false},"excerpt":{"rendered":"<p>Vagas s\u00e3o para \u00e1reas de jardinagem, limpeza e portaria pela Inservice Facilities LGM<\/p>\n","protected":false},"author":30,"featured_media":110287,"comment_status":"closed","ping_status":"0","sticky":false,"template":"","format":"standard","meta":{"footnotes":""},"categories":[8363,8356,1],"tags":[],"class_list":["post-110286","post","type-post","status-publish","format-standard","has-post-thumbnail","hentry","category-emprego-2","category-jundiai","category-noticias"],"_links":{"self":[{"href":"https:\/\/tvtecjundiai.com.br\/news\/wp-json\/wp\/v2\/posts\/110286","targetHints":{"allow":["GET"]}}],"collection":[{"href":"https:\/\/tvtecjundiai.com.br\/news\/wp-json\/wp\/v2\/posts"}],"about":[{"href":"https:\/\/tvtecjundiai.com.br\/news\/wp-json\/wp\/v2\/types\/post"}],"author":[{"embeddable":true,"href":"https:\/\/tvtecjundiai.com.br\/news\/wp-json\/wp\/v2\/users\/30"}],"replies":[{"embeddable":true,"href":"https:\/\/tvtecjundiai.com.br\/news\/wp-json\/wp\/v2\/comments?post=110286"}],"version-history":[{"count":1,"href":"https:\/\/tvtecjundiai.com.br\/news\/wp-json\/wp\/v2\/posts\/110286\/revisions"}],"predecessor-version":[{"id":110288,"href":"https:\/\/tvtecjundiai.com.br\/news\/wp-json\/wp\/v2\/posts\/110286\/revisions\/110288"}],"wp:featuredmedia":[{"embeddable":true,"href":"https:\/\/tvtecjundiai.com.br\/news\/wp-json\/wp\/v2\/media\/110287"}],"wp:attachment":[{"href":"https:\/\/tvtecjundiai.com.br\/news\/wp-json\/wp\/v2\/media?parent=110286"}],"wp:term":[{"taxonomy":"category","embeddable":true,"href":"https:\/\/tvtecjundiai.com.br\/news\/wp-json\/wp\/v2\/categories?post=110286"},{"taxonomy":"post_tag","embeddable":true,"href":"https:\/\/tvtecjundiai.com.br\/news\/wp-json\/wp\/v2\/tags?post=110286"}],"curies":[{"name":"wp","href":"https:\/\/api.w.org\/{rel}","templated":true}]}}