{"id":110289,"date":"2023-06-02T17:14:05","date_gmt":"2023-06-02T20:14:05","guid":{"rendered":"https:\/\/tvtecjundiai.com.br\/news\/?p=110289"},"modified":"2023-06-02T17:14:06","modified_gmt":"2023-06-02T20:14:06","slug":"show-com-cantora-italiana-no-polytheama-festeja-o-dia-do-cidadao-italo-jundiaiense","status":"publish","type":"post","link":"https:\/\/tvtecjundiai.com.br\/news\/2023\/06\/02\/show-com-cantora-italiana-no-polytheama-festeja-o-dia-do-cidadao-italo-jundiaiense\/","title":{"rendered":"Show com cantora italiana no Polytheama festeja o Dia do Cidad\u00e3o \u00cdtalo-jundiaiense"},"content":{"rendered":"\n<p>A Festa da Rep\u00fablica na It\u00e1lia, comemorado no dia 02 de junho, tamb\u00e9m \u00e9 marcada em Jundia\u00ed pelo Dia do Cidad\u00e3o \u00cdtalo-jundiaiense, data estipulada pela lei n\u00ba 5.004\/1997, a fim de homenagear a influ\u00eancia daquele Pa\u00eds e de seus imigrantes e descendentes no Munic\u00edpio.<\/p>\n\n\n\n<p>Este ano, as comemora\u00e7\u00f5es em Jundia\u00ed deram-se j\u00e1 na v\u00e9spera, na noite dessa quinta-feira (01), com um show gratuito no Teatro Polytheama, com a cantora italiana Laila Al Habash e sua banda. Em parceria com a Prefeitura, por meio da Unidade de Gest\u00e3o de Cultura (UGC), a atra\u00e7\u00e3o integra o projeto \u201cA Caminho do Interior\u201d, promovido pelo Consulado Geral da It\u00e1lia e pelo Instituto Italiano de Cultura de S\u00e3o Paulo (IIC).<\/p>\n\n\n<div class=\"wp-block-image\">\n<figure class=\"aligncenter size-large\"><img loading=\"lazy\" decoding=\"async\" width=\"1200\" height=\"801\" src=\"https:\/\/tvtecjundiai.com.br\/news\/wp-content\/uploads\/sites\/2\/2023\/06\/show-musical-cantora-laila-al-habash-no-polytheama_fm_-110-1280x854-1-1200x801.jpg\" alt=\"\" class=\"wp-image-110290\" srcset=\"https:\/\/tvtecjundiai.com.br\/news\/wp-content\/uploads\/sites\/2\/2023\/06\/show-musical-cantora-laila-al-habash-no-polytheama_fm_-110-1280x854-1-1200x801.jpg 1200w, https:\/\/tvtecjundiai.com.br\/news\/wp-content\/uploads\/sites\/2\/2023\/06\/show-musical-cantora-laila-al-habash-no-polytheama_fm_-110-1280x854-1-300x200.jpg 300w, https:\/\/tvtecjundiai.com.br\/news\/wp-content\/uploads\/sites\/2\/2023\/06\/show-musical-cantora-laila-al-habash-no-polytheama_fm_-110-1280x854-1-768x512.jpg 768w, https:\/\/tvtecjundiai.com.br\/news\/wp-content\/uploads\/sites\/2\/2023\/06\/show-musical-cantora-laila-al-habash-no-polytheama_fm_-110-1280x854-1.jpg 1280w\" sizes=\"auto, (max-width: 1200px) 100vw, 1200px\" \/><figcaption class=\"wp-element-caption\">Turn\u00ea da cantora j\u00e1 passou por S\u00e3o Paulo, Santos e encerra-se em Campinas ainda esta semana<\/figcaption><\/figure>\n<\/div>\n\n\n<p>\u201cAl\u00e9m das diversas linguagens art\u00edsticas, entendemos a Cultura tamb\u00e9m como as tradi\u00e7\u00f5es, usos e costumes de uma sociedade. E o espet\u00e1culo desta noite une isso tudo, pois trouxe para o palco do Polytheama artistas jovens, que misturam diversas linguagens e influ\u00eancias, retratando esta nova cara da produ\u00e7\u00e3o art\u00edstica italiana, e prestando uma homenagem \u00e0 influ\u00eancia desse Pa\u00eds na constru\u00e7\u00e3o de Jundia\u00ed enquanto sociedade\u201d, comentou o gestor de Cultura, Marcelo Peroni.<\/p>\n\n\n\n<p>Em sua primeira turn\u00ea no Brasil, Laila apresentou-se com sua banda \u2013 Danila Guglielmi, Matilde Ferrari e Luca Zaliani \u2013, para um teatro com ingressos esgotados, inclusive com estudantes de italiano do Centro de L\u00ednguas e Tecnologia da Informa\u00e7\u00e3o Antonio Houaiss e do Ensino M\u00e9dio do Col\u00e9gio Estadual Antenor Soares Gandra, e do vice-c\u00f4nsul honor\u00e1rio da It\u00e1lia em Jundia\u00ed, Antonio Cordone.<\/p>\n\n\n<div class=\"wp-block-image\">\n<figure class=\"aligncenter size-large\"><img loading=\"lazy\" decoding=\"async\" width=\"1200\" height=\"801\" src=\"https:\/\/tvtecjundiai.com.br\/news\/wp-content\/uploads\/sites\/2\/2023\/06\/show-musical-cantora-laila-al-habash-no-polytheama_fm_-102-1-1280x854-2-1200x801.jpg\" alt=\"\" class=\"wp-image-110292\" srcset=\"https:\/\/tvtecjundiai.com.br\/news\/wp-content\/uploads\/sites\/2\/2023\/06\/show-musical-cantora-laila-al-habash-no-polytheama_fm_-102-1-1280x854-2-1200x801.jpg 1200w, https:\/\/tvtecjundiai.com.br\/news\/wp-content\/uploads\/sites\/2\/2023\/06\/show-musical-cantora-laila-al-habash-no-polytheama_fm_-102-1-1280x854-2-300x200.jpg 300w, https:\/\/tvtecjundiai.com.br\/news\/wp-content\/uploads\/sites\/2\/2023\/06\/show-musical-cantora-laila-al-habash-no-polytheama_fm_-102-1-1280x854-2-768x512.jpg 768w, https:\/\/tvtecjundiai.com.br\/news\/wp-content\/uploads\/sites\/2\/2023\/06\/show-musical-cantora-laila-al-habash-no-polytheama_fm_-102-1-1280x854-2.jpg 1280w\" sizes=\"auto, (max-width: 1200px) 100vw, 1200px\" \/><figcaption class=\"wp-element-caption\">Em sua volta \u00e0 It\u00e1lia, a banda ir\u00e1 se apresentar na abertura do show do Coldplay em N\u00e1poles<\/figcaption><\/figure>\n<\/div>\n\n\n<p>Antes da apresenta\u00e7\u00e3o, Laila recebeu a imprensa local e agradeceu pelo acolhimento do p\u00fablico. \u201cEu me surpreendi muito com a hospitalidade, poder e paix\u00e3o do povo brasileiro. Estou muito feliz, pois sou metade italiana e metade palestina, e o Brasil tamb\u00e9m \u00e9 isso, esta mistura de Culturas, e todas elas muito musicais. Vejo muita conex\u00e3o entre os dois Pa\u00edses e espero ir embora cheia de influ\u00eancias\u201d, comentou a cantora, que j\u00e1 aprendeu a falar \u201cObrigada\u201d em Portugu\u00eas.<\/p>\n\n\n\n<p>Representando o c\u00f4nsul-geral da It\u00e1lia em S\u00e3o Paulo, a c\u00f4nsul-adjunta, Livia Satullo, fez um discurso emocionante sobre a proposta da apresenta\u00e7\u00e3o. \u201cAgrade\u00e7o de cora\u00e7\u00e3o a Prefeitura de Jundia\u00ed por esta parceria, existente desde 2019, que visa aproximar a comunidade de italianos, descendentes e demais interessados por esta cultura. \u2018A Caminho do Interior\u2019 refere-se ao percurso dos imigrantes ao se espalhar pelo Brasil depois de desembarcarem. Agora fazemos novamente este caminho, mas levando Cultura e agradecimentos pelos que vieram antes de n\u00f3s\u201d.<\/p>\n\n\n<div class=\"wp-block-image\">\n<figure class=\"aligncenter size-large\"><img loading=\"lazy\" decoding=\"async\" width=\"1200\" height=\"801\" src=\"https:\/\/tvtecjundiai.com.br\/news\/wp-content\/uploads\/sites\/2\/2023\/06\/show-musical-cantora-laila-al-habash-no-polytheama_fm_-41-1-1280x854-1-1200x801.jpg\" alt=\"\" class=\"wp-image-110293\" srcset=\"https:\/\/tvtecjundiai.com.br\/news\/wp-content\/uploads\/sites\/2\/2023\/06\/show-musical-cantora-laila-al-habash-no-polytheama_fm_-41-1-1280x854-1-1200x801.jpg 1200w, https:\/\/tvtecjundiai.com.br\/news\/wp-content\/uploads\/sites\/2\/2023\/06\/show-musical-cantora-laila-al-habash-no-polytheama_fm_-41-1-1280x854-1-300x200.jpg 300w, https:\/\/tvtecjundiai.com.br\/news\/wp-content\/uploads\/sites\/2\/2023\/06\/show-musical-cantora-laila-al-habash-no-polytheama_fm_-41-1-1280x854-1-768x512.jpg 768w, https:\/\/tvtecjundiai.com.br\/news\/wp-content\/uploads\/sites\/2\/2023\/06\/show-musical-cantora-laila-al-habash-no-polytheama_fm_-41-1-1280x854-1.jpg 1280w\" sizes=\"auto, (max-width: 1200px) 100vw, 1200px\" \/><figcaption class=\"wp-element-caption\">Com as cores da bandeira italiana no palco, Margherita, Livia e o diretor do Departamento de Teatros da UGC, Wagner Nacarato, deram as boas vindas ao p\u00fablico<\/figcaption><\/figure>\n<\/div>\n\n\n<p>H\u00e1 pouco mais de um m\u00eas \u00e0 frente do IIC, Margherita Marziali, apresentou a artista ao p\u00fablico. \u201cQuisemos trazer uma proposta nova, diferente do cl\u00e1ssico e tradicional que voc\u00eas j\u00e1 conhecem. A Laila e sua banda representam a nova realidade e as muitas cores da m\u00fasica italiana. De forma transparente e muito sincera, ela carrega refer\u00eancias da m\u00fasica e de temas como a autodetermina\u00e7\u00e3o feminina, com muito dinamismo e riqueza, caracter\u00edsticas tamb\u00e9m da Cultura Italiana\u201d.<\/p>\n\n\n\n<p><strong><em>Fonte \/ Imagem: Prefeitura de Jundia\u00ed<\/em><\/strong><\/p>\n","protected":false},"excerpt":{"rendered":"<p>Turn\u00ea da cantora j\u00e1 passou por S\u00e3o Paulo, Santos e encerra-se em Campinas ainda esta semana<\/p>\n","protected":false},"author":30,"featured_media":110291,"comment_status":"closed","ping_status":"0","sticky":false,"template":"","format":"standard","meta":{"footnotes":""},"categories":[8356,8354,1],"tags":[],"class_list":["post-110289","post","type-post","status-publish","format-standard","has-post-thumbnail","hentry","category-jundiai","category-lazer","category-noticias"],"_links":{"self":[{"href":"https:\/\/tvtecjundiai.com.br\/news\/wp-json\/wp\/v2\/posts\/110289","targetHints":{"allow":["GET"]}}],"collection":[{"href":"https:\/\/tvtecjundiai.com.br\/news\/wp-json\/wp\/v2\/posts"}],"about":[{"href":"https:\/\/tvtecjundiai.com.br\/news\/wp-json\/wp\/v2\/types\/post"}],"author":[{"embeddable":true,"href":"https:\/\/tvtecjundiai.com.br\/news\/wp-json\/wp\/v2\/users\/30"}],"replies":[{"embeddable":true,"href":"https:\/\/tvtecjundiai.com.br\/news\/wp-json\/wp\/v2\/comments?post=110289"}],"version-history":[{"count":1,"href":"https:\/\/tvtecjundiai.com.br\/news\/wp-json\/wp\/v2\/posts\/110289\/revisions"}],"predecessor-version":[{"id":110294,"href":"https:\/\/tvtecjundiai.com.br\/news\/wp-json\/wp\/v2\/posts\/110289\/revisions\/110294"}],"wp:featuredmedia":[{"embeddable":true,"href":"https:\/\/tvtecjundiai.com.br\/news\/wp-json\/wp\/v2\/media\/110291"}],"wp:attachment":[{"href":"https:\/\/tvtecjundiai.com.br\/news\/wp-json\/wp\/v2\/media?parent=110289"}],"wp:term":[{"taxonomy":"category","embeddable":true,"href":"https:\/\/tvtecjundiai.com.br\/news\/wp-json\/wp\/v2\/categories?post=110289"},{"taxonomy":"post_tag","embeddable":true,"href":"https:\/\/tvtecjundiai.com.br\/news\/wp-json\/wp\/v2\/tags?post=110289"}],"curies":[{"name":"wp","href":"https:\/\/api.w.org\/{rel}","templated":true}]}}