{"id":110302,"date":"2023-06-03T11:26:32","date_gmt":"2023-06-03T14:26:32","guid":{"rendered":"https:\/\/tvtecjundiai.com.br\/news\/?p=110302"},"modified":"2023-06-06T16:17:29","modified_gmt":"2023-06-06T19:17:29","slug":"criancas-da-emeb-nelson-brito-conhecem-horta-do-jardim-guanabara","status":"publish","type":"post","link":"https:\/\/tvtecjundiai.com.br\/news\/2023\/06\/03\/criancas-da-emeb-nelson-brito-conhecem-horta-do-jardim-guanabara\/","title":{"rendered":"Crian\u00e7as da Emeb Nelson Brito conhecem horta do Jd. Guanabara"},"content":{"rendered":"\n<p>Cerca de 70 alunos de tr\u00eas turmas da Emeb Nelson Brito, no Jardim Guanabara, visitaram nesta semana a Horta Urbana do bairro. A visita faz parte da programa\u00e7\u00e3o do M\u00eas do Meio Ambiente, promovido pela Prefeitura de Jundia\u00ed, atrav\u00e9s da Unidade de Planejamento Urbano e Meio Ambiente (UGPUMA) e da Funda\u00e7\u00e3o Serra do Japi.<\/p>\n\n\n\n<p>Na horta, os alunos aprenderam sobre compostagem, o plantio de hortali\u00e7as, e sobre a cisterna implantada no espa\u00e7o, que capta \u00e1gua da chuva. \u201cN\u00f3s vamos come\u00e7ar uma horta vertical de PANCS e temperos na nossa escola. Ent\u00e3o aqui \u00e9 uma oportunidade que os alunos t\u00eam de aprender tudo o que uma horta pode oferecer, al\u00e9m do cuidado com a terra, j\u00e1 que n\u00f3s teremos um canteiro tamb\u00e9m aqui na horta\u201d, disse a vice-diretora da Emeb, Ana L\u00facia Perboni Kalmar.<\/p>\n\n\n\n<figure class=\"wp-block-image\"><img decoding=\"async\" src=\"https:\/\/jundiai.sp.gov.br\/noticias\/wp-content\/uploads\/sites\/32\/2023\/06\/emeb_nelson_brito_mes_meio_ambiente_horta_urbana_guanabara_pa-27-3-1280x854.jpg\" alt=\"\" class=\"wp-image-318908\" \/><figcaption class=\"wp-element-caption\">Na horta, os alunos aprenderam sobre compostagem, o plantio de hortali\u00e7as, e sobre a cisterna <\/figcaption><\/figure>\n\n\n\n<p>\u201cA gente aprendeu muita coisa: a molhar as plantas, a plantar a semente e esperar a planta crescer no tempo dela\u201d, falaram os jovens Yasmin, de 6 anos, e Nycolas, de 5.<\/p>\n\n\n\n<p>\u201cEsse tipo de a\u00e7\u00e3o \u00e9 extremamente importante para as crian\u00e7as entenderem o espa\u00e7o da escola como um espa\u00e7o para al\u00e9m da escola. A escola \u00e9 uma comunidade que se estende para o bairro todo, por isso \u00e9 importante ocuparmos os espa\u00e7os e mostrarmos para as crian\u00e7as\u201d, afirmou o professor Daniel Corti.<\/p>\n\n\n\n<p>A B\u00e1rbara Rosa, que \u00e9 m\u00e3e da pequena Mait\u00ea, de 5 anos, acompanhou a visita e aprovou a iniciativa: \u201cEu acho essa iniciativa fant\u00e1stica, porque a gente percebe que as crian\u00e7as aprendem muito em contato com a natureza\u201d, refor\u00e7ou.<\/p>\n\n\n\n<p>Para a diretora do Departamento de Urbanismo da UGPUMA, Sylvia Angelini, \u201catividades como esta mostram que as hortas urbanas est\u00e3o cumprindo seu papel de estimular o contato de crian\u00e7as e adolescentes com a natureza e a cria\u00e7\u00e3o de empatia por todas as formas de vida, a partir do contato com a terra, contribuindo para que elas sejam agentes de transforma\u00e7\u00e3o para uma cidade sustent\u00e1vel\u201d, destacou.<\/p>\n\n\n\n<figure class=\"wp-block-image\"><img decoding=\"async\" src=\"https:\/\/jundiai.sp.gov.br\/noticias\/wp-content\/uploads\/sites\/32\/2023\/06\/emeb_nelson_brito_mes_meio_ambiente_horta_urbana_guanabara_pa-14-640x960.jpg\" alt=\"\" class=\"wp-image-318877\" \/><figcaption class=\"wp-element-caption\">B\u00e1rbara Rosa, m\u00e3e da pequena Mait\u00ea, acompanhou a visita e aprovou a iniciativa<\/figcaption><\/figure>\n\n\n\n<p><em><strong>Fonte \/ Imagem: Prefeitura de Jundia\u00ed<\/strong><\/em><strong> <\/strong><\/p>\n","protected":false},"excerpt":{"rendered":"<p>A visita faz parte do M\u00eas do Meio Ambiente, promovido pela Prefeitura de Jundia\u00ed<\/p>\n","protected":false},"author":30,"featured_media":110303,"comment_status":"closed","ping_status":"0","sticky":false,"template":"","format":"standard","meta":{"footnotes":""},"categories":[8356,1],"tags":[],"class_list":["post-110302","post","type-post","status-publish","format-standard","has-post-thumbnail","hentry","category-jundiai","category-noticias"],"_links":{"self":[{"href":"https:\/\/tvtecjundiai.com.br\/news\/wp-json\/wp\/v2\/posts\/110302","targetHints":{"allow":["GET"]}}],"collection":[{"href":"https:\/\/tvtecjundiai.com.br\/news\/wp-json\/wp\/v2\/posts"}],"about":[{"href":"https:\/\/tvtecjundiai.com.br\/news\/wp-json\/wp\/v2\/types\/post"}],"author":[{"embeddable":true,"href":"https:\/\/tvtecjundiai.com.br\/news\/wp-json\/wp\/v2\/users\/30"}],"replies":[{"embeddable":true,"href":"https:\/\/tvtecjundiai.com.br\/news\/wp-json\/wp\/v2\/comments?post=110302"}],"version-history":[{"count":3,"href":"https:\/\/tvtecjundiai.com.br\/news\/wp-json\/wp\/v2\/posts\/110302\/revisions"}],"predecessor-version":[{"id":110306,"href":"https:\/\/tvtecjundiai.com.br\/news\/wp-json\/wp\/v2\/posts\/110302\/revisions\/110306"}],"wp:featuredmedia":[{"embeddable":true,"href":"https:\/\/tvtecjundiai.com.br\/news\/wp-json\/wp\/v2\/media\/110303"}],"wp:attachment":[{"href":"https:\/\/tvtecjundiai.com.br\/news\/wp-json\/wp\/v2\/media?parent=110302"}],"wp:term":[{"taxonomy":"category","embeddable":true,"href":"https:\/\/tvtecjundiai.com.br\/news\/wp-json\/wp\/v2\/categories?post=110302"},{"taxonomy":"post_tag","embeddable":true,"href":"https:\/\/tvtecjundiai.com.br\/news\/wp-json\/wp\/v2\/tags?post=110302"}],"curies":[{"name":"wp","href":"https:\/\/api.w.org\/{rel}","templated":true}]}}