{"id":110307,"date":"2023-06-03T12:15:22","date_gmt":"2023-06-03T15:15:22","guid":{"rendered":"https:\/\/tvtecjundiai.com.br\/news\/?p=110307"},"modified":"2023-06-06T16:17:14","modified_gmt":"2023-06-06T19:17:14","slug":"educacao-de-jundiai-e-finalista-em-conferencia-internacional-sobre-criancas-e-natureza","status":"publish","type":"post","link":"https:\/\/tvtecjundiai.com.br\/news\/2023\/06\/03\/educacao-de-jundiai-e-finalista-em-conferencia-internacional-sobre-criancas-e-natureza\/","title":{"rendered":"Educa\u00e7\u00e3o \u00e9 finalista em confer\u00eancia internacional sobre crian\u00e7as"},"content":{"rendered":"\n<p>O \u201cDesemparedamento da Escola\u201d, proposta da Unidade de Gest\u00e3o de Educa\u00e7\u00e3o (UGE) pelo programa Escola Inovadora, \u00e9 um dos finalistas da Confer\u00eancia deste ano da&nbsp;<a href=\"https:\/\/www.childrenandnature.org\/\" target=\"_blank\" rel=\"noreferrer noopener\">\u201cChildren &amp; Nature Network\u201d, institui\u00e7\u00e3o norte-americana que elege pr\u00e1ticas incentivadoras do contato e conex\u00e3o entre as crian\u00e7as e natureza<\/a>.<\/p>\n\n\n\n<p>Com mais de 250 inscri\u00e7\u00f5es nesta edi\u00e7\u00e3o, somente 13 pr\u00e1ticas chegam \u00e0 final da confer\u00eancia, que ser\u00e1 realizada entre os dias 12 e 15 de junho, em Denver, no Estado do Colorado, com mesas, palestras, pain\u00e9is, passeios na natureza e visitas a institui\u00e7\u00f5es escolares.<\/p>\n\n\n\n<p>Al\u00e9m de ser a \u00fanica representante brasileira nesta final, Jundia\u00ed tamb\u00e9m comp\u00f5em com Paris (Fran\u00e7a) o seleto grupo de iniciativas finalistas que atingiram todos os objetivos previstos pela \u201cChildren &amp; Nature\u201d, que s\u00e3o a perspectiva da resili\u00eancia clim\u00e1tica, do brincar ao ar livre, do engajamento da comunidade no ambiente escolar e na promo\u00e7\u00e3o da Sa\u00fade e da Educa\u00e7\u00e3o.<\/p>\n\n\n\n<figure class=\"wp-block-image\"><img decoding=\"async\" src=\"https:\/\/jundiai.sp.gov.br\/noticias\/wp-content\/uploads\/sites\/32\/2023\/06\/desemparedamento_emeb_merino-509-5-1280x854.jpg\" alt=\"\" class=\"wp-image-318967\" \/><figcaption class=\"wp-element-caption\">\u201cDesemparedamento da Escola\u201d garantiu a participa\u00e7\u00e3o como \u00fanica institui\u00e7\u00e3o brasileira na Confer\u00eancia<\/figcaption><\/figure>\n\n\n\n<p>Durante o encontro, o Munic\u00edpio ser\u00e1 representado pela gestora de Educa\u00e7\u00e3o, Vast\u00ed Ferrari Marques, que ir\u00e1 apresentar no dia 14 a experi\u00eancia do Munic\u00edpio com o \u201cDesemparedamento da Escola\u201d, um painel baseado nas perspectivas e objetivos da institui\u00e7\u00e3o.<\/p>\n\n\n\n<p>\u201cDurante a Confer\u00eancia, iremos apresentar a experi\u00eancia exitosa de Jundia\u00ed com o \u2018Desemparedamento da Escola\u2019, compartilhando suas pr\u00e1ticas disruptivas e os seus resultados obtidos pelas unidades escolares na aprendizagem dos nossos meninos e meninas. O desemparedamento j\u00e1 era uma pr\u00e1tica antes da pandemia, mas que se consolidou como metodologia durante o retorno das crian\u00e7as \u00e0s aulas. Agora, podemos atestar a efici\u00eancia dessa iniciativa e compartilhar suas boas pr\u00e1ticas para o Mundo, atestadas por \u00edndices, por resultados do Sistema estadual de Avalia\u00e7\u00e3o de Rendimento Escolar (SARESP) em escolas e por estudos como o do Instituto de Estudos Avan\u00e7ados da C\u00e1tedra Sergio Henrique Ferreira, do polo Ribeir\u00e3o Preto da Universidade de S\u00e3o Paulo (USP), dirigida pelo professor Dr. Mozart Neves Ramos\u201d, compartilhou Vast\u00ed.<\/p>\n\n\n\n<p>Al\u00e9m da participa\u00e7\u00e3o na Confer\u00eancia, a premia\u00e7\u00e3o ao Munic\u00edpio incluiu a concess\u00e3o de um voucher no valor mil d\u00f3lares, revertido na compra de brinquedos para unidades escolares da rede municipal.<\/p>\n\n\n\n<p><em><strong>Fonte \/ Imagem: Prefeitura de Jundia\u00ed<\/strong><\/em><\/p>\n","protected":false},"excerpt":{"rendered":"<p>Somente 13 pr\u00e1ticas chegam \u00e0 final da confer\u00eancia que ser\u00e1 no Colorado<\/p>\n","protected":false},"author":30,"featured_media":110308,"comment_status":"closed","ping_status":"0","sticky":false,"template":"","format":"standard","meta":{"footnotes":""},"categories":[2828,8356],"tags":[],"class_list":["post-110307","post","type-post","status-publish","format-standard","has-post-thumbnail","hentry","category-educacao","category-jundiai"],"_links":{"self":[{"href":"https:\/\/tvtecjundiai.com.br\/news\/wp-json\/wp\/v2\/posts\/110307","targetHints":{"allow":["GET"]}}],"collection":[{"href":"https:\/\/tvtecjundiai.com.br\/news\/wp-json\/wp\/v2\/posts"}],"about":[{"href":"https:\/\/tvtecjundiai.com.br\/news\/wp-json\/wp\/v2\/types\/post"}],"author":[{"embeddable":true,"href":"https:\/\/tvtecjundiai.com.br\/news\/wp-json\/wp\/v2\/users\/30"}],"replies":[{"embeddable":true,"href":"https:\/\/tvtecjundiai.com.br\/news\/wp-json\/wp\/v2\/comments?post=110307"}],"version-history":[{"count":5,"href":"https:\/\/tvtecjundiai.com.br\/news\/wp-json\/wp\/v2\/posts\/110307\/revisions"}],"predecessor-version":[{"id":110325,"href":"https:\/\/tvtecjundiai.com.br\/news\/wp-json\/wp\/v2\/posts\/110307\/revisions\/110325"}],"wp:featuredmedia":[{"embeddable":true,"href":"https:\/\/tvtecjundiai.com.br\/news\/wp-json\/wp\/v2\/media\/110308"}],"wp:attachment":[{"href":"https:\/\/tvtecjundiai.com.br\/news\/wp-json\/wp\/v2\/media?parent=110307"}],"wp:term":[{"taxonomy":"category","embeddable":true,"href":"https:\/\/tvtecjundiai.com.br\/news\/wp-json\/wp\/v2\/categories?post=110307"},{"taxonomy":"post_tag","embeddable":true,"href":"https:\/\/tvtecjundiai.com.br\/news\/wp-json\/wp\/v2\/tags?post=110307"}],"curies":[{"name":"wp","href":"https:\/\/api.w.org\/{rel}","templated":true}]}}