{"id":110314,"date":"2023-06-03T16:38:44","date_gmt":"2023-06-03T19:38:44","guid":{"rendered":"https:\/\/tvtecjundiai.com.br\/news\/?p=110314"},"modified":"2023-06-03T16:42:33","modified_gmt":"2023-06-03T19:42:33","slug":"festa-de-santo-antonio-sera-marcada-por-missa-procissao-e-bolo-com-medalha","status":"publish","type":"post","link":"https:\/\/tvtecjundiai.com.br\/news\/2023\/06\/03\/festa-de-santo-antonio-sera-marcada-por-missa-procissao-e-bolo-com-medalha\/","title":{"rendered":"Festa de Santo Ant\u00f4nio ser\u00e1 marcada por missa, prociss\u00e3o e &#8216;bolo santo&#8217;"},"content":{"rendered":"\n<p>At\u00e9 dia 18 de junho, a Par\u00f3quia Santo Ant\u00f4nio, do bairro Anhangaba\u00fa, promove a 59\u00aa Festa de Santo Ant\u00f4nio reunindo parte festiva e religiosa, inclusive com missa, prociss\u00e3o e a tradicional venda do bolo de com medalha do santo. <\/p>\n\n\n\n<p>No card\u00e1pio por\u00e7\u00f5es, lanches de churrasco e pernil, pastel, salsich\u00e3o, doces t\u00edpicos, vinho quente, entre outras del\u00edcias. Especialmente aos domingos, ser\u00e1 poss\u00edvel aproveitar um almo\u00e7o especial preparado pela pr\u00f3pria comunidade, o card\u00e1pio conta com por\u00e7\u00f5es de macarr\u00e3o, nhoque, risoto, frango frito, batata e polenta frita, doces e bebidas diversas.<\/p>\n\n\n\n<p>Segundo o padre Genival Pessoto, j\u00e1 s\u00e3o 59 anos de hist\u00f3ria e tradi\u00e7\u00e3o em nossa par\u00f3quia, por isso a festa de Santo Ant\u00f4nio \u00e9 muito esperada por todos, sejam devotos do nosso padroeiro ou moradores da regi\u00e3o. &#8220;A expectativa \u00e9 receber mais de 15 mil fi\u00e9is com prop\u00f3sito de exercer sua devo\u00e7\u00e3o a Santo Ant\u00f4nio e consumir as deliciosas receitas preparadas pelos paroquianos,&#8221;<\/p>\n\n\n\n<p>Bolo com medalha <\/p>\n\n\n\n<p>No dia 13 de junho, acontecer\u00e1 a entrega do delicioso bolo de Santo Ant\u00f4nio. A venda antecipada dos peda\u00e7os acontece na secretaria da par\u00f3quia ou ap\u00f3s as missas, a partir do dia 30 de maio. Neste ano, 18 mil fatias devem ser produzidas, das quais algumas estar\u00e3o \u201crecheadas\u201d com a tradicional medalha do santo casamenteiro e outras treze com medalhas especiais.<\/p>\n\n\n\n<p>Na trezena, que termina no dia 13 de junho, as missas acontecem todos os dias, \u00e0s 15h, com a celebra\u00e7\u00e3o da Palavra, presidida por um di\u00e1cono convidado. Durante \u00e0s noites, \u00e0s 19h30, ocorrer\u00e1 a Missa, tamb\u00e9m presidida por um padre convidado. Aos finais de semana a Santa Missa acontece \u00e0s 18h.<\/p>\n\n\n\n<p>No dia 13, \u00e0s 7h; 10h; 12h; 15h e 19h (in\u00edcio \u00e0s 18h com prociss\u00e3o) acontecer\u00e3o as Missas solenes em honra \u00e0 Santo Ant\u00f4nio.<\/p>\n\n\n\n<p>Ao final de todas as celebra\u00e7\u00f5es ocorrer\u00e1 a cl\u00e1ssica b\u00ean\u00e7\u00e3o dos p\u00e3es.<\/p>\n\n\n\n<figure class=\"wp-block-image size-full\"><img loading=\"lazy\" decoding=\"async\" width=\"768\" height=\"432\" src=\"https:\/\/tvtecjundiai.com.br\/news\/wp-content\/uploads\/sites\/2\/2023\/06\/Jundiai-Celebracoes-e-receitas-tradicionais-marcam-a-59a-Festa-de-Santo-Antonio6-1024x576-1-768x432-1.jpg\" alt=\"\" class=\"wp-image-110316\" srcset=\"https:\/\/tvtecjundiai.com.br\/news\/wp-content\/uploads\/sites\/2\/2023\/06\/Jundiai-Celebracoes-e-receitas-tradicionais-marcam-a-59a-Festa-de-Santo-Antonio6-1024x576-1-768x432-1.jpg 768w, https:\/\/tvtecjundiai.com.br\/news\/wp-content\/uploads\/sites\/2\/2023\/06\/Jundiai-Celebracoes-e-receitas-tradicionais-marcam-a-59a-Festa-de-Santo-Antonio6-1024x576-1-768x432-1-300x169.jpg 300w\" sizes=\"auto, (max-width: 768px) 100vw, 768px\" \/><figcaption class=\"wp-element-caption\">Neste ano, 18 mil fatias de bolo ser\u00e3o produzidas, sendo algumas delas com medalha do santo<\/figcaption><\/figure>\n\n\n\n<p><strong>Servi\u00e7o<\/strong><\/p>\n\n\n\n<p>Aos s\u00e1bados das 18h \u00e0s 22h, aos domingos das 11h30 \u00e0s 14h30 e das 18h \u00e0s 22h. J\u00e1 a Trezena de Santo Ant\u00f4nio acontece entre os dias 1 e 13 de junho, \u00e0s 15h. Al\u00e9m de segunda a sexta, \u00e0s 19h30, s\u00e1bados e domingos, \u00e0s 18h.<\/p>\n\n\n\n<p>A Par\u00f3quia Santo Ant\u00f4nio fica na Avenida Dr. Pedro Soares de Camargo, 724, Anhangaba\u00fa, Jundia\u00ed. A entrada \u00e9 gratuita.<\/p>\n\n\n\n<p><strong><em>(Fonte: TVTEC Jundia\u00ed\/Imagens: Divulga\u00e7\u00e3o\/Diocese de Jundia\u00ed <\/em><\/strong><\/p>\n\n\n\n<p><\/p>\n","protected":false},"excerpt":{"rendered":"<p>Aos domingos, o card\u00e1pio ser\u00e1 preparado pela comunidade<\/p>\n","protected":false},"author":30,"featured_media":110315,"comment_status":"closed","ping_status":"0","sticky":false,"template":"","format":"standard","meta":{"footnotes":""},"categories":[29,8356],"tags":[],"class_list":["post-110314","post","type-post","status-publish","format-standard","has-post-thumbnail","hentry","category-destaque","category-jundiai"],"_links":{"self":[{"href":"https:\/\/tvtecjundiai.com.br\/news\/wp-json\/wp\/v2\/posts\/110314","targetHints":{"allow":["GET"]}}],"collection":[{"href":"https:\/\/tvtecjundiai.com.br\/news\/wp-json\/wp\/v2\/posts"}],"about":[{"href":"https:\/\/tvtecjundiai.com.br\/news\/wp-json\/wp\/v2\/types\/post"}],"author":[{"embeddable":true,"href":"https:\/\/tvtecjundiai.com.br\/news\/wp-json\/wp\/v2\/users\/30"}],"replies":[{"embeddable":true,"href":"https:\/\/tvtecjundiai.com.br\/news\/wp-json\/wp\/v2\/comments?post=110314"}],"version-history":[{"count":3,"href":"https:\/\/tvtecjundiai.com.br\/news\/wp-json\/wp\/v2\/posts\/110314\/revisions"}],"predecessor-version":[{"id":110321,"href":"https:\/\/tvtecjundiai.com.br\/news\/wp-json\/wp\/v2\/posts\/110314\/revisions\/110321"}],"wp:featuredmedia":[{"embeddable":true,"href":"https:\/\/tvtecjundiai.com.br\/news\/wp-json\/wp\/v2\/media\/110315"}],"wp:attachment":[{"href":"https:\/\/tvtecjundiai.com.br\/news\/wp-json\/wp\/v2\/media?parent=110314"}],"wp:term":[{"taxonomy":"category","embeddable":true,"href":"https:\/\/tvtecjundiai.com.br\/news\/wp-json\/wp\/v2\/categories?post=110314"},{"taxonomy":"post_tag","embeddable":true,"href":"https:\/\/tvtecjundiai.com.br\/news\/wp-json\/wp\/v2\/tags?post=110314"}],"curies":[{"name":"wp","href":"https:\/\/api.w.org\/{rel}","templated":true}]}}