{"id":110326,"date":"2023-06-03T17:16:27","date_gmt":"2023-06-03T20:16:27","guid":{"rendered":"https:\/\/tvtecjundiai.com.br\/news\/?p=110326"},"modified":"2023-06-03T17:16:32","modified_gmt":"2023-06-03T20:16:32","slug":"basquete-masculino-do-3x3-garante-vaga-na-semi-da-copa-do-mundo","status":"publish","type":"post","link":"https:\/\/tvtecjundiai.com.br\/news\/2023\/06\/03\/basquete-masculino-do-3x3-garante-vaga-na-semi-da-copa-do-mundo\/","title":{"rendered":"Basquete masculino do 3&#215;3 garante vaga na semi da Copa do Mundo"},"content":{"rendered":"\n<p>A sele\u00e7\u00e3o brasileira masculina de basquete 3&#215;3 fez hist\u00f3ria neste s\u00e1bado (3) ao se classificar para as semifinais da Copa do Mundo da modalidade, que est\u00e1 sendo disputada em Viena (\u00c1ustria). A vaga veio ap\u00f3s vit\u00f3ria de 12 a 11 sobre a Pol\u00f4nia, com arremesso certeiro de L\u00e9o Branquinho a 4 segundos do fim do confronto. Esta j\u00e1 \u00e9 melhor campanha do Brasil na hist\u00f3ria da competi\u00e7\u00e3o.<\/p>\n\n\n\n<p><img decoding=\"async\" src=\"https:\/\/agenciabrasil.ebc.com.br\/ebc.png?id=1536802&amp;o=node\"><img decoding=\"async\" src=\"https:\/\/agenciabrasil.ebc.com.br\/ebc.gif?id=1536802&amp;o=node\">Por\u00e9m, antes do emocionante triunfo sobre os poloneses, os brasileiros bateram o Jap\u00e3o por 20 a 17 em grande jogo de Jonatas Mello e Ruan Miranda.<\/p>\n\n\n\n<p>\u201cNossa comiss\u00e3o t\u00e9cnica est\u00e1 planejando cada passo que est\u00e1 sendo dado desde fevereiro. Quando pisamos na \u00c1ustria sab\u00edamos tudo o que poderia acontecer, e estamos todos seguindo o plano com excel\u00eancia. Ainda h\u00e1 mais um dia de trabalho e continuamos focados\u201d, declarou o t\u00e9cnico Luca Carvalho.<\/p>\n\n\n\n<p>O pr\u00f3ximo desafio do Brasil na competi\u00e7\u00e3o ser\u00e1 contra os Estados Unidos, em partida com in\u00edcio marcado para as 11h05 (hor\u00e1rio de Bras\u00edlia) do pr\u00f3ximo domingo (4). A disputa pelo terceiro lugar e a grande decis\u00e3o da competi\u00e7\u00e3o ser\u00e3o disputadas no mesmo dia.<\/p>\n\n\n\n<p><em><strong>(Fonte: Ag\u00eancia Brasil\/Imagem: Divulga\u00e7\u00e3o\/Fiba 3&#215;3<\/strong><\/em><\/p>\n","protected":false},"excerpt":{"rendered":"<p>Esta j\u00e1 \u00e9 melhor campanha do Brasil na hist\u00f3ria da competi\u00e7\u00e3o<\/p>\n","protected":false},"author":30,"featured_media":110327,"comment_status":"closed","ping_status":"0","sticky":false,"template":"","format":"standard","meta":{"footnotes":""},"categories":[2827],"tags":[],"class_list":["post-110326","post","type-post","status-publish","format-standard","has-post-thumbnail","hentry","category-esportes-e-lazer"],"_links":{"self":[{"href":"https:\/\/tvtecjundiai.com.br\/news\/wp-json\/wp\/v2\/posts\/110326","targetHints":{"allow":["GET"]}}],"collection":[{"href":"https:\/\/tvtecjundiai.com.br\/news\/wp-json\/wp\/v2\/posts"}],"about":[{"href":"https:\/\/tvtecjundiai.com.br\/news\/wp-json\/wp\/v2\/types\/post"}],"author":[{"embeddable":true,"href":"https:\/\/tvtecjundiai.com.br\/news\/wp-json\/wp\/v2\/users\/30"}],"replies":[{"embeddable":true,"href":"https:\/\/tvtecjundiai.com.br\/news\/wp-json\/wp\/v2\/comments?post=110326"}],"version-history":[{"count":1,"href":"https:\/\/tvtecjundiai.com.br\/news\/wp-json\/wp\/v2\/posts\/110326\/revisions"}],"predecessor-version":[{"id":110328,"href":"https:\/\/tvtecjundiai.com.br\/news\/wp-json\/wp\/v2\/posts\/110326\/revisions\/110328"}],"wp:featuredmedia":[{"embeddable":true,"href":"https:\/\/tvtecjundiai.com.br\/news\/wp-json\/wp\/v2\/media\/110327"}],"wp:attachment":[{"href":"https:\/\/tvtecjundiai.com.br\/news\/wp-json\/wp\/v2\/media?parent=110326"}],"wp:term":[{"taxonomy":"category","embeddable":true,"href":"https:\/\/tvtecjundiai.com.br\/news\/wp-json\/wp\/v2\/categories?post=110326"},{"taxonomy":"post_tag","embeddable":true,"href":"https:\/\/tvtecjundiai.com.br\/news\/wp-json\/wp\/v2\/tags?post=110326"}],"curies":[{"name":"wp","href":"https:\/\/api.w.org\/{rel}","templated":true}]}}