{"id":110356,"date":"2023-06-05T09:19:36","date_gmt":"2023-06-05T12:19:36","guid":{"rendered":"https:\/\/tvtecjundiai.com.br\/news\/?p=110356"},"modified":"2023-06-05T09:19:37","modified_gmt":"2023-06-05T12:19:37","slug":"sem-previsao-de-chuva-jundiai-deve-atingir-minima-de-11c-esta-semana","status":"publish","type":"post","link":"https:\/\/tvtecjundiai.com.br\/news\/2023\/06\/05\/sem-previsao-de-chuva-jundiai-deve-atingir-minima-de-11c-esta-semana\/","title":{"rendered":"Sem previs\u00e3o de chuva, Jundia\u00ed deve atingir m\u00ednima de 11\u00b0C esta semana"},"content":{"rendered":"\n<p>A previs\u00e3o \u00e9 de que esta semana os dias continuem com manh\u00e3s frias e tardes mais quentes em Jundia\u00ed, sem pancadas de chuva. Segundo o Climatempo, a temperatura deve ficar entre 11\u00b0C e 26\u00b0C. Neste caso, considera-se que a <strong>amplitude t\u00e9rmica <\/strong>esta semana \u00e9 grande, pois a diferen\u00e7a entre a temperatura m\u00ednima e a temperatura m\u00e1xima \u00e9 de 15\u00b0C.<\/p>\n\n\n\n<p>Nesta segunda-feira (5), o dia deve ser de sol e poucas nuvens, sem chuva. Os term\u00f4metros marcam entre 12\u00b0C e 25\u00b0C.<\/p>\n\n\n<div class=\"wp-block-image\">\n<figure class=\"aligncenter size-large is-resized\"><img decoding=\"async\" src=\"https:\/\/tvtecjundiai.com.br\/news\/wp-content\/uploads\/sites\/2\/2023\/06\/WhatsApp-Image-2023-06-05-at-09.17.21-edited.jpeg\" alt=\"\" class=\"wp-image-110359\" width=\"664\" srcset=\"https:\/\/tvtecjundiai.com.br\/news\/wp-content\/uploads\/sites\/2\/2023\/06\/WhatsApp-Image-2023-06-05-at-09.17.21-edited.jpeg 1280w, https:\/\/tvtecjundiai.com.br\/news\/wp-content\/uploads\/sites\/2\/2023\/06\/WhatsApp-Image-2023-06-05-at-09.17.21-edited-300x200.jpeg 300w, https:\/\/tvtecjundiai.com.br\/news\/wp-content\/uploads\/sites\/2\/2023\/06\/WhatsApp-Image-2023-06-05-at-09.17.21-edited-1200x800.jpeg 1200w, https:\/\/tvtecjundiai.com.br\/news\/wp-content\/uploads\/sites\/2\/2023\/06\/WhatsApp-Image-2023-06-05-at-09.17.21-edited-768x512.jpeg 768w\" sizes=\"(max-width: 1280px) 100vw, 1280px\" \/><\/figure>\n<\/div>\n\n\n<p><\/p>\n\n\n\n<p><strong>Confira a previs\u00e3o detalhada, de acordo com o Climatempo<\/strong><\/p>\n\n\n\n<p><strong>Ter\u00e7a-feira (6):<\/strong>\u00a0Dia de sol com algumas nuvens, sem previs\u00e3o de chuva. Os term\u00f4metros ficam entre 12\u00b0C e 24\u00b0C.<\/p>\n\n\n\n<p><strong>Quarta-feira (7):<\/strong>\u00a0Dia de sol com algumas nuvens, sem previs\u00e3o de chuva. Os term\u00f4metros devem marcar entre 11\u00b0C e 24\u00b0C, atingindo a m\u00ednima prevista para a semana.<\/p>\n\n\n\n<p><strong>Quinta-feira (8):<\/strong>\u00a0No feriado de Corpus Christi, a previs\u00e3o \u00e9 de sol o dia todo, sem pancadas de chuva. A temperatura deve ficar entre 12\u00b0C e 25\u00b0C.<\/p>\n\n\n\n<p><strong>Sexta-feira (9):<\/strong>\u00a0A previs\u00e3o \u00e9 de que o dia seja de sol com poucas nuvens, sem chuva. Os term\u00f4metros devem marcar entre 12\u00b0C e 26\u00b0C, atingindo a m\u00e1xima prevista para a semana.<\/p>\n\n\n\n<p><em><strong>(Fonte: TVTEC Jundia\u00ed\/Imagem: Juliano Justino)<\/strong><\/em><\/p>\n","protected":false},"excerpt":{"rendered":"<p>Os dias devem continuar com manh\u00e3s frias e tardes mais quentes <\/p>\n","protected":false},"author":30,"featured_media":110359,"comment_status":"closed","ping_status":"0","sticky":false,"template":"","format":"standard","meta":{"footnotes":""},"categories":[3185,8356,1],"tags":[],"class_list":["post-110356","post","type-post","status-publish","format-standard","has-post-thumbnail","hentry","category-clima","category-jundiai","category-noticias"],"_links":{"self":[{"href":"https:\/\/tvtecjundiai.com.br\/news\/wp-json\/wp\/v2\/posts\/110356","targetHints":{"allow":["GET"]}}],"collection":[{"href":"https:\/\/tvtecjundiai.com.br\/news\/wp-json\/wp\/v2\/posts"}],"about":[{"href":"https:\/\/tvtecjundiai.com.br\/news\/wp-json\/wp\/v2\/types\/post"}],"author":[{"embeddable":true,"href":"https:\/\/tvtecjundiai.com.br\/news\/wp-json\/wp\/v2\/users\/30"}],"replies":[{"embeddable":true,"href":"https:\/\/tvtecjundiai.com.br\/news\/wp-json\/wp\/v2\/comments?post=110356"}],"version-history":[{"count":1,"href":"https:\/\/tvtecjundiai.com.br\/news\/wp-json\/wp\/v2\/posts\/110356\/revisions"}],"predecessor-version":[{"id":110361,"href":"https:\/\/tvtecjundiai.com.br\/news\/wp-json\/wp\/v2\/posts\/110356\/revisions\/110361"}],"wp:featuredmedia":[{"embeddable":true,"href":"https:\/\/tvtecjundiai.com.br\/news\/wp-json\/wp\/v2\/media\/110359"}],"wp:attachment":[{"href":"https:\/\/tvtecjundiai.com.br\/news\/wp-json\/wp\/v2\/media?parent=110356"}],"wp:term":[{"taxonomy":"category","embeddable":true,"href":"https:\/\/tvtecjundiai.com.br\/news\/wp-json\/wp\/v2\/categories?post=110356"},{"taxonomy":"post_tag","embeddable":true,"href":"https:\/\/tvtecjundiai.com.br\/news\/wp-json\/wp\/v2\/tags?post=110356"}],"curies":[{"name":"wp","href":"https:\/\/api.w.org\/{rel}","templated":true}]}}