{"id":110357,"date":"2023-06-05T09:21:03","date_gmt":"2023-06-05T12:21:03","guid":{"rendered":"https:\/\/tvtecjundiai.com.br\/news\/?p=110357"},"modified":"2023-06-05T09:21:04","modified_gmt":"2023-06-05T12:21:04","slug":"novos-abrigos-para-paradas-de-onibus-comecam-a-ser-instalados","status":"publish","type":"post","link":"https:\/\/tvtecjundiai.com.br\/news\/2023\/06\/05\/novos-abrigos-para-paradas-de-onibus-comecam-a-ser-instalados\/","title":{"rendered":"Novos abrigos para paradas de \u00f4nibus come\u00e7am a ser instalados"},"content":{"rendered":"\n<p>Para oferecer prote\u00e7\u00e3o e mais conforto aos usu\u00e1rios, enquanto esperam pelo \u00f4nibus das linhas municipais de Jundia\u00ed, 62 novos abrigos para paradas ser\u00e3o instalados pela cidade. Todas as regi\u00f5es do munic\u00edpio ser\u00e3o contempladas para melhorar a mobilidade urbana. Com investimento de cerca de R$ 900 mil previsto no programa Mobilidade Total, os locais atendidos s\u00e3o priorit\u00e1rios e definidos a partir de um cadastro, ap\u00f3s vistoria para an\u00e1lise das condi\u00e7\u00f5es da \u00e1rea para implanta\u00e7\u00e3o.<\/p>\n\n\n\n<p>\u201cEssa estrutura de abrigo \u00e9 mais uma forma de qualificar o servi\u00e7o de transporte coletivo, promovendo melhorias nos locais de embarque e desembarque para proporcionar tranquilidade aos usu\u00e1rios. Nos 20 anos de Sistema Integrado de Transporte Urbano (SITU), com monitoramento e estrat\u00e9gias, estamos investindo para oferecer melhorias na presta\u00e7\u00e3o de servi\u00e7o \u00e0 popula\u00e7\u00e3o\u201d, comenta o gestor de Mobilidade e Transporte, Aloysio Queiroz.<\/p>\n\n\n<div class=\"wp-block-image\">\n<figure class=\"aligncenter size-large\"><img loading=\"lazy\" decoding=\"async\" width=\"1200\" height=\"824\" src=\"https:\/\/tvtecjundiai.com.br\/news\/wp-content\/uploads\/sites\/2\/2023\/06\/abrigo-onibus-retiro-1-1280x879-1-1200x824.jpg\" alt=\"\" class=\"wp-image-110360\" srcset=\"https:\/\/tvtecjundiai.com.br\/news\/wp-content\/uploads\/sites\/2\/2023\/06\/abrigo-onibus-retiro-1-1280x879-1-1200x824.jpg 1200w, https:\/\/tvtecjundiai.com.br\/news\/wp-content\/uploads\/sites\/2\/2023\/06\/abrigo-onibus-retiro-1-1280x879-1-300x206.jpg 300w, https:\/\/tvtecjundiai.com.br\/news\/wp-content\/uploads\/sites\/2\/2023\/06\/abrigo-onibus-retiro-1-1280x879-1-768x527.jpg 768w, https:\/\/tvtecjundiai.com.br\/news\/wp-content\/uploads\/sites\/2\/2023\/06\/abrigo-onibus-retiro-1-1280x879-1.jpg 1280w\" sizes=\"auto, (max-width: 1200px) 100vw, 1200px\" \/><figcaption class=\"wp-element-caption\">Novo abrigo no Retiro para os moradores, como a Elza, que utiliza \u00f4nibus para visitar o pai, no Jd. Tulipas<\/figcaption><\/figure>\n<\/div>\n\n\n<p>Elza Maria Santos, mora no bairro Retiro h\u00e1 50 anos, e utiliza \u00f4nibus com frequ\u00eancia, principalmente para visitar o pai que mora no Jardim Tulipas. Ela elogia o novo abrigo na Rua J\u00falio Franchi. \u201c\u00c9 importante. Quando chovia, a gente tinha dificuldade para segurar o guarda-chuva, por exemplo, e, aqui, tamb\u00e9m t\u00eam muitas m\u00e3es com crian\u00e7as de colo. Esse abrigo vai beneficiar muita gente.\u201d<\/p>\n\n\n<div class=\"wp-block-image\">\n<figure class=\"aligncenter size-large\"><img loading=\"lazy\" decoding=\"async\" width=\"1200\" height=\"869\" src=\"https:\/\/tvtecjundiai.com.br\/news\/wp-content\/uploads\/sites\/2\/2023\/06\/abrigo-onibus-ivoturucaia-1280x927-1-1200x869.jpg\" alt=\"\" class=\"wp-image-110362\" srcset=\"https:\/\/tvtecjundiai.com.br\/news\/wp-content\/uploads\/sites\/2\/2023\/06\/abrigo-onibus-ivoturucaia-1280x927-1-1200x869.jpg 1200w, https:\/\/tvtecjundiai.com.br\/news\/wp-content\/uploads\/sites\/2\/2023\/06\/abrigo-onibus-ivoturucaia-1280x927-1-300x217.jpg 300w, https:\/\/tvtecjundiai.com.br\/news\/wp-content\/uploads\/sites\/2\/2023\/06\/abrigo-onibus-ivoturucaia-1280x927-1-768x556.jpg 768w, https:\/\/tvtecjundiai.com.br\/news\/wp-content\/uploads\/sites\/2\/2023\/06\/abrigo-onibus-ivoturucaia-1280x927-1.jpg 1280w\" sizes=\"auto, (max-width: 1200px) 100vw, 1200px\" \/><figcaption class=\"wp-element-caption\">Seu Jos\u00e9, do bairro Ivoturucaia, elogiou novo abrigo: \u00e9 muito importante para os passageiros<\/figcaption><\/figure>\n<\/div>\n\n\n<p>O aposentado Jos\u00e9 Pereira da Silva, mora no bairro Ivoturucaia h\u00e1 15 anos, mas h\u00e1 40, j\u00e1 frequenta constantemente a regi\u00e3o por causa da fam\u00edlia da esposa. Seo Jos\u00e9 conta que o novo abrigo na rua Lup\u00e9rcio Decarli chegou em boa hora. \u201cO nosso bairro recebeu muitas melhorias, e esse novo abrigo ficou \u00f3timo. Utilizo \u00f4nibus para ir ao centro da cidade, \u00e9 muito importante.\u201d<\/p>\n\n\n\n<p>\u201cRecentemente, o wi-fi gratuito foi implantado em todos os \u00f4nibus e, esse investimento em abrigos \u00e9 mais uma maneira de oferecer um servi\u00e7o de transporte coletivo de melhor qualidade que atenda \u00e0s demandas dos passageiros\u201d, afirma o diretor de Transporte da Unidade de Gest\u00e3o de Mobilidade e Transporte, Leslie Litano Tealdi.<\/p>\n\n\n<div class=\"wp-block-image\">\n<figure class=\"aligncenter size-large is-resized\"><img loading=\"lazy\" decoding=\"async\" src=\"https:\/\/tvtecjundiai.com.br\/news\/wp-content\/uploads\/sites\/2\/2023\/06\/abrigo-onibus-luis-latorre-1280x929-1-1200x871.jpg\" alt=\"\" class=\"wp-image-110363\" width=\"840\" height=\"609\" srcset=\"https:\/\/tvtecjundiai.com.br\/news\/wp-content\/uploads\/sites\/2\/2023\/06\/abrigo-onibus-luis-latorre-1280x929-1-1200x871.jpg 1200w, https:\/\/tvtecjundiai.com.br\/news\/wp-content\/uploads\/sites\/2\/2023\/06\/abrigo-onibus-luis-latorre-1280x929-1-300x218.jpg 300w, https:\/\/tvtecjundiai.com.br\/news\/wp-content\/uploads\/sites\/2\/2023\/06\/abrigo-onibus-luis-latorre-1280x929-1-768x557.jpg 768w, https:\/\/tvtecjundiai.com.br\/news\/wp-content\/uploads\/sites\/2\/2023\/06\/abrigo-onibus-luis-latorre-1280x929-1.jpg 1280w\" sizes=\"auto, (max-width: 840px) 100vw, 840px\" \/><figcaption class=\"wp-element-caption\">Todas as regi\u00f5es de Jundia\u00ed ser\u00e3o contempladas com novos abrigos<\/figcaption><\/figure>\n<\/div>\n\n\n<p><strong><em>Fonte \/ Imagem: Prefeitura de Jundia\u00ed<\/em><\/strong><\/p>\n","protected":false},"excerpt":{"rendered":"<p>Todas as regi\u00f5es de Jundia\u00ed ser\u00e3o contempladas com novos abrigos<\/p>\n","protected":false},"author":30,"featured_media":110360,"comment_status":"closed","ping_status":"0","sticky":false,"template":"","format":"standard","meta":{"footnotes":""},"categories":[8356,1,3059],"tags":[],"class_list":["post-110357","post","type-post","status-publish","format-standard","has-post-thumbnail","hentry","category-jundiai","category-noticias","category-transportes"],"_links":{"self":[{"href":"https:\/\/tvtecjundiai.com.br\/news\/wp-json\/wp\/v2\/posts\/110357","targetHints":{"allow":["GET"]}}],"collection":[{"href":"https:\/\/tvtecjundiai.com.br\/news\/wp-json\/wp\/v2\/posts"}],"about":[{"href":"https:\/\/tvtecjundiai.com.br\/news\/wp-json\/wp\/v2\/types\/post"}],"author":[{"embeddable":true,"href":"https:\/\/tvtecjundiai.com.br\/news\/wp-json\/wp\/v2\/users\/30"}],"replies":[{"embeddable":true,"href":"https:\/\/tvtecjundiai.com.br\/news\/wp-json\/wp\/v2\/comments?post=110357"}],"version-history":[{"count":1,"href":"https:\/\/tvtecjundiai.com.br\/news\/wp-json\/wp\/v2\/posts\/110357\/revisions"}],"predecessor-version":[{"id":110364,"href":"https:\/\/tvtecjundiai.com.br\/news\/wp-json\/wp\/v2\/posts\/110357\/revisions\/110364"}],"wp:featuredmedia":[{"embeddable":true,"href":"https:\/\/tvtecjundiai.com.br\/news\/wp-json\/wp\/v2\/media\/110360"}],"wp:attachment":[{"href":"https:\/\/tvtecjundiai.com.br\/news\/wp-json\/wp\/v2\/media?parent=110357"}],"wp:term":[{"taxonomy":"category","embeddable":true,"href":"https:\/\/tvtecjundiai.com.br\/news\/wp-json\/wp\/v2\/categories?post=110357"},{"taxonomy":"post_tag","embeddable":true,"href":"https:\/\/tvtecjundiai.com.br\/news\/wp-json\/wp\/v2\/tags?post=110357"}],"curies":[{"name":"wp","href":"https:\/\/api.w.org\/{rel}","templated":true}]}}