{"id":110369,"date":"2023-06-05T11:28:28","date_gmt":"2023-06-05T14:28:28","guid":{"rendered":"https:\/\/tvtecjundiai.com.br\/news\/?p=110369"},"modified":"2023-06-05T11:28:29","modified_gmt":"2023-06-05T14:28:29","slug":"teatro-polytheama-recebe-musical-a-bela-e-a-fera-no-sabado-10","status":"publish","type":"post","link":"https:\/\/tvtecjundiai.com.br\/news\/2023\/06\/05\/teatro-polytheama-recebe-musical-a-bela-e-a-fera-no-sabado-10\/","title":{"rendered":"Teatro Polytheama recebe musical &#8216;A Bela e a Fera&#8217; no s\u00e1bado (10)"},"content":{"rendered":"\n<p>O espet\u00e1culo \u201cA Bela e a Fera\u201d, da Teatro GT, ganha o palco do Teatro Polytheama neste s\u00e1bado (10), \u00e0s 16h.\u00a0A produ\u00e7\u00e3o tem dura\u00e7\u00e3o de 90 minutos e \u00e9 uma releitura baseada no conto de dom\u00ednio p\u00fablico franc\u00eas. Os ingressos custam R$ 160 a inteira e R$ 80 a meia-entrada para frisa e plateia e podem ser adquiridos na bilheteria do Teatro Polytheama ou pela plataforma Sympla. <\/p>\n\n\n\n<p>Em &#8220;A Bela e a Fera&#8221;, o elenco atua, canta e dan\u00e7a acompanhado de uma orquestra. O espet\u00e1culo tem a produ\u00e7\u00e3o geral de Ewerton Novaes, dire\u00e7\u00e3o executiva de Daniela Schiarreta, dire\u00e7\u00e3o musical do maestro Eduardo Pereira, prepara\u00e7\u00e3o vocal de Mariana Nunes, coreografias de Tatiana Abbiati, Alessandra Lona como <em>dance captain<\/em>, dire\u00e7\u00e3o residente de Ewerton Novaes e dire\u00e7\u00e3o geral de Bruno Rizzo.<\/p>\n\n\n<div class=\"wp-block-image\">\n<figure class=\"aligncenter size-full is-resized\"><img loading=\"lazy\" decoding=\"async\" src=\"https:\/\/tvtecjundiai.com.br\/news\/wp-content\/uploads\/sites\/2\/2023\/06\/A-bela-e-a-fera-espetaculo-musical-cred-carlos-paszko.jpg\" alt=\"\" class=\"wp-image-110374\" width=\"696\" height=\"405\" srcset=\"https:\/\/tvtecjundiai.com.br\/news\/wp-content\/uploads\/sites\/2\/2023\/06\/A-bela-e-a-fera-espetaculo-musical-cred-carlos-paszko.jpg 800w, https:\/\/tvtecjundiai.com.br\/news\/wp-content\/uploads\/sites\/2\/2023\/06\/A-bela-e-a-fera-espetaculo-musical-cred-carlos-paszko-300x175.jpg 300w, https:\/\/tvtecjundiai.com.br\/news\/wp-content\/uploads\/sites\/2\/2023\/06\/A-bela-e-a-fera-espetaculo-musical-cred-carlos-paszko-768x447.jpg 768w\" sizes=\"auto, (max-width: 696px) 100vw, 696px\" \/><figcaption class=\"wp-element-caption\">Foto: Carlos Paszko<\/figcaption><\/figure>\n<\/div>\n\n\n<p><\/p>\n\n\n\n<p><strong>Musical &#8220;A Bela e a Fera&#8221;, no Teatro Polytheama<\/strong><\/p>\n\n\n\n<ul class=\"wp-block-list\">\n<li><strong>Dia: <\/strong>s\u00e1bado, 10 de junho<\/li>\n\n\n\n<li><strong>Hor\u00e1rio:<\/strong> \u00e0s 16h<\/li>\n\n\n\n<li><strong>Ingressos:<\/strong> R$ 160 a inteira e R$ 80 a meia-entrada para frisa e plateia <\/li>\n<\/ul>\n\n\n\n<p><strong><em>(Fonte: TVTEC Jundia\u00ed\/Imagem: Carlos Paszko)<\/em><\/strong><\/p>\n","protected":false},"excerpt":{"rendered":"<p>No espet\u00e1culo, o elenco atua, canta e dan\u00e7a acompanhado de uma orquestra<\/p>\n","protected":false},"author":30,"featured_media":110374,"comment_status":"closed","ping_status":"0","sticky":false,"template":"","format":"standard","meta":{"footnotes":""},"categories":[2833,8356,1],"tags":[],"class_list":["post-110369","post","type-post","status-publish","format-standard","has-post-thumbnail","hentry","category-cultura","category-jundiai","category-noticias"],"_links":{"self":[{"href":"https:\/\/tvtecjundiai.com.br\/news\/wp-json\/wp\/v2\/posts\/110369","targetHints":{"allow":["GET"]}}],"collection":[{"href":"https:\/\/tvtecjundiai.com.br\/news\/wp-json\/wp\/v2\/posts"}],"about":[{"href":"https:\/\/tvtecjundiai.com.br\/news\/wp-json\/wp\/v2\/types\/post"}],"author":[{"embeddable":true,"href":"https:\/\/tvtecjundiai.com.br\/news\/wp-json\/wp\/v2\/users\/30"}],"replies":[{"embeddable":true,"href":"https:\/\/tvtecjundiai.com.br\/news\/wp-json\/wp\/v2\/comments?post=110369"}],"version-history":[{"count":1,"href":"https:\/\/tvtecjundiai.com.br\/news\/wp-json\/wp\/v2\/posts\/110369\/revisions"}],"predecessor-version":[{"id":110376,"href":"https:\/\/tvtecjundiai.com.br\/news\/wp-json\/wp\/v2\/posts\/110369\/revisions\/110376"}],"wp:featuredmedia":[{"embeddable":true,"href":"https:\/\/tvtecjundiai.com.br\/news\/wp-json\/wp\/v2\/media\/110374"}],"wp:attachment":[{"href":"https:\/\/tvtecjundiai.com.br\/news\/wp-json\/wp\/v2\/media?parent=110369"}],"wp:term":[{"taxonomy":"category","embeddable":true,"href":"https:\/\/tvtecjundiai.com.br\/news\/wp-json\/wp\/v2\/categories?post=110369"},{"taxonomy":"post_tag","embeddable":true,"href":"https:\/\/tvtecjundiai.com.br\/news\/wp-json\/wp\/v2\/tags?post=110369"}],"curies":[{"name":"wp","href":"https:\/\/api.w.org\/{rel}","templated":true}]}}