{"id":110375,"date":"2023-06-05T11:29:40","date_gmt":"2023-06-05T14:29:40","guid":{"rendered":"https:\/\/tvtecjundiai.com.br\/news\/?p=110375"},"modified":"2023-06-05T11:29:41","modified_gmt":"2023-06-05T14:29:41","slug":"projeto-contem-sonhos-incentiva-a-leitura-desde-a-infancia","status":"publish","type":"post","link":"https:\/\/tvtecjundiai.com.br\/news\/2023\/06\/05\/projeto-contem-sonhos-incentiva-a-leitura-desde-a-infancia\/","title":{"rendered":"Projeto \u2018Cont\u00e9m Sonhos\u2019 incentiva a leitura desde a inf\u00e2ncia\u00a0"},"content":{"rendered":"\n<p>O programa Escola Inovadora desenvolve dentro do eixo qualidade de ensino o \u201cCont\u00e9m Sonhos\u201d, projeto que tem como objetivo o est\u00edmulo \u00e0 leitura de todos os seus estudantes, desde os beb\u00eas at\u00e9 os alunos da Educa\u00e7\u00e3o de Jovens e Adultos (EJA), cerca de 36 mil alunos da rede municipal.<\/p>\n\n\n\n<p>Al\u00e9m das atividades de leitura desenvolvidas em sala de aula, \u00e0s sextas-feiras, os estudantes v\u00e3o at\u00e9 a sala de leitura e escolhem o livro que desejarem levar para a casa em uma sacola de pano personalizada.<\/p>\n\n\n\n<p>Por esse motivo, a sexta-feira virou o dia preferido dos alunos do 5\u00ba ano A da EMEB Jos\u00e9 Leme do Prado Filho, do Jardim Esplanada. Nesse dia, eles s\u00e3o acompanhados pela professora Mariana Beraldi at\u00e9 a sala de leitura e, ao longo da semana seguinte, trabalham em sala de aula os conte\u00fados na disciplina de L\u00edngua Portuguesa.<\/p>\n\n\n<div class=\"wp-block-image\">\n<figure class=\"aligncenter size-large\"><img loading=\"lazy\" decoding=\"async\" width=\"1200\" height=\"801\" src=\"https:\/\/tvtecjundiai.com.br\/news\/wp-content\/uploads\/sites\/2\/2023\/06\/emeb-jose-lemes_contem-sonhos_m_-1-3-1280x854-1-1200x801.jpg\" alt=\"\" class=\"wp-image-110377\" srcset=\"https:\/\/tvtecjundiai.com.br\/news\/wp-content\/uploads\/sites\/2\/2023\/06\/emeb-jose-lemes_contem-sonhos_m_-1-3-1280x854-1-1200x801.jpg 1200w, https:\/\/tvtecjundiai.com.br\/news\/wp-content\/uploads\/sites\/2\/2023\/06\/emeb-jose-lemes_contem-sonhos_m_-1-3-1280x854-1-300x200.jpg 300w, https:\/\/tvtecjundiai.com.br\/news\/wp-content\/uploads\/sites\/2\/2023\/06\/emeb-jose-lemes_contem-sonhos_m_-1-3-1280x854-1-768x512.jpg 768w, https:\/\/tvtecjundiai.com.br\/news\/wp-content\/uploads\/sites\/2\/2023\/06\/emeb-jose-lemes_contem-sonhos_m_-1-3-1280x854-1.jpg 1280w\" sizes=\"auto, (max-width: 1200px) 100vw, 1200px\" \/><figcaption class=\"wp-element-caption\">As crian\u00e7as escolhem um livro do g\u00eanero com que mais se identificam para levar para casa<\/figcaption><\/figure>\n<\/div>\n\n\n<p>Uma das leitoras da turma, a aluna Giovanna Moraes, de 10 anos, adora os livros de aventura.&nbsp; \u201cEu gosto muito de ler o \u2018Di\u00e1rio de um Banana\u2019 e outras hist\u00f3rias de aventura. Depois que comecei a ler um livro por semana, minha leitura e fala melhoraram muito\u201d, avalia.<\/p>\n\n\n\n<p>O g\u00eanero aventura \u00e9 tamb\u00e9m o favorito do Vitor Busato, tamb\u00e9m de 10 anos. \u201cToda semana eu escolho um livro. O da \u00faltima semana foi o Sherlock Holmes. Isso tem me ajudado a aprender e ler melhor\u201d, comemora o aluno.<\/p>\n\n\n<div class=\"wp-block-image\">\n<figure class=\"aligncenter size-large\"><img loading=\"lazy\" decoding=\"async\" width=\"1200\" height=\"801\" src=\"https:\/\/tvtecjundiai.com.br\/news\/wp-content\/uploads\/sites\/2\/2023\/06\/emeb-jose-lemes_contem-sonhos_m_-25-1280x854-1-1200x801.jpg\" alt=\"\" class=\"wp-image-110378\" srcset=\"https:\/\/tvtecjundiai.com.br\/news\/wp-content\/uploads\/sites\/2\/2023\/06\/emeb-jose-lemes_contem-sonhos_m_-25-1280x854-1-1200x801.jpg 1200w, https:\/\/tvtecjundiai.com.br\/news\/wp-content\/uploads\/sites\/2\/2023\/06\/emeb-jose-lemes_contem-sonhos_m_-25-1280x854-1-300x200.jpg 300w, https:\/\/tvtecjundiai.com.br\/news\/wp-content\/uploads\/sites\/2\/2023\/06\/emeb-jose-lemes_contem-sonhos_m_-25-1280x854-1-768x512.jpg 768w, https:\/\/tvtecjundiai.com.br\/news\/wp-content\/uploads\/sites\/2\/2023\/06\/emeb-jose-lemes_contem-sonhos_m_-25-1280x854-1.jpg 1280w\" sizes=\"auto, (max-width: 1200px) 100vw, 1200px\" \/><figcaption class=\"wp-element-caption\">Giovanna Moraes e Vitor Busato t\u00eam o gosto em comum pelo g\u00eanero Aventura<\/figcaption><\/figure>\n<\/div>\n\n\n<p>A gestora de Educa\u00e7\u00e3o, Vast\u00ed Ferrari, incentiva o projeto \u2018Cont\u00e9m Sonhos\u2019 por conta da relev\u00e2ncia da pr\u00e1tica da leitura para todas as crian\u00e7as, independentemente da idade. \u201cA iniciativa surgiu do\u00a0 Centro Internacional de Estudos, Mem\u00f3rias e Pesquisas da Inf\u00e2ncia (CIEMPI) e \u00e9 desenvolvida em todas as escolas, ampliando o repert\u00f3rio oral e escrito, a imagina\u00e7\u00e3o e criatividade e a percep\u00e7\u00e3o dos nossos estudantes, que t\u00eam tudo a ver com a melhoria da qualidade de ensino pelo programa municipal\u201d, destaca a gestora.<\/p>\n\n\n\n<p><em><strong>Fonte \/ Imagem: Prefeitura de Jundia\u00ed<\/strong><\/em><\/p>\n","protected":false},"excerpt":{"rendered":"<p>As crian\u00e7as escolhem um livro do g\u00eanero com que mais se identificam para levar para casa<\/p>\n","protected":false},"author":30,"featured_media":110377,"comment_status":"closed","ping_status":"0","sticky":false,"template":"","format":"standard","meta":{"footnotes":""},"categories":[2828,8356,1],"tags":[],"class_list":["post-110375","post","type-post","status-publish","format-standard","has-post-thumbnail","hentry","category-educacao","category-jundiai","category-noticias"],"_links":{"self":[{"href":"https:\/\/tvtecjundiai.com.br\/news\/wp-json\/wp\/v2\/posts\/110375","targetHints":{"allow":["GET"]}}],"collection":[{"href":"https:\/\/tvtecjundiai.com.br\/news\/wp-json\/wp\/v2\/posts"}],"about":[{"href":"https:\/\/tvtecjundiai.com.br\/news\/wp-json\/wp\/v2\/types\/post"}],"author":[{"embeddable":true,"href":"https:\/\/tvtecjundiai.com.br\/news\/wp-json\/wp\/v2\/users\/30"}],"replies":[{"embeddable":true,"href":"https:\/\/tvtecjundiai.com.br\/news\/wp-json\/wp\/v2\/comments?post=110375"}],"version-history":[{"count":1,"href":"https:\/\/tvtecjundiai.com.br\/news\/wp-json\/wp\/v2\/posts\/110375\/revisions"}],"predecessor-version":[{"id":110379,"href":"https:\/\/tvtecjundiai.com.br\/news\/wp-json\/wp\/v2\/posts\/110375\/revisions\/110379"}],"wp:featuredmedia":[{"embeddable":true,"href":"https:\/\/tvtecjundiai.com.br\/news\/wp-json\/wp\/v2\/media\/110377"}],"wp:attachment":[{"href":"https:\/\/tvtecjundiai.com.br\/news\/wp-json\/wp\/v2\/media?parent=110375"}],"wp:term":[{"taxonomy":"category","embeddable":true,"href":"https:\/\/tvtecjundiai.com.br\/news\/wp-json\/wp\/v2\/categories?post=110375"},{"taxonomy":"post_tag","embeddable":true,"href":"https:\/\/tvtecjundiai.com.br\/news\/wp-json\/wp\/v2\/tags?post=110375"}],"curies":[{"name":"wp","href":"https:\/\/api.w.org\/{rel}","templated":true}]}}