{"id":110385,"date":"2023-06-05T14:11:33","date_gmt":"2023-06-05T17:11:33","guid":{"rendered":"https:\/\/tvtecjundiai.com.br\/news\/?p=110385"},"modified":"2023-06-05T16:15:33","modified_gmt":"2023-06-05T19:15:33","slug":"curso-de-auxiliar-administrativo-esta-com-pre-inscricao-aberta","status":"publish","type":"post","link":"https:\/\/tvtecjundiai.com.br\/news\/2023\/06\/05\/curso-de-auxiliar-administrativo-esta-com-pre-inscricao-aberta\/","title":{"rendered":"Curso de Auxiliar Administrativo est\u00e1 com pr\u00e9-inscri\u00e7\u00e3o aberta em Jundia\u00ed"},"content":{"rendered":"\n<p>Est\u00e1 dispon\u00edvel, nesta segunda-feira (05), a pr\u00e9-inscri\u00e7\u00e3o para o curso de Auxiliar Administrativo, realizado gratuitamente pelo Fundo Social de Solidariedade de Jundia\u00ed (Funss), em parceria com o Senai.&nbsp;Os interessados em participar j\u00e1 podem acessar o&nbsp;<em>link<\/em>&nbsp;da turma e preencher o Formul\u00e1rio Google.<\/p>\n\n\n\n<p>Al\u00e9m de ser morador de Jundia\u00ed, o aluno deve ter o Ensino Fundamental completo e a idade m\u00ednima de 16 anos. Na capacita\u00e7\u00e3o, o participante aprender\u00e1 a auxiliar nos trabalhos pertinentes \u00e0s \u00e1reas administrativas das organiza\u00e7\u00f5es, como financeiro, contabilidade, log\u00edstica, recursos humanos, marketing e comercial de acordo com a legisla\u00e7\u00e3o, procedimentos internos, normas ambientais, de qualidade e de seguran\u00e7a e sa\u00fade no trabalho, entre outros. Confira o cronograma:<\/p>\n\n\n<div class=\"wp-block-image\">\n<figure class=\"aligncenter size-large is-resized\"><img loading=\"lazy\" decoding=\"async\" src=\"https:\/\/tvtecjundiai.com.br\/news\/wp-content\/uploads\/sites\/2\/2023\/06\/auxiliar-administrativo-1200x800.jpg\" alt=\"\" class=\"wp-image-110388\" width=\"658\" height=\"439\" srcset=\"https:\/\/tvtecjundiai.com.br\/news\/wp-content\/uploads\/sites\/2\/2023\/06\/auxiliar-administrativo-1200x800.jpg 1200w, https:\/\/tvtecjundiai.com.br\/news\/wp-content\/uploads\/sites\/2\/2023\/06\/auxiliar-administrativo-300x200.jpg 300w, https:\/\/tvtecjundiai.com.br\/news\/wp-content\/uploads\/sites\/2\/2023\/06\/auxiliar-administrativo-768x512.jpg 768w, https:\/\/tvtecjundiai.com.br\/news\/wp-content\/uploads\/sites\/2\/2023\/06\/auxiliar-administrativo.jpg 1280w\" sizes=\"auto, (max-width: 658px) 100vw, 658px\" \/><\/figure>\n<\/div>\n\n\n<p><strong>Curso de Auxiliar Administrativo<\/strong><\/p>\n\n\n\n<p>N\u00ba de vagas: 32<\/p>\n\n\n\n<p>Carga hor\u00e1ria: 160 horas<\/p>\n\n\n\n<p>In\u00edcio: 19\/06\/2023<\/p>\n\n\n\n<p>T\u00e9rmino: 22\/08\/2023<\/p>\n\n\n\n<p>Aulas de 2\u00aa, 3\u00aa, 4\u00aa, 5\u00aa e 6\u00aa feira<\/p>\n\n\n\n<p>Hor\u00e1rio: 18h30 \u00e0s 22h<\/p>\n\n\n\n<p>Local: Escola Senai \u201cConde Alexandre Siciliano\u201d \u2013 Rua Engenheiro Roberto Mange, 95, Anhangaba\u00fa<\/p>\n\n\n\n<p><strong>Link de inscri\u00e7\u00e3o:&nbsp;<\/strong><a href=\"https:\/\/forms.gle\/B2uRU2a3yd7XBaH68\" target=\"_blank\" rel=\"noreferrer noopener\">https:\/\/forms.gle\/B2uRU2a3yd7XBaH68<\/a><\/p>\n\n\n\n<p><strong>Contemplados<\/strong><\/p>\n\n\n\n<p>Os nomes dos selecionados ser\u00e3o divulgados no site da Prefeitura de Jundia\u00ed e os contemplados receber\u00e3o uma mensagem de WhatsApp para confirma\u00e7\u00e3o da matr\u00edcula, momento em que tamb\u00e9m ser\u00e1 solicitado o envio de foto ou do arquivo dos seguintes documentos:&nbsp;<strong>RG, CPF, Comprovante de Resid\u00eancia e Comprovante Escolar (hist\u00f3rico escolar ou certificado)<\/strong>.<\/p>\n\n\n\n<p>Se o contemplado n\u00e3o responder \u00e0 mensagem em 24 horas, ter\u00e1 sua pr\u00e9-inscri\u00e7\u00e3o cancelada. As fichas n\u00e3o contempladas est\u00e3o, automaticamente, na lista de espera e poder\u00e3o ser convocadas somente em caso de desist\u00eancia at\u00e9 o segundo dia do curso.<\/p>\n\n\n\n<p>As aulas ser\u00e3o na Escola Senai \u201cConde Alexandre Siciliano\u201d, localizada na Rua Engenheiro Roberto Mange, 95, Anhangaba\u00fa. Informa\u00e7\u00f5es pelos telefones do Fundo Social: (11) 4589-6319 e 4589-6320.<\/p>\n\n\n\n<p><strong><em>Fonte \/ Imagem: Prefeitura de Jundia\u00ed<\/em><\/strong><\/p>\n","protected":false},"excerpt":{"rendered":"<p>Al\u00e9m de ser morador de Jundia\u00ed, o aluno deve ter o Ensino Fundamental completo e a idade m\u00ednima de 16 anos<\/p>\n","protected":false},"author":30,"featured_media":110388,"comment_status":"closed","ping_status":"0","sticky":false,"template":"","format":"standard","meta":{"footnotes":""},"categories":[8356,1],"tags":[],"class_list":["post-110385","post","type-post","status-publish","format-standard","has-post-thumbnail","hentry","category-jundiai","category-noticias"],"_links":{"self":[{"href":"https:\/\/tvtecjundiai.com.br\/news\/wp-json\/wp\/v2\/posts\/110385","targetHints":{"allow":["GET"]}}],"collection":[{"href":"https:\/\/tvtecjundiai.com.br\/news\/wp-json\/wp\/v2\/posts"}],"about":[{"href":"https:\/\/tvtecjundiai.com.br\/news\/wp-json\/wp\/v2\/types\/post"}],"author":[{"embeddable":true,"href":"https:\/\/tvtecjundiai.com.br\/news\/wp-json\/wp\/v2\/users\/30"}],"replies":[{"embeddable":true,"href":"https:\/\/tvtecjundiai.com.br\/news\/wp-json\/wp\/v2\/comments?post=110385"}],"version-history":[{"count":2,"href":"https:\/\/tvtecjundiai.com.br\/news\/wp-json\/wp\/v2\/posts\/110385\/revisions"}],"predecessor-version":[{"id":110402,"href":"https:\/\/tvtecjundiai.com.br\/news\/wp-json\/wp\/v2\/posts\/110385\/revisions\/110402"}],"wp:featuredmedia":[{"embeddable":true,"href":"https:\/\/tvtecjundiai.com.br\/news\/wp-json\/wp\/v2\/media\/110388"}],"wp:attachment":[{"href":"https:\/\/tvtecjundiai.com.br\/news\/wp-json\/wp\/v2\/media?parent=110385"}],"wp:term":[{"taxonomy":"category","embeddable":true,"href":"https:\/\/tvtecjundiai.com.br\/news\/wp-json\/wp\/v2\/categories?post=110385"},{"taxonomy":"post_tag","embeddable":true,"href":"https:\/\/tvtecjundiai.com.br\/news\/wp-json\/wp\/v2\/tags?post=110385"}],"curies":[{"name":"wp","href":"https:\/\/api.w.org\/{rel}","templated":true}]}}