{"id":110390,"date":"2023-06-05T14:13:51","date_gmt":"2023-06-05T17:13:51","guid":{"rendered":"https:\/\/tvtecjundiai.com.br\/news\/?p=110390"},"modified":"2023-06-05T14:14:20","modified_gmt":"2023-06-05T17:14:20","slug":"cultura-abre-inscricoes-gratuitas-para-interessados-em-percorrer-a-rota-afro","status":"publish","type":"post","link":"https:\/\/tvtecjundiai.com.br\/news\/2023\/06\/05\/cultura-abre-inscricoes-gratuitas-para-interessados-em-percorrer-a-rota-afro\/","title":{"rendered":"Cultura abre inscri\u00e7\u00f5es gratuitas para interessados em percorrer a Rota Afro"},"content":{"rendered":"\n<p>A Unidade de Gest\u00e3o de Cultura (UGC) abriu duas novas datas para realiza\u00e7\u00e3o da&nbsp;<a href=\"https:\/\/cultura.jundiai.sp.gov.br\/festivais-e-programas\/rota-afro\/\">Rota Afro \u2013 Circuito da Mem\u00f3ria da Popula\u00e7\u00e3o Negra em Jundia\u00ed<\/a>: nos dias 17 de junho e 22 de julho.<\/p>\n\n\n\n<p>Os interessados devem se inscrever por meio de formul\u00e1rio on-line. Cada um dos formul\u00e1rios conta com 50 vagas \u2013 as 40 primeiras para os contemplados por ordem de inscri\u00e7\u00e3o e as dez seguintes como fila de espera. Portanto, \u00e9 necess\u00e1rio que o interessado fique atento \u00e0 caixa de entrada do e-mail indicado na inscri\u00e7\u00e3o para confirma\u00e7\u00e3o do Departamento de Patrim\u00f4nio Hist\u00f3rico da UGC.<\/p>\n\n\n\n<p><strong>FA\u00c7A SUA INSCRI\u00c7\u00c3O \u2013&nbsp;<a rel=\"noreferrer noopener\" href=\"https:\/\/docs.google.com\/forms\/d\/e\/1FAIpQLSffBDfGmDAE02mD6zKCeipgi5B03p9m7ArLlbHU_sMECXf5yA\/viewform\" target=\"_blank\">17 DE JUNHO<\/a>&nbsp;E&nbsp;<a rel=\"noreferrer noopener\" href=\"https:\/\/docs.google.com\/forms\/d\/e\/1FAIpQLSd3tfH-m113QVLTZJNGlDK6ZS2pAlszfkmDZB75isqZAWcZAw\/viewform\" target=\"_blank\">22 DE JULHO<\/a><\/strong><\/p>\n\n\n\n<p>A Rota Afro \u00e9 uma iniciativa de educa\u00e7\u00e3o patrimonial que consiste na visita monitorada, em grupo, a pontos marcantes da presen\u00e7a da popula\u00e7\u00e3o negra no Munic\u00edpio, acompanhado de equipe mediadora e trajeto gratuito com \u00f4nibus. Os trajetos v\u00e3o das 8h \u00e0s 16h, com uma pausa para almo\u00e7o, por conta do inscrito.<\/p>\n\n\n\n<p>Durante a media\u00e7\u00e3o, o grupo \u00e9 recebido em cada um dos pontos \u2013 Espa\u00e7o Expressa (antigo Complexo Fepasa), Jardim Bot\u00e2nico, Clube 28 de Setembro e Centro Hist\u00f3rico \u2013 por elenco pr\u00f3prio da Rota, que realiza as interven\u00e7\u00f5es art\u00edsticas referentes ao tema do espa\u00e7o visitado.<\/p>\n\n\n<div class=\"wp-block-image\">\n<figure class=\"aligncenter size-large\"><img loading=\"lazy\" decoding=\"async\" width=\"1200\" height=\"801\" src=\"https:\/\/tvtecjundiai.com.br\/news\/wp-content\/uploads\/sites\/2\/2023\/06\/rota_afro_servidores_publicos_jardim-botanico_m_-7-1-1280x854-2-1200x801.jpg\" alt=\"\" class=\"wp-image-110392\" srcset=\"https:\/\/tvtecjundiai.com.br\/news\/wp-content\/uploads\/sites\/2\/2023\/06\/rota_afro_servidores_publicos_jardim-botanico_m_-7-1-1280x854-2-1200x801.jpg 1200w, https:\/\/tvtecjundiai.com.br\/news\/wp-content\/uploads\/sites\/2\/2023\/06\/rota_afro_servidores_publicos_jardim-botanico_m_-7-1-1280x854-2-300x200.jpg 300w, https:\/\/tvtecjundiai.com.br\/news\/wp-content\/uploads\/sites\/2\/2023\/06\/rota_afro_servidores_publicos_jardim-botanico_m_-7-1-1280x854-2-768x512.jpg 768w, https:\/\/tvtecjundiai.com.br\/news\/wp-content\/uploads\/sites\/2\/2023\/06\/rota_afro_servidores_publicos_jardim-botanico_m_-7-1-1280x854-2.jpg 1280w\" sizes=\"auto, (max-width: 1200px) 100vw, 1200px\" \/><figcaption class=\"wp-element-caption\">Entre os grupos que j\u00e1 participaram da Rota, a Cultura fez edi\u00e7\u00f5es especiais com servidores<\/figcaption><\/figure>\n<\/div>\n\n\n<p><strong>Mais Rota<br><\/strong>Al\u00e9m das edi\u00e7\u00f5es da Rota Afro para grupos segmentados e para interessados em geral, a UGC realizou na \u00faltima semana edi\u00e7\u00f5es especiais voltada para os servidores e estagi\u00e1rios da Unidade e da Funda\u00e7\u00e3o Casa da Cultura e Esportes, al\u00e9m dos colaboradores em geral que atuam nos equipamentos culturais.<\/p>\n\n\n\n<p>A atividade segmentada fez parte do curso de \u201cHumanidades\u201d, promovido pela Unidade, com a media\u00e7\u00e3o da psic\u00f3loga Luciana Minelli. Com encontros semanais, o curso foi iniciado em novembro e prop\u00f5e atividades em grupo nos equipamentos culturais e tem\u00e1ticas.<\/p>\n\n\n\n<p><strong><em>Fonte \/ Imagem: Prefeitura de Jundia\u00ed<\/em><\/strong><\/p>\n","protected":false},"excerpt":{"rendered":"<p>Entre os grupos que j\u00e1 participaram da Rota, a Cultura fez edi\u00e7\u00f5es especiais com servidores<\/p>\n","protected":false},"author":30,"featured_media":110394,"comment_status":"closed","ping_status":"0","sticky":false,"template":"","format":"standard","meta":{"footnotes":""},"categories":[2833,8356,1],"tags":[],"class_list":["post-110390","post","type-post","status-publish","format-standard","has-post-thumbnail","hentry","category-cultura","category-jundiai","category-noticias"],"_links":{"self":[{"href":"https:\/\/tvtecjundiai.com.br\/news\/wp-json\/wp\/v2\/posts\/110390","targetHints":{"allow":["GET"]}}],"collection":[{"href":"https:\/\/tvtecjundiai.com.br\/news\/wp-json\/wp\/v2\/posts"}],"about":[{"href":"https:\/\/tvtecjundiai.com.br\/news\/wp-json\/wp\/v2\/types\/post"}],"author":[{"embeddable":true,"href":"https:\/\/tvtecjundiai.com.br\/news\/wp-json\/wp\/v2\/users\/30"}],"replies":[{"embeddable":true,"href":"https:\/\/tvtecjundiai.com.br\/news\/wp-json\/wp\/v2\/comments?post=110390"}],"version-history":[{"count":2,"href":"https:\/\/tvtecjundiai.com.br\/news\/wp-json\/wp\/v2\/posts\/110390\/revisions"}],"predecessor-version":[{"id":110395,"href":"https:\/\/tvtecjundiai.com.br\/news\/wp-json\/wp\/v2\/posts\/110390\/revisions\/110395"}],"wp:featuredmedia":[{"embeddable":true,"href":"https:\/\/tvtecjundiai.com.br\/news\/wp-json\/wp\/v2\/media\/110394"}],"wp:attachment":[{"href":"https:\/\/tvtecjundiai.com.br\/news\/wp-json\/wp\/v2\/media?parent=110390"}],"wp:term":[{"taxonomy":"category","embeddable":true,"href":"https:\/\/tvtecjundiai.com.br\/news\/wp-json\/wp\/v2\/categories?post=110390"},{"taxonomy":"post_tag","embeddable":true,"href":"https:\/\/tvtecjundiai.com.br\/news\/wp-json\/wp\/v2\/tags?post=110390"}],"curies":[{"name":"wp","href":"https:\/\/api.w.org\/{rel}","templated":true}]}}