{"id":110520,"date":"2023-06-07T11:23:59","date_gmt":"2023-06-07T14:23:59","guid":{"rendered":"https:\/\/tvtecjundiai.com.br\/news\/?p=110520"},"modified":"2023-06-07T11:24:00","modified_gmt":"2023-06-07T14:24:00","slug":"alunos-de-escola-estadual-conhecem-paco-municipal-e-conversam-com-prefeito","status":"publish","type":"post","link":"https:\/\/tvtecjundiai.com.br\/news\/2023\/06\/07\/alunos-de-escola-estadual-conhecem-paco-municipal-e-conversam-com-prefeito\/","title":{"rendered":"Alunos de Escola Estadual conhecem Pa\u00e7o Municipal e conversam com prefeito"},"content":{"rendered":"\n<p>Nesta ter\u00e7a-feira (06), o prefeito Luiz Fernando Machado e os gestores Jos\u00e9 Antonio Parimoschi (Governo e Finan\u00e7as) e Adilson Rosa (Infraestrutura e Servi\u00e7os P\u00fablicos) receberam os alunos do 7\u00ba ano da Escola Estadual Maria de Almeida Schledorn, localizada no Jardim das Tulipas, para uma conversa sobre as principais demandas do bairro e apresenta\u00e7\u00e3o da estrutura da Prefeitura.<\/p>\n\n\n\n<p>O encontro foi iniciado no audit\u00f3rio, Luiz Fernando explicou sobre as Unidades de Gest\u00e3o existentes na administra\u00e7\u00e3o e como o poder p\u00fablico atua em prol da popula\u00e7\u00e3o. Tamb\u00e9m foram compartilhadas informa\u00e7\u00f5es sobre as principais obras realizadas no bairro \u2013 como o piscin\u00e3o contra enchentes, al\u00e9m do plano de revitaliza\u00e7\u00e3o do Parque Bot\u00e2nico do Tulipas e a estrutura de gerenciamento de res\u00edduos s\u00f3lidos e coleta seletiva.<\/p>\n\n\n<div class=\"wp-block-image\">\n<figure class=\"aligncenter size-large\"><img loading=\"lazy\" decoding=\"async\" width=\"1200\" height=\"801\" src=\"https:\/\/tvtecjundiai.com.br\/news\/wp-content\/uploads\/sites\/2\/2023\/06\/ugisp-adilson-rosa-e-prefeito-luiz-fernando-recebe-ee-maria-de-almeida-schledorn_fm_-109-1280x854-1-1200x801.jpg\" alt=\"\" class=\"wp-image-110522\" srcset=\"https:\/\/tvtecjundiai.com.br\/news\/wp-content\/uploads\/sites\/2\/2023\/06\/ugisp-adilson-rosa-e-prefeito-luiz-fernando-recebe-ee-maria-de-almeida-schledorn_fm_-109-1280x854-1-1200x801.jpg 1200w, https:\/\/tvtecjundiai.com.br\/news\/wp-content\/uploads\/sites\/2\/2023\/06\/ugisp-adilson-rosa-e-prefeito-luiz-fernando-recebe-ee-maria-de-almeida-schledorn_fm_-109-1280x854-1-300x200.jpg 300w, https:\/\/tvtecjundiai.com.br\/news\/wp-content\/uploads\/sites\/2\/2023\/06\/ugisp-adilson-rosa-e-prefeito-luiz-fernando-recebe-ee-maria-de-almeida-schledorn_fm_-109-1280x854-1-768x512.jpg 768w, https:\/\/tvtecjundiai.com.br\/news\/wp-content\/uploads\/sites\/2\/2023\/06\/ugisp-adilson-rosa-e-prefeito-luiz-fernando-recebe-ee-maria-de-almeida-schledorn_fm_-109-1280x854-1.jpg 1280w\" sizes=\"auto, (max-width: 1200px) 100vw, 1200px\" \/><figcaption class=\"wp-element-caption\">Alunos tiveram a oportunidade de conhecer o gabinete do Prefeito Luiz Fernando Machado<\/figcaption><\/figure>\n<\/div>\n\n\n<p>\u201cEstar com as crian\u00e7as e ter a oportunidade de explicar o funcionamento do poder p\u00fablico \u00e9 uma experi\u00eancia muito enriquecedora para os alunos e para n\u00f3s, que temos muito a ganhar com essa aproxima\u00e7\u00e3o. Jundia\u00ed \u00e9 a Cidade das Crian\u00e7as e precisamos ouvi-las para construir uma cidade melhor para todos\u201d, comenta o chefe do Executivo.<\/p>\n\n\n\n<p>\u201cO contato das crian\u00e7as com administradores p\u00fablicos \u00e9 muito importante, pois al\u00e9m do interesse pela cidade e da busca pelo conhecimento, pode despertar a voca\u00e7\u00e3o de construir algo por Jundia\u00ed\u201d, explica Adilson. \u201cOuvir as crian\u00e7as e passar conhecimento a elas \u00e9 a premissa para a constru\u00e7\u00e3o de uma cidade e um futuro melhor para contribuir com o desenvolvimento de cada uma delas\u201d, completa Parimoschi.<\/p>\n\n\n<div class=\"wp-block-image\">\n<figure class=\"aligncenter size-large\"><img loading=\"lazy\" decoding=\"async\" width=\"1200\" height=\"801\" src=\"https:\/\/tvtecjundiai.com.br\/news\/wp-content\/uploads\/sites\/2\/2023\/06\/ugisp-adilson-rosa-e-prefeito-luiz-fernando-recebe-ee-maria-de-almeida-schledorn_fm_-40-1-1280x854-1-1200x801.jpg\" alt=\"\" class=\"wp-image-110523\" srcset=\"https:\/\/tvtecjundiai.com.br\/news\/wp-content\/uploads\/sites\/2\/2023\/06\/ugisp-adilson-rosa-e-prefeito-luiz-fernando-recebe-ee-maria-de-almeida-schledorn_fm_-40-1-1280x854-1-1200x801.jpg 1200w, https:\/\/tvtecjundiai.com.br\/news\/wp-content\/uploads\/sites\/2\/2023\/06\/ugisp-adilson-rosa-e-prefeito-luiz-fernando-recebe-ee-maria-de-almeida-schledorn_fm_-40-1-1280x854-1-300x200.jpg 300w, https:\/\/tvtecjundiai.com.br\/news\/wp-content\/uploads\/sites\/2\/2023\/06\/ugisp-adilson-rosa-e-prefeito-luiz-fernando-recebe-ee-maria-de-almeida-schledorn_fm_-40-1-1280x854-1-768x512.jpg 768w, https:\/\/tvtecjundiai.com.br\/news\/wp-content\/uploads\/sites\/2\/2023\/06\/ugisp-adilson-rosa-e-prefeito-luiz-fernando-recebe-ee-maria-de-almeida-schledorn_fm_-40-1-1280x854-1.jpg 1280w\" sizes=\"auto, (max-width: 1200px) 100vw, 1200px\" \/><figcaption class=\"wp-element-caption\">Encontro foi iniciado com um bate papo no Audit\u00f3rio do Pa\u00e7o Municipal<\/figcaption><\/figure>\n<\/div>\n\n\n<p>Os alunos tamb\u00e9m conheceram o Gabinete do Prefeito e a Sala de Situa\u00e7\u00e3o. Pela primeira vez no Pa\u00e7o Municipal, Murillo Souza, de 12 anos, aprovou a visita. \u201cFiquei impressionado com tudo o que vi. Foi bom conhecer a Prefeitura e conversar com os gestores para ter informa\u00e7\u00f5es da cidade\u201d, conta. \u201cFoi um dia de constru\u00e7\u00e3o de sonhos e oportunidades para os alunos conhecerem coisas novas e ampliarem os horizontes\u201d, avalia e vice-diretora da escola, Carolina Leite.<\/p>\n\n\n\n<p><strong><em>Fonte \/ Imagem: Prefeitura de Jundia\u00ed<\/em><\/strong><\/p>\n","protected":false},"excerpt":{"rendered":"<p>Encontro foi iniciado com um bate papo no Audit\u00f3rio do Pa\u00e7o Municipal<\/p>\n","protected":false},"author":30,"featured_media":110522,"comment_status":"closed","ping_status":"0","sticky":false,"template":"","format":"standard","meta":{"footnotes":""},"categories":[8356,1],"tags":[],"class_list":["post-110520","post","type-post","status-publish","format-standard","has-post-thumbnail","hentry","category-jundiai","category-noticias"],"_links":{"self":[{"href":"https:\/\/tvtecjundiai.com.br\/news\/wp-json\/wp\/v2\/posts\/110520","targetHints":{"allow":["GET"]}}],"collection":[{"href":"https:\/\/tvtecjundiai.com.br\/news\/wp-json\/wp\/v2\/posts"}],"about":[{"href":"https:\/\/tvtecjundiai.com.br\/news\/wp-json\/wp\/v2\/types\/post"}],"author":[{"embeddable":true,"href":"https:\/\/tvtecjundiai.com.br\/news\/wp-json\/wp\/v2\/users\/30"}],"replies":[{"embeddable":true,"href":"https:\/\/tvtecjundiai.com.br\/news\/wp-json\/wp\/v2\/comments?post=110520"}],"version-history":[{"count":1,"href":"https:\/\/tvtecjundiai.com.br\/news\/wp-json\/wp\/v2\/posts\/110520\/revisions"}],"predecessor-version":[{"id":110524,"href":"https:\/\/tvtecjundiai.com.br\/news\/wp-json\/wp\/v2\/posts\/110520\/revisions\/110524"}],"wp:featuredmedia":[{"embeddable":true,"href":"https:\/\/tvtecjundiai.com.br\/news\/wp-json\/wp\/v2\/media\/110522"}],"wp:attachment":[{"href":"https:\/\/tvtecjundiai.com.br\/news\/wp-json\/wp\/v2\/media?parent=110520"}],"wp:term":[{"taxonomy":"category","embeddable":true,"href":"https:\/\/tvtecjundiai.com.br\/news\/wp-json\/wp\/v2\/categories?post=110520"},{"taxonomy":"post_tag","embeddable":true,"href":"https:\/\/tvtecjundiai.com.br\/news\/wp-json\/wp\/v2\/tags?post=110520"}],"curies":[{"name":"wp","href":"https:\/\/api.w.org\/{rel}","templated":true}]}}