{"id":110527,"date":"2023-06-07T11:37:57","date_gmt":"2023-06-07T14:37:57","guid":{"rendered":"https:\/\/tvtecjundiai.com.br\/news\/?p=110527"},"modified":"2023-06-07T11:37:58","modified_gmt":"2023-06-07T14:37:58","slug":"transporte-metropolitano-funciona-com-horario-especial-durante-o-feriado-de-corpus-christi","status":"publish","type":"post","link":"https:\/\/tvtecjundiai.com.br\/news\/2023\/06\/07\/transporte-metropolitano-funciona-com-horario-especial-durante-o-feriado-de-corpus-christi\/","title":{"rendered":"Transporte metropolitano funciona com hor\u00e1rio especial durante o feriado de Corpus Christi"},"content":{"rendered":"\n<p>O passageiro que for usar as linhas da CPTM durante o feriado prolongado de Corpus Christi deve ficar atento \u00e0s mudan\u00e7as na circula\u00e7\u00e3o de trens. A companhia adota estrat\u00e9gia operacional para executar obras de manuten\u00e7\u00e3o e moderniza\u00e7\u00e3o em alguns dias com menor movimento.<\/p>\n\n\n\n<p>Na quinta-feira (8), a circula\u00e7\u00e3o de trens ser\u00e1 semelhante \u00e0 de um s\u00e1bado nas Linhas 11-Coral e 13-Jade. J\u00e1 os trens da Linha 12-Safira e do Servi\u00e7o 710, que torna poss\u00edvel viajar entre as Linhas 7-Rubi e 10-Turquesa sem a necessidade de transfer\u00eancia na Esta\u00e7\u00e3o Br\u00e1s v\u00e3o operar com intervalos maiores, para execu\u00e7\u00e3o de obras de moderniza\u00e7\u00e3o e manuten\u00e7\u00e3o. Na sexta-feira (9), a circula\u00e7\u00e3o de trens ser\u00e1 normal para um dia \u00fatil em todas as linhas.<\/p>\n\n\n\n<p>No s\u00e1bado (10), a circula\u00e7\u00e3o de trens ocorre com os intervalos programados para este dia em todas as linhas, com exce\u00e7\u00e3o do servi\u00e7o 710, que ter\u00e1 interdi\u00e7\u00e3o para obras no trecho entre as esta\u00e7\u00f5es Prefeito Saladino e Utinga. Das 21h at\u00e9 o fim da opera\u00e7\u00e3o comercial, os trens n\u00e3o v\u00e3o parar nas plataformas das esta\u00e7\u00f5es Utinga e Prefeito Saladino, no sentido Jundia\u00ed. A interdi\u00e7\u00e3o \u00e9 necess\u00e1ria para a realiza\u00e7\u00e3o de servi\u00e7os ao longo da via permanente.<\/p>\n\n\n<div class=\"wp-block-image\">\n<figure class=\"aligncenter size-full is-resized\"><img loading=\"lazy\" decoding=\"async\" src=\"https:\/\/tvtecjundiai.com.br\/news\/wp-content\/uploads\/sites\/2\/2023\/04\/trem-cptm-768x444-1.jpg\" alt=\"\" class=\"wp-image-107579\" width=\"672\" height=\"389\" srcset=\"https:\/\/tvtecjundiai.com.br\/news\/wp-content\/uploads\/sites\/2\/2023\/04\/trem-cptm-768x444-1.jpg 768w, https:\/\/tvtecjundiai.com.br\/news\/wp-content\/uploads\/sites\/2\/2023\/04\/trem-cptm-768x444-1-300x173.jpg 300w\" sizes=\"auto, (max-width: 672px) 100vw, 672px\" \/><\/figure>\n<\/div>\n\n\n<p><\/p>\n\n\n\n<p>No domingo (11), durante toda a opera\u00e7\u00e3o comercial, as altera\u00e7\u00f5es ser\u00e3o na opera\u00e7\u00e3o da Linha 11-Coral e dos servi\u00e7os 710 e Expresso Aeroporto.<\/p>\n\n\n\n<p>Na Linha 11-Coral, o trecho entre as esta\u00e7\u00f5es Luz e Br\u00e1s ficar\u00e1 interditado para realiza\u00e7\u00e3o de servi\u00e7os de manuten\u00e7\u00e3o nos viadutos Brigadeiro Tobias e Avenida Tiradentes, al\u00e9m da continuidade para instala\u00e7\u00e3o de rede de esgoto da plataforma 05 \u00e0 rua da Cantareira. Por conta dessa atividade, o servi\u00e7o 710 estar\u00e1 suspenso e a alternativa \u00e9 utilizar na Esta\u00e7\u00e3o da Luz a Linha 7-Rubi (Jundia\u00ed-Luz) na plataforma 2 e a Linha 10-Turquesa (Luz-Rio Grande da Serra) na plataforma 1. Os passageiros tamb\u00e9m podem optar por seguir viagem fazendo conex\u00e3o com linhas de metr\u00f4 nas esta\u00e7\u00f5es Br\u00e1s e Luz.<\/p>\n\n\n\n<p>Para quem pretende pegar o Servi\u00e7o Expresso Aeroporto no domingo para chegar ao Aeroporto de Guarulhos, as partidas ser\u00e3o feitas na Esta\u00e7\u00e3o Br\u00e1s, na plataforma 8, e n\u00e3o na Esta\u00e7\u00e3o da Luz. Os hor\u00e1rios de partida permanecem os mesmos.<\/p>\n\n\n\n<p>Em raz\u00e3o do feriado, a CPTM estar\u00e1 atenta ao fluxo de passageiros e ter\u00e1 trens de prontid\u00e3o para atender os passageiros, se necess\u00e1rio. O intervalo m\u00e9dio aos s\u00e1bados ap\u00f3s \u00e0s 21h, domingos e feriados \u00e9 de at\u00e9 35 minutos para que a CPTM realize obras de melhorias e moderniza\u00e7\u00e3o para tornar a viagem do passageiro mais segura, r\u00e1pida e confort\u00e1vel.<\/p>\n\n\n\n<p>Todas as mudan\u00e7as na opera\u00e7\u00e3o est\u00e3o sendo informadas aos passageiros por avisos sonoros, pain\u00e9is eletr\u00f4nicos e sinaliza\u00e7\u00e3o no local. \u00c9 poss\u00edvel tamb\u00e9m acompanhar pelas redes sociais da companhia e esclarecer d\u00favidas pelos canais de atendimento: Central de Relacionamento no 0800 055 0121 ou pelo WhatsApp (11) 99767-7030.<\/p>\n\n\n\n<p><strong><em>(Fonte: Secretaria de Transportes Metropolitanos\/Imagem: CPTM\/Divulga\u00e7\u00e3o)<\/em><\/strong><\/p>\n","protected":false},"excerpt":{"rendered":"<p>O passageiro deve ficar atento \u00e0s mudan\u00e7as na circula\u00e7\u00e3o de trens<\/p>\n","protected":false},"author":30,"featured_media":107579,"comment_status":"closed","ping_status":"0","sticky":false,"template":"","format":"standard","meta":{"footnotes":""},"categories":[8356,1,3059],"tags":[],"class_list":["post-110527","post","type-post","status-publish","format-standard","has-post-thumbnail","hentry","category-jundiai","category-noticias","category-transportes"],"_links":{"self":[{"href":"https:\/\/tvtecjundiai.com.br\/news\/wp-json\/wp\/v2\/posts\/110527","targetHints":{"allow":["GET"]}}],"collection":[{"href":"https:\/\/tvtecjundiai.com.br\/news\/wp-json\/wp\/v2\/posts"}],"about":[{"href":"https:\/\/tvtecjundiai.com.br\/news\/wp-json\/wp\/v2\/types\/post"}],"author":[{"embeddable":true,"href":"https:\/\/tvtecjundiai.com.br\/news\/wp-json\/wp\/v2\/users\/30"}],"replies":[{"embeddable":true,"href":"https:\/\/tvtecjundiai.com.br\/news\/wp-json\/wp\/v2\/comments?post=110527"}],"version-history":[{"count":1,"href":"https:\/\/tvtecjundiai.com.br\/news\/wp-json\/wp\/v2\/posts\/110527\/revisions"}],"predecessor-version":[{"id":110529,"href":"https:\/\/tvtecjundiai.com.br\/news\/wp-json\/wp\/v2\/posts\/110527\/revisions\/110529"}],"wp:featuredmedia":[{"embeddable":true,"href":"https:\/\/tvtecjundiai.com.br\/news\/wp-json\/wp\/v2\/media\/107579"}],"wp:attachment":[{"href":"https:\/\/tvtecjundiai.com.br\/news\/wp-json\/wp\/v2\/media?parent=110527"}],"wp:term":[{"taxonomy":"category","embeddable":true,"href":"https:\/\/tvtecjundiai.com.br\/news\/wp-json\/wp\/v2\/categories?post=110527"},{"taxonomy":"post_tag","embeddable":true,"href":"https:\/\/tvtecjundiai.com.br\/news\/wp-json\/wp\/v2\/tags?post=110527"}],"curies":[{"name":"wp","href":"https:\/\/api.w.org\/{rel}","templated":true}]}}