{"id":110549,"date":"2023-06-07T15:42:09","date_gmt":"2023-06-07T18:42:09","guid":{"rendered":"https:\/\/tvtecjundiai.com.br\/news\/?p=110549"},"modified":"2023-06-07T15:42:12","modified_gmt":"2023-06-07T18:42:12","slug":"parque-da-cidade-e-mundo-das-criancas-sao-opcoes-de-lazer-para-o-feriado","status":"publish","type":"post","link":"https:\/\/tvtecjundiai.com.br\/news\/2023\/06\/07\/parque-da-cidade-e-mundo-das-criancas-sao-opcoes-de-lazer-para-o-feriado\/","title":{"rendered":"Parque da Cidade e Mundo das Crian\u00e7as s\u00e3o op\u00e7\u00f5es de lazer para o feriado"},"content":{"rendered":"\n<p>O complexo de parques administrado pela DAE Jundia\u00ed, que conta com o Parque da Cidade e o Mundo das Crian\u00e7as, \u00e9 uma excelente op\u00e7\u00e3o para aproveitar o feriado prolongado de Corpus Christi. Com atividades e atra\u00e7\u00f5es para todas as idades, os espa\u00e7os oferecem momentos de lazer e divers\u00e3o em meio \u00e0 natureza.<\/p>\n\n\n\n<p>No Parque da Cidade, o aluguel de bicicletas oferecido pelo Peama (Programa de Esportes e Atividades Motoras Adaptadas) estar\u00e1 dispon\u00edvel de quinta (8) a domingo (10), das 9 \u00e0s 16 horas. O valor do aluguel \u00e9 de R$ 10 para bicicletas comuns e R$ 20 para as bicicletas duplas.<\/p>\n\n\n\n<p>Al\u00e9m disso, o Parque conta com atra\u00e7\u00f5es ao ar livre, como uma academia e playground adaptados para pessoas com defici\u00eancia, \u00e1reas para piquenique, ciclovia e uma variedade de op\u00e7\u00f5es para toda a fam\u00edlia. O hor\u00e1rio de funcionamento \u00e9 das 6h30 \u00e0s 18 horas, com entrada permitida at\u00e9 \u00e0s 17 horas.<\/p>\n\n\n<div class=\"wp-block-image\">\n<figure class=\"aligncenter size-large\"><img loading=\"lazy\" decoding=\"async\" width=\"1200\" height=\"900\" src=\"https:\/\/tvtecjundiai.com.br\/news\/wp-content\/uploads\/sites\/2\/2023\/06\/img_8803-1200x900.jpg\" alt=\"\" class=\"wp-image-110551\" srcset=\"https:\/\/tvtecjundiai.com.br\/news\/wp-content\/uploads\/sites\/2\/2023\/06\/img_8803-1200x900.jpg 1200w, https:\/\/tvtecjundiai.com.br\/news\/wp-content\/uploads\/sites\/2\/2023\/06\/img_8803-300x225.jpg 300w, https:\/\/tvtecjundiai.com.br\/news\/wp-content\/uploads\/sites\/2\/2023\/06\/img_8803-768x576.jpg 768w, https:\/\/tvtecjundiai.com.br\/news\/wp-content\/uploads\/sites\/2\/2023\/06\/img_8803.jpg 1280w\" sizes=\"auto, (max-width: 1200px) 100vw, 1200px\" \/><figcaption class=\"wp-element-caption\">Para visitar o Mundo das Crian\u00e7as neste feriado \u00e9 necess\u00e1rio realizar o agendamento pr\u00e9vio no site.<\/figcaption><\/figure>\n<\/div>\n\n\n<p>No Mundo das Crian\u00e7as, a divers\u00e3o fica por conta da imagina\u00e7\u00e3o para desbravar as diversas atra\u00e7\u00f5es do parque, como o foguete, as quadras esportivas, paredes de escalas, fontes interativas e muito mais. Al\u00e9m disso, os visitantes ainda podem prestigiar as esculturas interativas do projeto Zoo Urbano, que busca conscientizar sobre o descarte irregular de lixo na natureza.<\/p>\n\n\n\n<p>Para visitar o Mundo das Crian\u00e7as neste feriado \u00e9 necess\u00e1rio realizar o agendamento pr\u00e9vio no site\u00a0<a href=\"https:\/\/mundodascriancasjundiai.com.br\/agendamento\/\">https:\/\/mundodascriancasjundiai.com.br\/agendamento\/<\/a>.<\/p>\n\n\n\n<p><em><strong>Fonte \/ Imagem: Prefeitura de Jundia\u00ed<\/strong><\/em><\/p>\n","protected":false},"excerpt":{"rendered":"<p>Para visitar o Mundo das Crian\u00e7as neste feriado \u00e9 necess\u00e1rio realizar o agendamento pr\u00e9vio no site.<\/p>\n","protected":false},"author":30,"featured_media":110551,"comment_status":"closed","ping_status":"0","sticky":false,"template":"","format":"standard","meta":{"footnotes":""},"categories":[8356,8354,1],"tags":[],"class_list":["post-110549","post","type-post","status-publish","format-standard","has-post-thumbnail","hentry","category-jundiai","category-lazer","category-noticias"],"_links":{"self":[{"href":"https:\/\/tvtecjundiai.com.br\/news\/wp-json\/wp\/v2\/posts\/110549","targetHints":{"allow":["GET"]}}],"collection":[{"href":"https:\/\/tvtecjundiai.com.br\/news\/wp-json\/wp\/v2\/posts"}],"about":[{"href":"https:\/\/tvtecjundiai.com.br\/news\/wp-json\/wp\/v2\/types\/post"}],"author":[{"embeddable":true,"href":"https:\/\/tvtecjundiai.com.br\/news\/wp-json\/wp\/v2\/users\/30"}],"replies":[{"embeddable":true,"href":"https:\/\/tvtecjundiai.com.br\/news\/wp-json\/wp\/v2\/comments?post=110549"}],"version-history":[{"count":2,"href":"https:\/\/tvtecjundiai.com.br\/news\/wp-json\/wp\/v2\/posts\/110549\/revisions"}],"predecessor-version":[{"id":110553,"href":"https:\/\/tvtecjundiai.com.br\/news\/wp-json\/wp\/v2\/posts\/110549\/revisions\/110553"}],"wp:featuredmedia":[{"embeddable":true,"href":"https:\/\/tvtecjundiai.com.br\/news\/wp-json\/wp\/v2\/media\/110551"}],"wp:attachment":[{"href":"https:\/\/tvtecjundiai.com.br\/news\/wp-json\/wp\/v2\/media?parent=110549"}],"wp:term":[{"taxonomy":"category","embeddable":true,"href":"https:\/\/tvtecjundiai.com.br\/news\/wp-json\/wp\/v2\/categories?post=110549"},{"taxonomy":"post_tag","embeddable":true,"href":"https:\/\/tvtecjundiai.com.br\/news\/wp-json\/wp\/v2\/tags?post=110549"}],"curies":[{"name":"wp","href":"https:\/\/api.w.org\/{rel}","templated":true}]}}