{"id":110558,"date":"2023-06-07T17:07:12","date_gmt":"2023-06-07T20:07:12","guid":{"rendered":"https:\/\/tvtecjundiai.com.br\/news\/?p=110558"},"modified":"2023-06-07T17:07:13","modified_gmt":"2023-06-07T20:07:13","slug":"funss-busca-modelos-para-treinamento-dos-alunos-matriculados-em-dois-cursos-gratuitos","status":"publish","type":"post","link":"https:\/\/tvtecjundiai.com.br\/news\/2023\/06\/07\/funss-busca-modelos-para-treinamento-dos-alunos-matriculados-em-dois-cursos-gratuitos\/","title":{"rendered":"Funss busca modelos para treinamento dos alunos matriculados em dois cursos gratuitos"},"content":{"rendered":"\n<p>O Fundo Social de Solidariedade de Jundia\u00ed (Funss) disponibilizar\u00e1 vagas para pessoas interessadas em atuar como modelos de unhas, barba e corte masculino<strong>.&nbsp;<\/strong>A iniciativa faz parte das aulas pr\u00e1ticas do curso de Manicure e Pedicure, bem como de Barbeiro, servindo como treinamento aos alunos j\u00e1 matriculados nas duas capacita\u00e7\u00f5es. Para participar \u00e9 necess\u00e1rio entrar em contato com o Fundo Social pelo telefone para agendar e reservar.<\/p>\n\n\n\n<p>A cada dia, ser\u00e3o disponibilizadas vagas limitadas. Os atendimentos ser\u00e3o gratuitos e ocorrer\u00e3o na sede do Funss, no Parque da Uva, nas datas e nos hor\u00e1rios a seguir:<\/p>\n\n\n<div class=\"wp-block-image\">\n<figure class=\"aligncenter size-large is-resized\"><img loading=\"lazy\" decoding=\"async\" src=\"https:\/\/tvtecjundiai.com.br\/news\/wp-content\/uploads\/sites\/2\/2023\/06\/manicure-e-pedicure-1200x801.jpg\" alt=\"\" class=\"wp-image-110559\" width=\"789\" height=\"526\" srcset=\"https:\/\/tvtecjundiai.com.br\/news\/wp-content\/uploads\/sites\/2\/2023\/06\/manicure-e-pedicure-1200x801.jpg 1200w, https:\/\/tvtecjundiai.com.br\/news\/wp-content\/uploads\/sites\/2\/2023\/06\/manicure-e-pedicure-300x200.jpg 300w, https:\/\/tvtecjundiai.com.br\/news\/wp-content\/uploads\/sites\/2\/2023\/06\/manicure-e-pedicure-768x512.jpg 768w, https:\/\/tvtecjundiai.com.br\/news\/wp-content\/uploads\/sites\/2\/2023\/06\/manicure-e-pedicure.jpg 1280w\" sizes=\"auto, (max-width: 789px) 100vw, 789px\" \/><\/figure>\n<\/div>\n\n\n<p><strong>Manicure e Pedicure:&nbsp;<\/strong><\/p>\n\n\n\n<p>10 vagas de modelo por dia<\/p>\n\n\n\n<p>Datas: 12, 13, 14, 19, 20, 21, 26 e 27\/06<\/p>\n\n\n\n<p>Hor\u00e1rio: 18h \u00e0s 22h<\/p>\n\n\n\n<p><strong>Barbeiro:&nbsp;<\/strong><\/p>\n\n\n\n<p>5 vagas de modelo por dia<\/p>\n\n\n\n<p>Datas: 12, 13, 14, 15, 19, 20, 21 e 22\/06<\/p>\n\n\n\n<p>Hor\u00e1rio: 13h \u00e0s 17h<\/p>\n\n\n\n<p>O endere\u00e7o do Fundo Social \u00e9 a avenida Dona Manoela Lacerda de Vergueiro, s\/n, port\u00e3o 03, anexo ao Parque da Uva, bairro Anhangaba\u00fa. O funcionamento da unidade \u00e9 de segunda a sexta-feira, das 8h \u00e0s 17h, exceto feriados. Informa\u00e7\u00f5es pelos telefones (11) 4589-6319 e 4589-6320.<\/p>\n\n\n\n<p><strong><em>Fonte \/ Imagem: Prefeitura de Jundia\u00ed<\/em><\/strong><\/p>\n","protected":false},"excerpt":{"rendered":"<p>A cada dia, ser\u00e3o disponibilizadas vagas limitadas.<\/p>\n","protected":false},"author":30,"featured_media":110559,"comment_status":"closed","ping_status":"0","sticky":false,"template":"","format":"standard","meta":{"footnotes":""},"categories":[8356,1],"tags":[],"class_list":["post-110558","post","type-post","status-publish","format-standard","has-post-thumbnail","hentry","category-jundiai","category-noticias"],"_links":{"self":[{"href":"https:\/\/tvtecjundiai.com.br\/news\/wp-json\/wp\/v2\/posts\/110558","targetHints":{"allow":["GET"]}}],"collection":[{"href":"https:\/\/tvtecjundiai.com.br\/news\/wp-json\/wp\/v2\/posts"}],"about":[{"href":"https:\/\/tvtecjundiai.com.br\/news\/wp-json\/wp\/v2\/types\/post"}],"author":[{"embeddable":true,"href":"https:\/\/tvtecjundiai.com.br\/news\/wp-json\/wp\/v2\/users\/30"}],"replies":[{"embeddable":true,"href":"https:\/\/tvtecjundiai.com.br\/news\/wp-json\/wp\/v2\/comments?post=110558"}],"version-history":[{"count":1,"href":"https:\/\/tvtecjundiai.com.br\/news\/wp-json\/wp\/v2\/posts\/110558\/revisions"}],"predecessor-version":[{"id":110560,"href":"https:\/\/tvtecjundiai.com.br\/news\/wp-json\/wp\/v2\/posts\/110558\/revisions\/110560"}],"wp:featuredmedia":[{"embeddable":true,"href":"https:\/\/tvtecjundiai.com.br\/news\/wp-json\/wp\/v2\/media\/110559"}],"wp:attachment":[{"href":"https:\/\/tvtecjundiai.com.br\/news\/wp-json\/wp\/v2\/media?parent=110558"}],"wp:term":[{"taxonomy":"category","embeddable":true,"href":"https:\/\/tvtecjundiai.com.br\/news\/wp-json\/wp\/v2\/categories?post=110558"},{"taxonomy":"post_tag","embeddable":true,"href":"https:\/\/tvtecjundiai.com.br\/news\/wp-json\/wp\/v2\/tags?post=110558"}],"curies":[{"name":"wp","href":"https:\/\/api.w.org\/{rel}","templated":true}]}}