{"id":110568,"date":"2023-06-07T17:35:38","date_gmt":"2023-06-07T20:35:38","guid":{"rendered":"https:\/\/tvtecjundiai.com.br\/news\/?p=110568"},"modified":"2023-06-07T17:35:39","modified_gmt":"2023-06-07T20:35:39","slug":"hu-conquista-selo-de-acreditacao-no-mais-alto-nivel-de-exigencia","status":"publish","type":"post","link":"https:\/\/tvtecjundiai.com.br\/news\/2023\/06\/07\/hu-conquista-selo-de-acreditacao-no-mais-alto-nivel-de-exigencia\/","title":{"rendered":"HU conquista selo de acredita\u00e7\u00e3o no mais alto n\u00edvel de exig\u00eancia"},"content":{"rendered":"\n<p>O Hospital Universit\u00e1rio de Jundia\u00ed (HU) conquistou a acredita\u00e7\u00e3o da Organiza\u00e7\u00e3o Nacional de Acredita\u00e7\u00e3o (ONA) no n\u00edvel m\u00e1ximo de excel\u00eancia. Essa conquista traz consigo uma s\u00e9rie de vantagens significativas para a institui\u00e7\u00e3o, tais como aprimoramento da qualidade dos servi\u00e7os, fortalecimento da imagem institucional, aumento da confian\u00e7a dos pacientes, otimiza\u00e7\u00e3o da efici\u00eancia operacional, desenvolvimento dos profissionais e acesso a parcerias e conv\u00eanios de maior qualidade. Esses benef\u00edcios contribuem para a excel\u00eancia da organiza\u00e7\u00e3o de sa\u00fade e para o bem-estar dos pacientes. O HU \u00e9 refer\u00eancia materno-infantil para Jundia\u00ed e Regi\u00e3o.<\/p>\n\n\n\n<p>\u201cA acredita\u00e7\u00e3o \u00e9 um programa cont\u00ednuo, com vistorias permanentes, e para manter o selo de qualidade, \u00e9 necess\u00e1rio seguir as regras estabelecidas. A acredita\u00e7\u00e3o \u00e9 um instrumento fundamental para ampliar a qualidade, seguran\u00e7a e efici\u00eancia dos servi\u00e7os prestados aos pacientes\u201d, explica Itibagi Rocha Machado, diretor superintendente do HU.<\/p>\n\n\n<div class=\"wp-block-image\">\n<figure class=\"aligncenter size-large\"><img loading=\"lazy\" decoding=\"async\" width=\"1200\" height=\"801\" src=\"https:\/\/tvtecjundiai.com.br\/news\/wp-content\/uploads\/sites\/2\/2023\/06\/hospital-universitario-acreditacao-nivel-de-excelencia-da-ona-luiz-fernando-machado_fm_-271-3-1280x854-1-1200x801.jpg\" alt=\"\" class=\"wp-image-110569\" srcset=\"https:\/\/tvtecjundiai.com.br\/news\/wp-content\/uploads\/sites\/2\/2023\/06\/hospital-universitario-acreditacao-nivel-de-excelencia-da-ona-luiz-fernando-machado_fm_-271-3-1280x854-1-1200x801.jpg 1200w, https:\/\/tvtecjundiai.com.br\/news\/wp-content\/uploads\/sites\/2\/2023\/06\/hospital-universitario-acreditacao-nivel-de-excelencia-da-ona-luiz-fernando-machado_fm_-271-3-1280x854-1-300x200.jpg 300w, https:\/\/tvtecjundiai.com.br\/news\/wp-content\/uploads\/sites\/2\/2023\/06\/hospital-universitario-acreditacao-nivel-de-excelencia-da-ona-luiz-fernando-machado_fm_-271-3-1280x854-1-768x512.jpg 768w, https:\/\/tvtecjundiai.com.br\/news\/wp-content\/uploads\/sites\/2\/2023\/06\/hospital-universitario-acreditacao-nivel-de-excelencia-da-ona-luiz-fernando-machado_fm_-271-3-1280x854-1.jpg 1280w\" sizes=\"auto, (max-width: 1200px) 100vw, 1200px\" \/><figcaption class=\"wp-element-caption\">Prefeito Luiz Fernando Machado participou de evento para a divulga\u00e7\u00e3o da acredita\u00e7\u00e3o<\/figcaption><\/figure>\n<\/div>\n\n\n<p>\u201cVoc\u00eas, funcion\u00e1rios deste hospital, s\u00e3o pessoas comprometidas com o fluxo e com o selo de acredita\u00e7\u00e3o. Voc\u00eas merecem reconhecimento e respeito. Afinal, em um curto espa\u00e7o de tempo, voc\u00eas conquistaram as medalhas de bronze, prata e agora a de ouro. Ao ter minha filha aqui, percebi o quanto as pessoas se dedicam neste hospital e vi o amor que voc\u00eas t\u00eam pelos pacientes\u201d, enfatiza o prefeito Luiz Fernando Machado.<\/p>\n\n\n\n<p>O processo de acredita\u00e7\u00e3o, realizado com base na metodologia da ONA, \u00e9 uma ferramenta desenvolvida para auxiliar as organiza\u00e7\u00f5es de sa\u00fade a avaliar seus processos e identificar \u00e1reas de melhoria, com foco na seguran\u00e7a do paciente.<\/p>\n\n\n<div class=\"wp-block-image\">\n<figure class=\"aligncenter size-large\"><img loading=\"lazy\" decoding=\"async\" width=\"1200\" height=\"832\" src=\"https:\/\/tvtecjundiai.com.br\/news\/wp-content\/uploads\/sites\/2\/2023\/06\/hospital-universitario-acreditacao-nivel-de-excelencia-da-ona-luiz-fernando-machado_fm_-288-1-1280x887-1-1200x832.jpg\" alt=\"\" class=\"wp-image-110570\" srcset=\"https:\/\/tvtecjundiai.com.br\/news\/wp-content\/uploads\/sites\/2\/2023\/06\/hospital-universitario-acreditacao-nivel-de-excelencia-da-ona-luiz-fernando-machado_fm_-288-1-1280x887-1-1200x832.jpg 1200w, https:\/\/tvtecjundiai.com.br\/news\/wp-content\/uploads\/sites\/2\/2023\/06\/hospital-universitario-acreditacao-nivel-de-excelencia-da-ona-luiz-fernando-machado_fm_-288-1-1280x887-1-300x208.jpg 300w, https:\/\/tvtecjundiai.com.br\/news\/wp-content\/uploads\/sites\/2\/2023\/06\/hospital-universitario-acreditacao-nivel-de-excelencia-da-ona-luiz-fernando-machado_fm_-288-1-1280x887-1-768x532.jpg 768w, https:\/\/tvtecjundiai.com.br\/news\/wp-content\/uploads\/sites\/2\/2023\/06\/hospital-universitario-acreditacao-nivel-de-excelencia-da-ona-luiz-fernando-machado_fm_-288-1-1280x887-1.jpg 1280w\" sizes=\"auto, (max-width: 1200px) 100vw, 1200px\" \/><figcaption class=\"wp-element-caption\">HU recebe certifica\u00e7\u00e3o m\u00e1xima em acredita\u00e7\u00e3o da ONA<\/figcaption><\/figure>\n<\/div>\n\n\n<p>O Hospital Universit\u00e1rio passou por todas as etapas necess\u00e1rias para obter a acredita\u00e7\u00e3o, obtendo o certificado ONA 1 em fevereiro de 2020, o certificado ONA 2 em abril de 2021 e, finalmente, em mar\u00e7o de 2023, recebeu a equipe da Funda\u00e7\u00e3o Vanzolini, respons\u00e1vel pela avalia\u00e7\u00e3o e recomenda\u00e7\u00e3o da acredita\u00e7\u00e3o. Bruno Casagrande, gerente da Funda\u00e7\u00e3o Vanzolini, destaca que menos de 10% dos hospitais conseguem progredir t\u00e3o rapidamente nos tr\u00eas n\u00edveis de acredita\u00e7\u00e3o.<\/p>\n\n\n\n<p>Evaldo Marchi, diretor da Faculdade de Medicina de Jundia\u00ed (FMJ), compara essa conquista \u00e0 de um atleta. \u201cO atleta busca cada passo at\u00e9 chegar \u00e0 medalha de ouro, e hoje alcan\u00e7amos o ouro com essa acredita\u00e7\u00e3o de excel\u00eancia. A FMJ faz parte disso, n\u00e3o medindo esfor\u00e7os para auxiliar o HU na infraestrutura e na pesquisa.\u201d<\/p>\n\n\n\n<p>Jos\u00e9 Ant\u00f4nio Parimoschi, gestor de Finan\u00e7as, recomenda que os colaboradores do hospital carreguem o selo de acredita\u00e7\u00e3o na alma, n\u00e3o no cora\u00e7\u00e3o, pois o cora\u00e7\u00e3o para de bater, mas a alma vive para sempre. Ele ressalta que o hospital ainda far\u00e1 hist\u00f3ria, pois traz vida, alegria e luz para as pessoas, e os colaboradores servem com qualidade.<\/p>\n\n\n<div class=\"wp-block-image\">\n<figure class=\"aligncenter size-large\"><img loading=\"lazy\" decoding=\"async\" width=\"1200\" height=\"816\" src=\"https:\/\/tvtecjundiai.com.br\/news\/wp-content\/uploads\/sites\/2\/2023\/06\/hospital-universitario-acreditacao-nivel-de-excelencia-da-ona-luiz-fernando-machado_fm_-299-2-1280x870-1-1200x816.jpg\" alt=\"\" class=\"wp-image-110571\" srcset=\"https:\/\/tvtecjundiai.com.br\/news\/wp-content\/uploads\/sites\/2\/2023\/06\/hospital-universitario-acreditacao-nivel-de-excelencia-da-ona-luiz-fernando-machado_fm_-299-2-1280x870-1-1200x816.jpg 1200w, https:\/\/tvtecjundiai.com.br\/news\/wp-content\/uploads\/sites\/2\/2023\/06\/hospital-universitario-acreditacao-nivel-de-excelencia-da-ona-luiz-fernando-machado_fm_-299-2-1280x870-1-300x204.jpg 300w, https:\/\/tvtecjundiai.com.br\/news\/wp-content\/uploads\/sites\/2\/2023\/06\/hospital-universitario-acreditacao-nivel-de-excelencia-da-ona-luiz-fernando-machado_fm_-299-2-1280x870-1-768x522.jpg 768w, https:\/\/tvtecjundiai.com.br\/news\/wp-content\/uploads\/sites\/2\/2023\/06\/hospital-universitario-acreditacao-nivel-de-excelencia-da-ona-luiz-fernando-machado_fm_-299-2-1280x870-1.jpg 1280w\" sizes=\"auto, (max-width: 1200px) 100vw, 1200px\" \/><figcaption class=\"wp-element-caption\">Acredita\u00e7\u00e3o \u00e9 um programa cont\u00ednuo, com vistorias permanentes, e para manter o selo de qualidade<\/figcaption><\/figure>\n<\/div>\n\n\n<p>Antonio Carlos Albino, vereador e presidente da C\u00e2mara, ressalta a excel\u00eancia do servi\u00e7o p\u00fablico de sa\u00fade em Jundia\u00ed, enquanto o prefeito destaca o processo de certifica\u00e7\u00e3o que envolveu as pessoas do hospital.<\/p>\n\n\n\n<p>O Hospital Universit\u00e1rio de Jundia\u00ed comemora essa conquista e se orgulha de ser um dos \u00fanicos hospitais universit\u00e1rios a obter a acredita\u00e7\u00e3o no n\u00edvel de excel\u00eancia.<\/p>\n\n\n\n<p><strong><em>Fonte \/ Imagem: Prefeitura de Jundia\u00ed<\/em><\/strong><\/p>\n","protected":false},"excerpt":{"rendered":"<p>Acredita\u00e7\u00e3o \u00e9 um programa cont\u00ednuo, com vistorias permanentes, e para manter o selo de qualidade<\/p>\n","protected":false},"author":30,"featured_media":110570,"comment_status":"closed","ping_status":"0","sticky":false,"template":"","format":"standard","meta":{"footnotes":""},"categories":[8356,1],"tags":[],"class_list":["post-110568","post","type-post","status-publish","format-standard","has-post-thumbnail","hentry","category-jundiai","category-noticias"],"_links":{"self":[{"href":"https:\/\/tvtecjundiai.com.br\/news\/wp-json\/wp\/v2\/posts\/110568","targetHints":{"allow":["GET"]}}],"collection":[{"href":"https:\/\/tvtecjundiai.com.br\/news\/wp-json\/wp\/v2\/posts"}],"about":[{"href":"https:\/\/tvtecjundiai.com.br\/news\/wp-json\/wp\/v2\/types\/post"}],"author":[{"embeddable":true,"href":"https:\/\/tvtecjundiai.com.br\/news\/wp-json\/wp\/v2\/users\/30"}],"replies":[{"embeddable":true,"href":"https:\/\/tvtecjundiai.com.br\/news\/wp-json\/wp\/v2\/comments?post=110568"}],"version-history":[{"count":1,"href":"https:\/\/tvtecjundiai.com.br\/news\/wp-json\/wp\/v2\/posts\/110568\/revisions"}],"predecessor-version":[{"id":110572,"href":"https:\/\/tvtecjundiai.com.br\/news\/wp-json\/wp\/v2\/posts\/110568\/revisions\/110572"}],"wp:featuredmedia":[{"embeddable":true,"href":"https:\/\/tvtecjundiai.com.br\/news\/wp-json\/wp\/v2\/media\/110570"}],"wp:attachment":[{"href":"https:\/\/tvtecjundiai.com.br\/news\/wp-json\/wp\/v2\/media?parent=110568"}],"wp:term":[{"taxonomy":"category","embeddable":true,"href":"https:\/\/tvtecjundiai.com.br\/news\/wp-json\/wp\/v2\/categories?post=110568"},{"taxonomy":"post_tag","embeddable":true,"href":"https:\/\/tvtecjundiai.com.br\/news\/wp-json\/wp\/v2\/tags?post=110568"}],"curies":[{"name":"wp","href":"https:\/\/api.w.org\/{rel}","templated":true}]}}