{"id":110602,"date":"2023-06-09T09:23:06","date_gmt":"2023-06-09T12:23:06","guid":{"rendered":"https:\/\/tvtecjundiai.com.br\/news\/?p=110602"},"modified":"2023-06-09T09:23:12","modified_gmt":"2023-06-09T12:23:12","slug":"prefeitura-investe-em-revitalizacao-no-jardim-da-fonte","status":"publish","type":"post","link":"https:\/\/tvtecjundiai.com.br\/news\/2023\/06\/09\/prefeitura-investe-em-revitalizacao-no-jardim-da-fonte\/","title":{"rendered":"Prefeitura investe em revitaliza\u00e7\u00e3o no Jardim da Fonte"},"content":{"rendered":"\n<p>A Unidade de Gest\u00e3o de Infraestrutura e Servi\u00e7os P\u00fablicos (UGISP) est\u00e1 revitalizando a \u00e1rea verde da rua \u00c2ngelo Rivelli, que fica no bairro Jardim da Fonte, pr\u00f3ximo \u00e0 Ponte S\u00e3o Jo\u00e3o. Os investimentos est\u00e3o na casa dos R$ 372 mil, com recursos pr\u00f3prios, e tem como objetivo a reurbaniza\u00e7\u00e3o do local e a melhoria na seguran\u00e7a p\u00fablica.<\/p>\n\n\n\n<p>O projeto prev\u00ea a revitaliza\u00e7\u00e3o completa do espa\u00e7o, com a substitui\u00e7\u00e3o de todo o alambrado, requalifica\u00e7\u00e3o e duplica\u00e7\u00e3o da escadaria, recupera\u00e7\u00e3o de toda a \u00e1rea verde e troca da ilumina\u00e7\u00e3o p\u00fablica com novas l\u00e2mpadas de LED. A previs\u00e3o \u00e9 que a obra seja conclu\u00edda ainda neste primeiro semestre.<\/p>\n\n\n\n<figure class=\"wp-block-image\"><img decoding=\"async\" src=\"https:\/\/jundiai.sp.gov.br\/noticias\/wp-content\/uploads\/sites\/32\/2023\/06\/obras-escadaria-em-area-verde-no-jardim-da-fonte_fm_-8-1280x854.jpg\" alt=\"\" class=\"wp-image-319230\" \/><figcaption class=\"wp-element-caption\">\u00c1rea verde do bairro Jardim da Fonte est\u00e1 passando por revitaliza\u00e7\u00e3o; escadaria foi duplicada<\/figcaption><\/figure>\n\n\n\n<p>Ainda em andamento, as melhorias empolgam os moradores. Residente h\u00e1 quatro anos no bairro, Maria Benedita Couto Fonseca afirma estar contente com o que est\u00e1 vendo. \u201cGosto muito dessa \u00e1rea verde em nosso bairro e fico muito feliz com as melhorias. Foi uma demanda nossa para a Prefeitura e est\u00e1 sendo rapidamente atendida. Espero que continue tendo melhorias para a nossa regi\u00e3o\u201d, comenta.<\/p>\n\n\n\n<figure class=\"wp-block-image\"><img decoding=\"async\" src=\"https:\/\/jundiai.sp.gov.br\/noticias\/wp-content\/uploads\/sites\/32\/2023\/04\/revitalizacao_area-verde_jardim-da-fonte-14-1-1280x854.jpg\" alt=\"\" class=\"wp-image-315754\" \/><figcaption class=\"wp-element-caption\">Maria Benedita afirma estar contente em ver as melhorias sendo feitas no bairro<\/figcaption><\/figure>\n\n\n\n<p>Para o Gestor de Infraestrutura e Servi\u00e7os P\u00fablicos, Adilson Rosa, essa medida agrega a outras obras de revitaliza\u00e7\u00e3o na regi\u00e3o. Em 2022 as rua \u00c2ngelo Rivelli, Prefeito Vasco Ant\u00f4nio Venchiarutti e parte da Robartino Martho foram recapeadas. Al\u00e9m disso, toda a regi\u00e3o recebeu nova ilumina\u00e7\u00e3o p\u00fablica de LED.<\/p>\n\n\n\n<p>\u201cA requalifica\u00e7\u00e3o dos espa\u00e7os p\u00fablicos tem como objetivo trazer mais seguran\u00e7a e estimular a ocupa\u00e7\u00e3o desses espa\u00e7os pelas pessoas. Paulatinamente realizamos as obras em todos as \u00e1reas da cidade para trazer mais qualidade de vida \u00e0 popula\u00e7\u00e3o\u201d, afirma Adilson Rosa.<\/p>\n\n\n\n<p><em>Fonte: Prefeitura de Jundia\u00ed<\/em><\/p>\n","protected":false},"excerpt":{"rendered":"<p>Os investimentos est\u00e3o na casa dos R$ 372 mil, com recursos pr\u00f3prios<\/p>\n","protected":false},"author":24,"featured_media":110603,"comment_status":"closed","ping_status":"0","sticky":false,"template":"","format":"standard","meta":{"footnotes":""},"categories":[8391,8356],"tags":[],"class_list":["post-110602","post","type-post","status-publish","format-standard","has-post-thumbnail","hentry","category-infraestrutura","category-jundiai"],"_links":{"self":[{"href":"https:\/\/tvtecjundiai.com.br\/news\/wp-json\/wp\/v2\/posts\/110602","targetHints":{"allow":["GET"]}}],"collection":[{"href":"https:\/\/tvtecjundiai.com.br\/news\/wp-json\/wp\/v2\/posts"}],"about":[{"href":"https:\/\/tvtecjundiai.com.br\/news\/wp-json\/wp\/v2\/types\/post"}],"author":[{"embeddable":true,"href":"https:\/\/tvtecjundiai.com.br\/news\/wp-json\/wp\/v2\/users\/24"}],"replies":[{"embeddable":true,"href":"https:\/\/tvtecjundiai.com.br\/news\/wp-json\/wp\/v2\/comments?post=110602"}],"version-history":[{"count":1,"href":"https:\/\/tvtecjundiai.com.br\/news\/wp-json\/wp\/v2\/posts\/110602\/revisions"}],"predecessor-version":[{"id":110604,"href":"https:\/\/tvtecjundiai.com.br\/news\/wp-json\/wp\/v2\/posts\/110602\/revisions\/110604"}],"wp:featuredmedia":[{"embeddable":true,"href":"https:\/\/tvtecjundiai.com.br\/news\/wp-json\/wp\/v2\/media\/110603"}],"wp:attachment":[{"href":"https:\/\/tvtecjundiai.com.br\/news\/wp-json\/wp\/v2\/media?parent=110602"}],"wp:term":[{"taxonomy":"category","embeddable":true,"href":"https:\/\/tvtecjundiai.com.br\/news\/wp-json\/wp\/v2\/categories?post=110602"},{"taxonomy":"post_tag","embeddable":true,"href":"https:\/\/tvtecjundiai.com.br\/news\/wp-json\/wp\/v2\/tags?post=110602"}],"curies":[{"name":"wp","href":"https:\/\/api.w.org\/{rel}","templated":true}]}}