{"id":110642,"date":"2023-06-11T11:02:56","date_gmt":"2023-06-11T14:02:56","guid":{"rendered":"https:\/\/tvtecjundiai.com.br\/news\/?p=110642"},"modified":"2023-06-11T11:03:00","modified_gmt":"2023-06-11T14:03:00","slug":"museu-ja-recebeu-30-mil-visitantes-em-um-mes-de-exposicao-sobre-o-holocausto","status":"publish","type":"post","link":"https:\/\/tvtecjundiai.com.br\/news\/2023\/06\/11\/museu-ja-recebeu-30-mil-visitantes-em-um-mes-de-exposicao-sobre-o-holocausto\/","title":{"rendered":"Museu j\u00e1 recebeu 30 mil visitantes em um m\u00eas de exposi\u00e7\u00e3o sobre o Holocausto"},"content":{"rendered":"\n<p>\u201cPara a abertura desta exposi\u00e7\u00e3o, contamos com as ilustres presen\u00e7as de sobreviventes e que muito insistiam sobre a relev\u00e2ncia de falar sobre o Holocausto para as gera\u00e7\u00f5es mais jovens. Um n\u00famero expressivo como este de visitantes \u00e9 sinal de que h\u00e1 na sociedade pessoas conscientes sobre a import\u00e2ncia disso, de se refletir sobre o passado e de se democratizar as informa\u00e7\u00f5es para que nada disso se repita\u201d, ressaltou o gestor de Cultura, Marcelo Peroni.<\/p>\n\n\n\n<figure class=\"wp-block-image\"><img decoding=\"async\" src=\"https:\/\/jundiai.sp.gov.br\/noticias\/wp-content\/uploads\/sites\/32\/2023\/06\/exposicao-sobre-o-holocausto-no-solar-do-barao-museu-movimento_fm_-18-1-1280x854.jpg\" alt=\"\" class=\"wp-image-319383\" \/><figcaption class=\"wp-element-caption\">J\u00falia e Silv\u00e2nia estudam Pedagogia e marcaram de visitar juntas a exposi\u00e7\u00e3o<\/figcaption><\/figure>\n\n\n\n<p>A exposi\u00e7\u00e3o&nbsp;<a rel=\"noreferrer noopener\" href=\"https:\/\/cultura.jundiai.sp.gov.br\/exposicoes\/holocausto-para-que-nunca-se-negue-para-que-nunca-se-esqueca-e-para-que-nunca-mais-se-repita\/\" target=\"_blank\">Holocausto: para que nunca se negue, para que nunca se esque\u00e7a e para que nunca mais se repita<\/a>&nbsp;completa, neste domingo (11), um m\u00eas de exibi\u00e7\u00e3o no Museu Hist\u00f3rico e Cultural \u2013 Solar do Bar\u00e3o. Nesse per\u00edodo, a exposi\u00e7\u00e3o j\u00e1 recebeu 30 mil visitantes \u2013 dos quais quase dois mil s\u00e3o estudantes e educadores em visitas agendadas.<\/p>\n\n\n\n<p>O diretor do Departamento de Museus, Paulo Vicentini, fez um agradecimento aos educadores da regi\u00e3o. \u201cA Cultura agradece o empenho dos diretores e professores da rede p\u00fablica estadual de ensino e de col\u00e9gios privados, pelo not\u00f3rio esfor\u00e7o de trazer seus alunos \u00e0 exposi\u00e7\u00e3o. E muitos dos que v\u00eam com esses grupos voltam e trazem seus familiares e amigos\u201d, comentou Vicentini, que ressaltou tamb\u00e9m a presen\u00e7a de visitantes de diversos Munic\u00edpios da regi\u00e3o, como V\u00e1rzea e Campo Limpo Paulista, Francisco Morato, Jarinu e outros.<\/p>\n\n\n\n<p>As colegas estagi\u00e1rias de Pedagogia Silv\u00e2nia Galv\u00e3o e J\u00falia Costa, e de Letras Roberta Lopes, que atuam na Rede Sesi, combinaram de visitar a exposi\u00e7\u00e3o juntas.<\/p>\n\n\n\n<p>\u201cA gente l\u00ea tanto sobre o Holocausto e n\u00e3o imagina como ele foi, mas a exposi\u00e7\u00e3o foi capaz de mostrar at\u00e9 o inimagin\u00e1vel. Eu fiquei arrepiada, com vontade de chorar. E tem gente que nega ou se esquece que isso tudo aconteceu\u201d, comentou Silv\u00e2nia, que mora em V\u00e1rzea Paulista.<\/p>\n\n\n\n<p>\u201cUm dos pontos da exposi\u00e7\u00e3o que mais chamaram minha aten\u00e7\u00e3o foi o assassinato de crian\u00e7as, eliminadas com overdose de medica\u00e7\u00e3o ou inani\u00e7\u00e3o. E eu trabalho com crian\u00e7as at\u00edpicas, ent\u00e3o fiquei pensando nelas, em como pode um regime querer eliminar pessoas, criar um programa de eutan\u00e1sia infantil\u201d, refletiu J\u00falia, moradora de Cabre\u00fava.<\/p>\n\n\n\n<figure class=\"wp-block-image\"><img decoding=\"async\" src=\"https:\/\/jundiai.sp.gov.br\/noticias\/wp-content\/uploads\/sites\/32\/2023\/06\/exposicao-sobre-o-holocausto-no-solar-do-barao-museu-movimento_fm_-43-1280x854.jpg\" alt=\"\" class=\"wp-image-319384\" \/><figcaption class=\"wp-element-caption\">Roberta ficou impressionada com os desenhos feitos pelas crian\u00e7as v\u00edtimas do Nazismo<\/figcaption><\/figure>\n\n\n\n<p>\u201cA instala\u00e7\u00e3o que mais chamou minha aten\u00e7\u00e3o foi a dos desenhos de crian\u00e7as nos campos. E eu trabalho com crian\u00e7as no meu dia a dia, por isso foi um choque de realidade\u201d, ressaltou Roberta, que mora em Campo Limpo Paulista.<\/p>\n\n\n\n<p>J\u00e1 a moradora do Centro, Fernanda Bueno aproveitou a volta para casa com os filhos Murilo e Conrado, de oito e um anos, para conferir a exposi\u00e7\u00e3o. \u201cA gente gosta muito de visitar museus e passando aqui na frente o Murilo pediu para entrarmos. Eu acho que crian\u00e7a tem que saber da realidade desde cedo. Por isso sou bastante realista e, apesar de ser um tema triste, falei o que foi o regime, o preconceito e at\u00e9 o que faziam com as crian\u00e7as\u201d.<\/p>\n\n\n\n<figure class=\"wp-block-image\"><img decoding=\"async\" src=\"https:\/\/jundiai.sp.gov.br\/noticias\/wp-content\/uploads\/sites\/32\/2023\/06\/exposicao-sobre-o-holocausto-no-solar-do-barao-museu-movimento_fm_-44-2-1280x854.jpg\" alt=\"\" class=\"wp-image-319385\" \/><figcaption class=\"wp-element-caption\">Atendendo ao pedido de Murilo, Fernanda decidiu visitar a exposi\u00e7\u00e3o e fazer uma reflex\u00e3o em fam\u00edlia<\/figcaption><\/figure>\n\n\n\n<p><strong>Exposi\u00e7\u00e3o<\/strong><br>\u201cHolocausto: para que nunca se negue, para que nunca se esque\u00e7a e para que nunca mais se repita\u201d possui instala\u00e7\u00f5es montadas pela UGC, al\u00e9m das exposi\u00e7\u00f5es: \u201cSho\u00e1: como foi humanamente poss\u00edvel?\u201d e \u201cOs justos entre as na\u00e7\u00f5es da Litu\u00e2nia\u201d, respectivamente, propostas pelos parceiros Memorial da Imigra\u00e7\u00e3o Judaica e do Holocausto de S\u00e3o Paulo e Consulado Geral da Rep\u00fablica da Litu\u00e2nia de S\u00e3o Paulo, importantes parceiros nesta realiza\u00e7\u00e3o.<\/p>\n\n\n\n<p>Aberta para visita\u00e7\u00e3o gratuita at\u00e9 o dia 06 de agosto, a exposi\u00e7\u00e3o tem como faixa et\u00e1ria indicada maiores de 12 anos. Crian\u00e7as menores dessa idade poder\u00e3o fazer a visita somente se acompanhadas de adultos respons\u00e1veis.<\/p>\n\n\n\n<p>O Museu fica na rua Bar\u00e3o de Jundia\u00ed, 762 \u2013 Centro, e fica aberto diariamente, com entrada gratuita, das 10h \u00e0s 17h. Mais informa\u00e7\u00f5es pelo telefone (11) 4521-6259.<\/p>\n\n\n\n<p><em>Fonte: Prefeitura de Jundia\u00ed<\/em><\/p>\n","protected":false},"excerpt":{"rendered":"<p>Crian\u00e7as menores dessa idade poder\u00e3o fazer a visita somente se acompanhadas de adultos respons\u00e1veis<\/p>\n","protected":false},"author":24,"featured_media":110643,"comment_status":"closed","ping_status":"0","sticky":false,"template":"","format":"standard","meta":{"footnotes":""},"categories":[2833,8356,3084,1],"tags":[],"class_list":["post-110642","post","type-post","status-publish","format-standard","has-post-thumbnail","hentry","category-cultura","category-jundiai","category-mundo","category-noticias"],"_links":{"self":[{"href":"https:\/\/tvtecjundiai.com.br\/news\/wp-json\/wp\/v2\/posts\/110642","targetHints":{"allow":["GET"]}}],"collection":[{"href":"https:\/\/tvtecjundiai.com.br\/news\/wp-json\/wp\/v2\/posts"}],"about":[{"href":"https:\/\/tvtecjundiai.com.br\/news\/wp-json\/wp\/v2\/types\/post"}],"author":[{"embeddable":true,"href":"https:\/\/tvtecjundiai.com.br\/news\/wp-json\/wp\/v2\/users\/24"}],"replies":[{"embeddable":true,"href":"https:\/\/tvtecjundiai.com.br\/news\/wp-json\/wp\/v2\/comments?post=110642"}],"version-history":[{"count":1,"href":"https:\/\/tvtecjundiai.com.br\/news\/wp-json\/wp\/v2\/posts\/110642\/revisions"}],"predecessor-version":[{"id":110644,"href":"https:\/\/tvtecjundiai.com.br\/news\/wp-json\/wp\/v2\/posts\/110642\/revisions\/110644"}],"wp:featuredmedia":[{"embeddable":true,"href":"https:\/\/tvtecjundiai.com.br\/news\/wp-json\/wp\/v2\/media\/110643"}],"wp:attachment":[{"href":"https:\/\/tvtecjundiai.com.br\/news\/wp-json\/wp\/v2\/media?parent=110642"}],"wp:term":[{"taxonomy":"category","embeddable":true,"href":"https:\/\/tvtecjundiai.com.br\/news\/wp-json\/wp\/v2\/categories?post=110642"},{"taxonomy":"post_tag","embeddable":true,"href":"https:\/\/tvtecjundiai.com.br\/news\/wp-json\/wp\/v2\/tags?post=110642"}],"curies":[{"name":"wp","href":"https:\/\/api.w.org\/{rel}","templated":true}]}}