{"id":110645,"date":"2023-06-11T11:07:19","date_gmt":"2023-06-11T14:07:19","guid":{"rendered":"https:\/\/tvtecjundiai.com.br\/news\/?p=110645"},"modified":"2023-06-11T11:07:25","modified_gmt":"2023-06-11T14:07:25","slug":"6o-conexidades-contara-com-atracoes-culturais-gratuitas","status":"publish","type":"post","link":"https:\/\/tvtecjundiai.com.br\/news\/2023\/06\/11\/6o-conexidades-contara-com-atracoes-culturais-gratuitas\/","title":{"rendered":"6\u00ba Conexidades contar\u00e1 com atra\u00e7\u00f5es culturais gratuitas"},"content":{"rendered":"\n<p>Al\u00e9m de conferir os estandes e palestras programados sobre as boas pr\u00e1ticas e conex\u00f5es entre o Poder P\u00fablico e a iniciativa privada, quem for ao Parque Comendador Antonio Carbonari (Parque da Uva) entre esta ter\u00e7a-feira (13) e o s\u00e1bado (17) para o\u00a0<a rel=\"noreferrer noopener\" href=\"https:\/\/www.conexidades.com.br\/\" target=\"_blank\">6\u00ba Conexidades<\/a>\u00a0poder\u00e1 conferir, tamb\u00e9m gratuitamente, uma s\u00e9rie de atra\u00e7\u00f5es culturais gratuitas preparadas pela Prefeitura para os visitantes.<\/p>\n\n\n\n<p>\u201c\u00c9 muito importante destacar que, al\u00e9m das presen\u00e7as das autoridades e das apresenta\u00e7\u00f5es e palestras t\u00e9cnicas, a programa\u00e7\u00e3o do Conexidades \u00e9 aberta tamb\u00e9m para que os interessados em geral possam prestigiar os nossos artistas e profissionais de Cultura. Assim Jundia\u00ed, al\u00e9m de compartilhar suas boas pr\u00e1ticas governamentais e institucionais, enriquece a cena cultural local, e d\u00e1 palco \u00e0 sua classe art\u00edstica local\u201d, comentou o gestor de Cultura, Marcelo Peroni.<\/p>\n\n\n\n<p>Logo na abertura oficial, programada para esta ter\u00e7a (13), \u00e0s 19h, no Palco Principal, o p\u00fablico poder\u00e1 conferir a apresenta\u00e7\u00e3o da Orquestra Sinf\u00f4nica Municipal de Jundia\u00ed (OSMJ), corpo art\u00edstico municipal em sua forma\u00e7\u00e3o camer\u00edstica de septeto, e a performance de Baby Fusion \u2013 Dan\u00e7a com beb\u00eas, coreografia apresentada por m\u00e3es e seus beb\u00eas, utilizando movimento de Jazz Dance.<\/p>\n\n\n\n<figure class=\"wp-block-image\"><img decoding=\"async\" src=\"https:\/\/jundiai.sp.gov.br\/noticias\/wp-content\/uploads\/sites\/32\/2023\/06\/septeto_osmj-1280x854.jpg\" alt=\"\" class=\"wp-image-319250\" \/><figcaption class=\"wp-element-caption\">Para a abertura, a OSMJ leva o seu septeto para uma apresenta\u00e7\u00e3o especial aos visitantes<\/figcaption><\/figure>\n\n\n\n<p>As atra\u00e7\u00f5es art\u00edsticas seguem, ao longo da programa\u00e7\u00e3o, com apresenta\u00e7\u00f5es no Coreto do Parque. Na quarta (14), \u00e0s 18h, o grupo Soul Balan\u00e7o apresenta seu show musical dan\u00e7ante e envolvente, com cl\u00e1ssicos da MPB, Reggae, Forr\u00f3 e Pagode 90. J\u00e1 a partir das 19h30, \u00e9 a vez do show da banda Lan\u00e7a Perfume, que traz em seu repert\u00f3rio de Pop Rock uma homenagem ao Rock e inspira\u00e7\u00f5es em Charlie Brown JR, CPM 22, Blink 182 e O Rappa.<\/p>\n\n\n\n<p>J\u00e1 na quinta (15), a programa\u00e7\u00e3o no Coreto traz, \u00e0s 18h, a mistura de Xaxado, Xote, Bai\u00e3o, Coco e Forr\u00f3 P\u00e9 de Serra com o grupo Forr\u00f3 di Fole. J\u00e1 \u00e0s 19h30, o grupo Funk\u2019s Natra apresenta um show dan\u00e7ante com o melhor da Soul Music brasileira, Samba Rock e repert\u00f3rio do grande Tim Maia.<\/p>\n\n\n\n<p>Na sexta (16), \u00e0s 18h, \u00e9 a vez de a banda Oxidade prestar seu \u201cTributo a Rita Lee\u201d, cantora que em seus mais de 50 anos de carreira foi uma das mulheres protagonistas e propagadora do Pop Rock Nacional. J\u00e1 \u00e0s 19h30, o Coreto recebe o \u201cFlashback Experience\u201d, show de imers\u00e3o no universo da m\u00fasica Pop internacional dos anos 1980 com a banda Flash Beat, num arranjo vocal din\u00e2mico que ir\u00e1 estimular o p\u00fablico a relembrar can\u00e7\u00f5es do passado.<\/p>\n\n\n\n<p>No s\u00e1bado (17), quem encerra a programa\u00e7\u00e3o art\u00edstica \u00e9 a banda Sigla, que sobe no palco \u00e0s 12h, para uma apresenta\u00e7\u00e3o com can\u00e7\u00f5es do universo do Rock Nacional, destacando as vozes femininas que consagraram, esse repert\u00f3rio, como C\u00e1ssia Eller e Nando Reis e Pitty.<\/p>\n\n\n\n<figure class=\"wp-block-image\"><img decoding=\"async\" src=\"https:\/\/jundiai.sp.gov.br\/noticias\/wp-content\/uploads\/sites\/32\/2023\/06\/baby_fusion-1280x854.jpg\" alt=\"\" class=\"wp-image-319251\" \/><figcaption class=\"wp-element-caption\">A abertura contar\u00e1 ainda com a apresenta\u00e7\u00e3o das m\u00e3es e beb\u00eas do Baby Fusion<\/figcaption><\/figure>\n\n\n\n<p><strong>Conexidades<\/strong><br>O Conexidades \u00e9 organizado pelo MULTIPLICIDADES, com apoio da Uni\u00e3o dos Vereadores do Estado de S\u00e3o Paulo (UVESP). Esta edi\u00e7\u00e3o traz como tema \u201cEduca\u00e7\u00e3o Tecnol\u00f3gica: a ferramenta de transforma\u00e7\u00e3o das cidades\u201d e conta com o apoio da Prefeitura de Jundia\u00ed e da C\u00e2mara Municipal.<\/p>\n\n\n\n<p>Localizado no Pavilh\u00e3o 2, o estande de Jundia\u00ed contar\u00e1 com cerca de 400 metros quadrados, onde ser\u00e3o apresentadas as iniciativas inovadoras da Prefeitura que j\u00e1 vem servindo de refer\u00eancia para organiza\u00e7\u00f5es nacionais e internacionais. Al\u00e9m de palestras e estandes sobre cada uma das Plataforma de Governo, o programa municipal Cidade das Crian\u00e7as e as pol\u00edticas p\u00fablicas voltadas para as Inf\u00e2ncias em Jundia\u00ed ter\u00e3o um destaque especial nesta programa\u00e7\u00e3o.<\/p>\n\n\n\n<p>O Parque da Uva fica na avenida Jundia\u00ed, s\/n \u2013 Anhangaba\u00fa.<\/p>\n\n\n\n<p><em>Fonte: Prefeitura de Jundia\u00ed<\/em><\/p>\n","protected":false},"excerpt":{"rendered":"<p>Evento ser\u00e1 no Parque da Uva, em Jundia\u00ed<\/p>\n","protected":false},"author":24,"featured_media":110646,"comment_status":"closed","ping_status":"0","sticky":false,"template":"","format":"standard","meta":{"footnotes":""},"categories":[2833,29,8357,8411],"tags":[],"class_list":["post-110645","post","type-post","status-publish","format-standard","has-post-thumbnail","hentry","category-cultura","category-destaque","category-gestao","category-governo-e-financas"],"_links":{"self":[{"href":"https:\/\/tvtecjundiai.com.br\/news\/wp-json\/wp\/v2\/posts\/110645","targetHints":{"allow":["GET"]}}],"collection":[{"href":"https:\/\/tvtecjundiai.com.br\/news\/wp-json\/wp\/v2\/posts"}],"about":[{"href":"https:\/\/tvtecjundiai.com.br\/news\/wp-json\/wp\/v2\/types\/post"}],"author":[{"embeddable":true,"href":"https:\/\/tvtecjundiai.com.br\/news\/wp-json\/wp\/v2\/users\/24"}],"replies":[{"embeddable":true,"href":"https:\/\/tvtecjundiai.com.br\/news\/wp-json\/wp\/v2\/comments?post=110645"}],"version-history":[{"count":1,"href":"https:\/\/tvtecjundiai.com.br\/news\/wp-json\/wp\/v2\/posts\/110645\/revisions"}],"predecessor-version":[{"id":110647,"href":"https:\/\/tvtecjundiai.com.br\/news\/wp-json\/wp\/v2\/posts\/110645\/revisions\/110647"}],"wp:featuredmedia":[{"embeddable":true,"href":"https:\/\/tvtecjundiai.com.br\/news\/wp-json\/wp\/v2\/media\/110646"}],"wp:attachment":[{"href":"https:\/\/tvtecjundiai.com.br\/news\/wp-json\/wp\/v2\/media?parent=110645"}],"wp:term":[{"taxonomy":"category","embeddable":true,"href":"https:\/\/tvtecjundiai.com.br\/news\/wp-json\/wp\/v2\/categories?post=110645"},{"taxonomy":"post_tag","embeddable":true,"href":"https:\/\/tvtecjundiai.com.br\/news\/wp-json\/wp\/v2\/tags?post=110645"}],"curies":[{"name":"wp","href":"https:\/\/api.w.org\/{rel}","templated":true}]}}