{"id":110648,"date":"2023-06-11T11:12:21","date_gmt":"2023-06-11T14:12:21","guid":{"rendered":"https:\/\/tvtecjundiai.com.br\/news\/?p=110648"},"modified":"2023-06-11T11:12:23","modified_gmt":"2023-06-11T14:12:23","slug":"vacina-meningococica-c-e-ampliada-para-adolescentes-de-15-a-19-anos","status":"publish","type":"post","link":"https:\/\/tvtecjundiai.com.br\/news\/2023\/06\/11\/vacina-meningococica-c-e-ampliada-para-adolescentes-de-15-a-19-anos\/","title":{"rendered":"Vacina meningoc\u00f3cica C \u00e9 ampliada para adolescentes de 15 a 19 anos"},"content":{"rendered":"\n<p>Jundia\u00ed amplia a vacina\u00e7\u00e3o contra Meningite C para adolescentes de 15 a 19 anos, que n\u00e3o receberam na idade preconizada. Desde a \u00faltima semana, a dose foi disponibilizada tamb\u00e9m para trabalhadores da educa\u00e7\u00e3o das redes p\u00fablica e particular. A aplica\u00e7\u00e3o ocorre durante a semana, nas Unidades B\u00e1sicas de Sa\u00fade (UBSs), Novas UBSs e Cl\u00ednicas da Fam\u00edlia, no hor\u00e1rio das salas de vacina.<\/p>\n\n\n\n<p>O imunizante faz parte do Calend\u00e1rio Nacional de Vacina\u00e7\u00e3o, sendo indicadas duas doses, aos 3 e aos 5 meses de idade, e um refor\u00e7o preferencialmente aos 12 meses. Em anos anteriores, a vacina foi liberada para crian\u00e7as at\u00e9 10 anos, que n\u00e3o receberam a dose na idade correta, e para trabalhadores da sa\u00fade, mesmo com o esquema vacinal completo.<\/p>\n\n\n\n<p>A coordenadora da Vigil\u00e2ncia Epidemiol\u00f3gica, enfermeira Maria do Carmo Possidente, esclarece que o Minist\u00e9rio da Sa\u00fade ampliou a vacina\u00e7\u00e3o, considerando a gravidade da doen\u00e7a e a necessidade de aumentar as coberturas vacinais, evitando a circula\u00e7\u00e3o da doen\u00e7a no Pa\u00eds.<\/p>\n\n\n\n<figure class=\"wp-block-image\"><img decoding=\"async\" src=\"https:\/\/jundiai.sp.gov.br\/noticias\/wp-content\/uploads\/sites\/32\/2018\/03\/vacinacao-febre-amarela-15-1160x849.jpg\" alt=\"\" class=\"wp-image-214187\" \/><figcaption class=\"wp-element-caption\">Amplia\u00e7\u00e3o de p\u00fablico \u00e9 por tempo determinado. Al\u00e9m dos adolescentes, agentes de educa\u00e7\u00e3o est\u00e3o sendo vacinados<\/figcaption><\/figure>\n\n\n\n<p>\u201cA meningite C \u00e9 uma infec\u00e7\u00e3o bacteriana que causa inflama\u00e7\u00e3o nas membranas que envolvem o c\u00e9rebro e a coluna espinhal. \u00c9 uma doen\u00e7a grave, com transmiss\u00e3o pelas vias respirat\u00f3rias, e mais comum nos meses frios. A vacina \u00e9 uma das principais medidas de preven\u00e7\u00e3o e controle. Essa amplia\u00e7\u00e3o do p\u00fablico-alvo \u00e9 por tempo determinado, sendo importante que as pessoas busquem a dose, o quanto antes\u201d, enfatiza.<\/p>\n\n\n\n<p>Em casos leves, os sintomas da Meningite s\u00e3o semelhantes aos da gripe, com dores de cabe\u00e7a e febre presentes, mas apresentando rigidez na regi\u00e3o da nuca. Casos mais graves podem apresentar tamb\u00e9m mal-estar, v\u00f4mitos, dificuldade para encostar o queixo no peito e dor forte no pesco\u00e7o, al\u00e9m de manchas avermelhadas pelo corpo.<\/p>\n\n\n\n<p>Jundia\u00ed n\u00e3o registra casos de Meningite causada pelo Meningococo C em 2022 e 2023. Al\u00e9m da vacina meningoc\u00f3cica C, o Sistema \u00danico de Sa\u00fade (SUS) oferece a vacina ACWY, destinada a adolescentes de 11 e 12 anos de idade.<\/p>\n\n\n\n<p><em>Fonte: Prefeitura de Jundia\u00ed<\/em><\/p>\n","protected":false},"excerpt":{"rendered":"<p>O imunizante faz parte do Calend\u00e1rio Nacional de Vacina\u00e7\u00e3o<\/p>\n","protected":false},"author":24,"featured_media":110650,"comment_status":"closed","ping_status":"0","sticky":false,"template":"","format":"standard","meta":{"footnotes":""},"categories":[8356,8355],"tags":[],"class_list":["post-110648","post","type-post","status-publish","format-standard","has-post-thumbnail","hentry","category-jundiai","category-saude-3"],"_links":{"self":[{"href":"https:\/\/tvtecjundiai.com.br\/news\/wp-json\/wp\/v2\/posts\/110648","targetHints":{"allow":["GET"]}}],"collection":[{"href":"https:\/\/tvtecjundiai.com.br\/news\/wp-json\/wp\/v2\/posts"}],"about":[{"href":"https:\/\/tvtecjundiai.com.br\/news\/wp-json\/wp\/v2\/types\/post"}],"author":[{"embeddable":true,"href":"https:\/\/tvtecjundiai.com.br\/news\/wp-json\/wp\/v2\/users\/24"}],"replies":[{"embeddable":true,"href":"https:\/\/tvtecjundiai.com.br\/news\/wp-json\/wp\/v2\/comments?post=110648"}],"version-history":[{"count":1,"href":"https:\/\/tvtecjundiai.com.br\/news\/wp-json\/wp\/v2\/posts\/110648\/revisions"}],"predecessor-version":[{"id":110652,"href":"https:\/\/tvtecjundiai.com.br\/news\/wp-json\/wp\/v2\/posts\/110648\/revisions\/110652"}],"wp:featuredmedia":[{"embeddable":true,"href":"https:\/\/tvtecjundiai.com.br\/news\/wp-json\/wp\/v2\/media\/110650"}],"wp:attachment":[{"href":"https:\/\/tvtecjundiai.com.br\/news\/wp-json\/wp\/v2\/media?parent=110648"}],"wp:term":[{"taxonomy":"category","embeddable":true,"href":"https:\/\/tvtecjundiai.com.br\/news\/wp-json\/wp\/v2\/categories?post=110648"},{"taxonomy":"post_tag","embeddable":true,"href":"https:\/\/tvtecjundiai.com.br\/news\/wp-json\/wp\/v2\/tags?post=110648"}],"curies":[{"name":"wp","href":"https:\/\/api.w.org\/{rel}","templated":true}]}}