{"id":110664,"date":"2023-06-12T10:02:40","date_gmt":"2023-06-12T13:02:40","guid":{"rendered":"https:\/\/tvtecjundiai.com.br\/news\/?p=110664"},"modified":"2023-06-12T10:02:40","modified_gmt":"2023-06-12T13:02:40","slug":"bazar-do-hospital-sao-vicente-sera-realizado-nos-dias-13-e-14-de-junho","status":"publish","type":"post","link":"https:\/\/tvtecjundiai.com.br\/news\/2023\/06\/12\/bazar-do-hospital-sao-vicente-sera-realizado-nos-dias-13-e-14-de-junho\/","title":{"rendered":"Bazar do Hospital S\u00e3o Vicente ser\u00e1 realizado nos dias 13 e 14 de junho"},"content":{"rendered":"\n<p>O Bazar do Voluntariado do Hospital de Caridade S\u00e3o Vicente de Paulo (HSV) do m\u00eas de junho ser\u00e1 realizado nesta ter\u00e7a (13) e quarta-feira (14), das 8h \u00e0s 16h. As pe\u00e7as comercializadas s\u00e3o itens novos e seminovos doados pela comunidade. Toda a verba arrecadada se transforma em investimentos para melhorias no hospital.<\/p>\n\n\n\n<p>No bazar, que fica na rua Dr. Leonardo Cavalcanti, 350, Centro, os visitantes encontrar\u00e3o roupas femininas, masculinas e infantis, brinquedos, objetos de decora\u00e7\u00e3o, utens\u00edlios dom\u00e9sticos, acess\u00f3rios e muito mais. Os pre\u00e7os variam de R$ 3 a R$ 50 e o pagamento pode ser feito em dinheiro ou cart\u00e3o de d\u00e9bito.<\/p>\n\n\n\n<p><strong>Doa\u00e7\u00f5es<\/strong><\/p>\n\n\n\n<p>Os interessados em doar itens para a realiza\u00e7\u00e3o do bazar podem comparecer ao local com as pe\u00e7as \u00e0s quartas-feiras, das 13h30 \u00e0s 16h. <\/p>\n\n\n<div class=\"wp-block-image\">\n<figure class=\"aligncenter size-full is-resized\"><img loading=\"lazy\" decoding=\"async\" src=\"https:\/\/tvtecjundiai.com.br\/news\/wp-content\/uploads\/sites\/2\/2023\/06\/Bazar-do-Voluntariado-acontece-nos-dias-13-e-14-de-junho-2.jpg\" alt=\"\" class=\"wp-image-110665\" width=\"648\" height=\"486\" srcset=\"https:\/\/tvtecjundiai.com.br\/news\/wp-content\/uploads\/sites\/2\/2023\/06\/Bazar-do-Voluntariado-acontece-nos-dias-13-e-14-de-junho-2.jpg 960w, https:\/\/tvtecjundiai.com.br\/news\/wp-content\/uploads\/sites\/2\/2023\/06\/Bazar-do-Voluntariado-acontece-nos-dias-13-e-14-de-junho-2-300x225.jpg 300w, https:\/\/tvtecjundiai.com.br\/news\/wp-content\/uploads\/sites\/2\/2023\/06\/Bazar-do-Voluntariado-acontece-nos-dias-13-e-14-de-junho-2-768x576.jpg 768w\" sizes=\"auto, (max-width: 648px) 100vw, 648px\" \/><\/figure>\n<\/div>\n\n\n<p><\/p>\n\n\n\n<p><em><strong>(Fonte\/Imagem: Assessoria Hospital S\u00e3o Vicente)<\/strong><\/em><\/p>\n","protected":false},"excerpt":{"rendered":"<p>Toda a verba arrecadada se transforma em investimentos para melhorias no hospital<\/p>\n","protected":false},"author":30,"featured_media":110665,"comment_status":"closed","ping_status":"0","sticky":false,"template":"","format":"standard","meta":{"footnotes":""},"categories":[8356,1],"tags":[],"class_list":["post-110664","post","type-post","status-publish","format-standard","has-post-thumbnail","hentry","category-jundiai","category-noticias"],"_links":{"self":[{"href":"https:\/\/tvtecjundiai.com.br\/news\/wp-json\/wp\/v2\/posts\/110664","targetHints":{"allow":["GET"]}}],"collection":[{"href":"https:\/\/tvtecjundiai.com.br\/news\/wp-json\/wp\/v2\/posts"}],"about":[{"href":"https:\/\/tvtecjundiai.com.br\/news\/wp-json\/wp\/v2\/types\/post"}],"author":[{"embeddable":true,"href":"https:\/\/tvtecjundiai.com.br\/news\/wp-json\/wp\/v2\/users\/30"}],"replies":[{"embeddable":true,"href":"https:\/\/tvtecjundiai.com.br\/news\/wp-json\/wp\/v2\/comments?post=110664"}],"version-history":[{"count":1,"href":"https:\/\/tvtecjundiai.com.br\/news\/wp-json\/wp\/v2\/posts\/110664\/revisions"}],"predecessor-version":[{"id":110666,"href":"https:\/\/tvtecjundiai.com.br\/news\/wp-json\/wp\/v2\/posts\/110664\/revisions\/110666"}],"wp:featuredmedia":[{"embeddable":true,"href":"https:\/\/tvtecjundiai.com.br\/news\/wp-json\/wp\/v2\/media\/110665"}],"wp:attachment":[{"href":"https:\/\/tvtecjundiai.com.br\/news\/wp-json\/wp\/v2\/media?parent=110664"}],"wp:term":[{"taxonomy":"category","embeddable":true,"href":"https:\/\/tvtecjundiai.com.br\/news\/wp-json\/wp\/v2\/categories?post=110664"},{"taxonomy":"post_tag","embeddable":true,"href":"https:\/\/tvtecjundiai.com.br\/news\/wp-json\/wp\/v2\/tags?post=110664"}],"curies":[{"name":"wp","href":"https:\/\/api.w.org\/{rel}","templated":true}]}}