{"id":110669,"date":"2023-06-12T10:48:51","date_gmt":"2023-06-12T13:48:51","guid":{"rendered":"https:\/\/tvtecjundiai.com.br\/news\/?p=110669"},"modified":"2023-06-12T10:53:57","modified_gmt":"2023-06-12T13:53:57","slug":"frente-fria-acompanhada-de-pancadas-de-chuva-chega-a-jundiai-esta-semana","status":"publish","type":"post","link":"https:\/\/tvtecjundiai.com.br\/news\/2023\/06\/12\/frente-fria-acompanhada-de-pancadas-de-chuva-chega-a-jundiai-esta-semana\/","title":{"rendered":"Frente fria e pancadas de chuva chegam a Jundia\u00ed esta semana"},"content":{"rendered":"\n<p>A massa de ar frio que atingiu a regi\u00e3o sul do Brasil nos \u00faltimos dias chega a Jundia\u00ed esta semana. Segundo o Climatempo, a temperatura deve cair a partir desta ter\u00e7a-feira (13) e os term\u00f4metros devem atingir 11\u00b0C na sexta-feira (16).<\/p>\n\n\n\n<p>Nesta segunda-feira (12), o dia \u00e9 de sol com aumento de nuvens \u00e0 tarde e \u00e0 noite, mas sem chuva. Os term\u00f4metros ficam entre 14\u00b0C e 28\u00b0C.<\/p>\n\n\n<div class=\"wp-block-image\">\n<figure class=\"aligncenter size-full is-resized\"><img loading=\"lazy\" decoding=\"async\" src=\"https:\/\/tvtecjundiai.com.br\/news\/wp-content\/uploads\/sites\/2\/2023\/06\/foto-bom-dia-jardim-esplanada-lila-camargo-768x512-1.jpg\" alt=\"\" class=\"wp-image-110670\" width=\"673\" height=\"449\" srcset=\"https:\/\/tvtecjundiai.com.br\/news\/wp-content\/uploads\/sites\/2\/2023\/06\/foto-bom-dia-jardim-esplanada-lila-camargo-768x512-1.jpg 768w, https:\/\/tvtecjundiai.com.br\/news\/wp-content\/uploads\/sites\/2\/2023\/06\/foto-bom-dia-jardim-esplanada-lila-camargo-768x512-1-300x200.jpg 300w\" sizes=\"auto, (max-width: 673px) 100vw, 673px\" \/><\/figure>\n<\/div>\n\n\n<p><\/p>\n\n\n\n<p><strong>Confira a previs\u00e3o detalhada, de acordo com o Climatempo<\/strong><\/p>\n\n\n\n<p><strong>Ter\u00e7a-feira (13):<\/strong>&nbsp;Sol com algumas nuvens e pancadas de chuva \u00e0 tarde e \u00e0 noite, que devem somar 20mm. Est\u00e1 prevista queda brusca de temperatura, com os term\u00f4metros marcando entre 15\u00b0C e 20\u00b0C. <\/p>\n\n\n\n<p><strong>Quarta-feira (14):<\/strong>&nbsp;Muitas pancadas de chuva durante o dia e \u00e0 noite que devem somar 35mm. Os term\u00f4metros ficam entre 14\u00b0C e 19\u00b0C.<\/p>\n\n\n\n<p><strong>Quinta-feira (15):<\/strong>&nbsp;Chuvoso pela manh\u00e3, com aberturas de sol \u00e0 tarde e pancadas de chuva \u00e0 noite. A temperatura deve ficar entre 13\u00b0C e 18\u00b0C.<\/p>\n\n\n\n<p><strong>Sexta-feira (16):<\/strong>&nbsp;Dia de sol com algumas nuvens e n\u00e9voa ao amanhecer, sem previs\u00e3o de chuva. Os term\u00f4metros devem marcar entre 11\u00b0C e 18\u00b0C apenas, atingindo a m\u00ednima prevista para a semana.<\/p>\n\n\n\n<p><em><strong>(Fonte: TVTEC Jundia\u00ed\/Imagem: Lila Camargo)<\/strong><\/em><\/p>\n","protected":false},"excerpt":{"rendered":"<p>Segundo o Climatempo, a temperatura deve cair a partir desta ter\u00e7a-feira (13)<\/p>\n","protected":false},"author":30,"featured_media":110670,"comment_status":"closed","ping_status":"0","sticky":false,"template":"","format":"standard","meta":{"footnotes":""},"categories":[3185,29,8356,1],"tags":[],"class_list":["post-110669","post","type-post","status-publish","format-standard","has-post-thumbnail","hentry","category-clima","category-destaque","category-jundiai","category-noticias"],"_links":{"self":[{"href":"https:\/\/tvtecjundiai.com.br\/news\/wp-json\/wp\/v2\/posts\/110669","targetHints":{"allow":["GET"]}}],"collection":[{"href":"https:\/\/tvtecjundiai.com.br\/news\/wp-json\/wp\/v2\/posts"}],"about":[{"href":"https:\/\/tvtecjundiai.com.br\/news\/wp-json\/wp\/v2\/types\/post"}],"author":[{"embeddable":true,"href":"https:\/\/tvtecjundiai.com.br\/news\/wp-json\/wp\/v2\/users\/30"}],"replies":[{"embeddable":true,"href":"https:\/\/tvtecjundiai.com.br\/news\/wp-json\/wp\/v2\/comments?post=110669"}],"version-history":[{"count":2,"href":"https:\/\/tvtecjundiai.com.br\/news\/wp-json\/wp\/v2\/posts\/110669\/revisions"}],"predecessor-version":[{"id":110672,"href":"https:\/\/tvtecjundiai.com.br\/news\/wp-json\/wp\/v2\/posts\/110669\/revisions\/110672"}],"wp:featuredmedia":[{"embeddable":true,"href":"https:\/\/tvtecjundiai.com.br\/news\/wp-json\/wp\/v2\/media\/110670"}],"wp:attachment":[{"href":"https:\/\/tvtecjundiai.com.br\/news\/wp-json\/wp\/v2\/media?parent=110669"}],"wp:term":[{"taxonomy":"category","embeddable":true,"href":"https:\/\/tvtecjundiai.com.br\/news\/wp-json\/wp\/v2\/categories?post=110669"},{"taxonomy":"post_tag","embeddable":true,"href":"https:\/\/tvtecjundiai.com.br\/news\/wp-json\/wp\/v2\/tags?post=110669"}],"curies":[{"name":"wp","href":"https:\/\/api.w.org\/{rel}","templated":true}]}}