{"id":110687,"date":"2023-06-12T14:36:56","date_gmt":"2023-06-12T17:36:56","guid":{"rendered":"https:\/\/tvtecjundiai.com.br\/news\/?p=110687"},"modified":"2023-06-12T14:36:58","modified_gmt":"2023-06-12T17:36:58","slug":"compac-aprova-abertura-do-processo-de-tombamento-do-estadio-jayme-cintra","status":"publish","type":"post","link":"https:\/\/tvtecjundiai.com.br\/news\/2023\/06\/12\/compac-aprova-abertura-do-processo-de-tombamento-do-estadio-jayme-cintra\/","title":{"rendered":"Compac aprova abertura do processo de tombamento do Est\u00e1dio Jayme Cintra"},"content":{"rendered":"\n<p>O Conselho Municipal do Patrim\u00f4nio Art\u00edstico e Cultural (Compac), ligado \u00e0 Unidade de Gest\u00e3o de Cultura, aprovou, em reuni\u00e3o, por unanimidade, a abertura do processo de tombamento do Est\u00e1dio Jayme Cintra, que pertence ao Paulista Futebol Clube. A reuni\u00e3o com os conselheiros foi realizada virtualmente.<\/p>\n\n\n\n<p>\u201cA decis\u00e3o do Conselho pela abertura do processo de tombamento do Est\u00e1dio Jayme Cintra abre a possibilidade da comunidade conhecer melhor os valores culturais do Est\u00e1dio. Lembrando que o Conselho representa a participa\u00e7\u00e3o da sociedade na decis\u00f5es sobre o Patrim\u00f4nio Art\u00edstico e Cultural da cidade\u201d, refor\u00e7a o diretor Departamento de Patrim\u00f4nio Hist\u00f3rico e presidente do Compac, Elizeu Franco.<\/p>\n\n\n<div class=\"wp-block-image\">\n<figure class=\"aligncenter size-large\"><img loading=\"lazy\" decoding=\"async\" width=\"1200\" height=\"660\" src=\"https:\/\/tvtecjundiai.com.br\/news\/wp-content\/uploads\/sites\/2\/2023\/06\/jayme_cintra_futebol-172-1280x704-1-1200x660.jpg\" alt=\"\" class=\"wp-image-110688\" srcset=\"https:\/\/tvtecjundiai.com.br\/news\/wp-content\/uploads\/sites\/2\/2023\/06\/jayme_cintra_futebol-172-1280x704-1-1200x660.jpg 1200w, https:\/\/tvtecjundiai.com.br\/news\/wp-content\/uploads\/sites\/2\/2023\/06\/jayme_cintra_futebol-172-1280x704-1-300x165.jpg 300w, https:\/\/tvtecjundiai.com.br\/news\/wp-content\/uploads\/sites\/2\/2023\/06\/jayme_cintra_futebol-172-1280x704-1-768x422.jpg 768w, https:\/\/tvtecjundiai.com.br\/news\/wp-content\/uploads\/sites\/2\/2023\/06\/jayme_cintra_futebol-172-1280x704-1.jpg 1280w\" sizes=\"auto, (max-width: 1200px) 100vw, 1200px\" \/><figcaption class=\"wp-element-caption\">Com a abertura do processo de tombamento, o est\u00e1dio passa a ter prote\u00e7\u00e3o provis\u00f3ria equivalente ao tombamento<\/figcaption><\/figure>\n<\/div>\n\n\n<p>Na reuni\u00e3o tamb\u00e9m foi aprovado para o Est\u00e1dio o grau de prote\u00e7\u00e3o 1 no Invent\u00e1rio de Prote\u00e7\u00e3o do Patrim\u00f4nio Art\u00edstico e Cultural de Jundia\u00ed (IPACC), que coloca o est\u00e1dio entre os bens culturais protegidos da cidade. Foram 13 votos a favor em ambos os processos. Com a abertura do processo de tombamento, o est\u00e1dio passa a ter prote\u00e7\u00e3o provis\u00f3ria equivalente ao tombamento. Ser\u00e1 formado um grupo de trabalho, com membros do Conselho, para que toda a \u00e1rea do est\u00e1dio seja estudada e, em um per\u00edodo de at\u00e9 2 anos, o Compac decida se o est\u00e1dio ser\u00e1 tombado definitivamente ou n\u00e3o.<\/p>\n\n\n\n<p>O Paulista Futebol Clube foi fundado em 1909. J\u00e1 o Est\u00e1dio Jayme Cintra foi inaugurado em 30 de maio de 1957, em um amistoso entre Paulista e Palmeiras, quando o Paulista venceu por 3 a 1. O est\u00e1dio foi palco dos momentos mais importantes da hist\u00f3ria do Paulista, como a primeira partida da final da Copa do Brasil de 2005 e jogos da Libertadores de 2006.<\/p>\n\n\n<div class=\"wp-block-image\">\n<figure class=\"aligncenter size-full\"><img loading=\"lazy\" decoding=\"async\" width=\"828\" height=\"383\" src=\"https:\/\/tvtecjundiai.com.br\/news\/wp-content\/uploads\/sites\/2\/2023\/06\/compac-2.jpg\" alt=\"\" class=\"wp-image-110689\" srcset=\"https:\/\/tvtecjundiai.com.br\/news\/wp-content\/uploads\/sites\/2\/2023\/06\/compac-2.jpg 828w, https:\/\/tvtecjundiai.com.br\/news\/wp-content\/uploads\/sites\/2\/2023\/06\/compac-2-300x139.jpg 300w, https:\/\/tvtecjundiai.com.br\/news\/wp-content\/uploads\/sites\/2\/2023\/06\/compac-2-768x355.jpg 768w\" sizes=\"auto, (max-width: 828px) 100vw, 828px\" \/><figcaption class=\"wp-element-caption\">Compac aprovou, em reuni\u00e3o virtual, a abertura do processo de tombamento do Est\u00e1dio Jayme Cintra<\/figcaption><\/figure>\n<\/div>\n\n\n<p>\u201cA abertura do processo de tombamento do est\u00e1dio \u00e9 um passo important\u00edssimo. Permite ao Paulista sentar \u00e0 mesa com especialistas, com o poder p\u00fablico e com a sociedade jundiaiense, atrav\u00e9s do Compac, para que possamos evidenciar a import\u00e2ncia hist\u00f3rica e cultural que o Est\u00e1dio Jayme Cintra possui na vida da cidade\u201d, afirmou o 2\u00ba vice-presidente do Paulista, Lucas Rodrigues.<\/p>\n\n\n\n<p><strong><em>Fonte \/ Imagem: Prefeitura de Jundia\u00ed<\/em><\/strong><\/p>\n","protected":false},"excerpt":{"rendered":"<p>Com a abertura do processo de tombamento, o est\u00e1dio passa a ter prote\u00e7\u00e3o provis\u00f3ria equivalente ao tombamento<\/p>\n","protected":false},"author":30,"featured_media":110688,"comment_status":"closed","ping_status":"0","sticky":false,"template":"","format":"standard","meta":{"footnotes":""},"categories":[8356,1],"tags":[],"class_list":["post-110687","post","type-post","status-publish","format-standard","has-post-thumbnail","hentry","category-jundiai","category-noticias"],"_links":{"self":[{"href":"https:\/\/tvtecjundiai.com.br\/news\/wp-json\/wp\/v2\/posts\/110687","targetHints":{"allow":["GET"]}}],"collection":[{"href":"https:\/\/tvtecjundiai.com.br\/news\/wp-json\/wp\/v2\/posts"}],"about":[{"href":"https:\/\/tvtecjundiai.com.br\/news\/wp-json\/wp\/v2\/types\/post"}],"author":[{"embeddable":true,"href":"https:\/\/tvtecjundiai.com.br\/news\/wp-json\/wp\/v2\/users\/30"}],"replies":[{"embeddable":true,"href":"https:\/\/tvtecjundiai.com.br\/news\/wp-json\/wp\/v2\/comments?post=110687"}],"version-history":[{"count":1,"href":"https:\/\/tvtecjundiai.com.br\/news\/wp-json\/wp\/v2\/posts\/110687\/revisions"}],"predecessor-version":[{"id":110690,"href":"https:\/\/tvtecjundiai.com.br\/news\/wp-json\/wp\/v2\/posts\/110687\/revisions\/110690"}],"wp:featuredmedia":[{"embeddable":true,"href":"https:\/\/tvtecjundiai.com.br\/news\/wp-json\/wp\/v2\/media\/110688"}],"wp:attachment":[{"href":"https:\/\/tvtecjundiai.com.br\/news\/wp-json\/wp\/v2\/media?parent=110687"}],"wp:term":[{"taxonomy":"category","embeddable":true,"href":"https:\/\/tvtecjundiai.com.br\/news\/wp-json\/wp\/v2\/categories?post=110687"},{"taxonomy":"post_tag","embeddable":true,"href":"https:\/\/tvtecjundiai.com.br\/news\/wp-json\/wp\/v2\/tags?post=110687"}],"curies":[{"name":"wp","href":"https:\/\/api.w.org\/{rel}","templated":true}]}}