{"id":110691,"date":"2023-06-12T14:52:15","date_gmt":"2023-06-12T17:52:15","guid":{"rendered":"https:\/\/tvtecjundiai.com.br\/news\/?p=110691"},"modified":"2023-06-12T14:52:16","modified_gmt":"2023-06-12T17:52:16","slug":"jardim-botanico-de-jundiai-atua-na-conservacao-da-mata-atlantica-e-cerrado","status":"publish","type":"post","link":"https:\/\/tvtecjundiai.com.br\/news\/2023\/06\/12\/jardim-botanico-de-jundiai-atua-na-conservacao-da-mata-atlantica-e-cerrado\/","title":{"rendered":"Jardim Bot\u00e2nico de Jundia\u00ed atua na conserva\u00e7\u00e3o da Mata Atl\u00e2ntica e Cerrado"},"content":{"rendered":"\n<p>Al\u00e9m de um amplo espa\u00e7o de lazer e contato com a natureza em pleno cen\u00e1rio urbano, o Jardim Bot\u00e2nico de Jundia\u00ed possui um importante papel na conserva\u00e7\u00e3o de esp\u00e9cies de biomas amea\u00e7ados que s\u00e3o priorit\u00e1rios para a conserva\u00e7\u00e3o e fundamentais para a preserva\u00e7\u00e3o de ecossistemas importantes no pa\u00eds. Atualmente, a institui\u00e7\u00e3o possui em seu acervo 186 esp\u00e9cies nativas da Mata Atl\u00e2ntica e 47 do Cerrado. O Jardim Bot\u00e2nico est\u00e1 inserido no Departamento de Parques, Jardins e Pra\u00e7as (DPJP), que est\u00e1 ligado \u00e0 Unidade de Gest\u00e3o de Infraestrutura e Servi\u00e7os P\u00fablicos (UGISP).<\/p>\n\n\n\n<p>\u201cO Brasil possui uma flora bastante diversa, o que aumenta o desafio na preserva\u00e7\u00e3o e conserva\u00e7\u00e3o. Nesse contexto, o Jardim Bot\u00e2nico de Jundia\u00ed tem um programa de conserva\u00e7\u00e3o para esp\u00e9cies dos dois biomas mais amea\u00e7ados e diversos do pa\u00eds, e que ocorrem em nosso munic\u00edpio, a Mata Atl\u00e2ntica e o Cerrado. \u00a0O acervo do Jardim j\u00e1 alcan\u00e7a uma boa representatividade de esp\u00e9cies desses biomas e tem o papel de atuar como fonte de esp\u00e9cies para projetos de conserva\u00e7\u00e3o de esp\u00e9cies raras e restaura\u00e7\u00e3o de ecossistemas\u201d, comenta o Engenheiro Florestal do Jardim Bot\u00e2nico de Jundia\u00ed, Thiago Pinto Pires.<\/p>\n\n\n<div class=\"wp-block-image\">\n<figure class=\"aligncenter size-large\"><img loading=\"lazy\" decoding=\"async\" width=\"1200\" height=\"801\" src=\"https:\/\/tvtecjundiai.com.br\/news\/wp-content\/uploads\/sites\/2\/2023\/06\/jardim-botanico_mata-atlantica_cerrado_m_-57-1280x854-1-1200x801.jpg\" alt=\"\" class=\"wp-image-110692\" srcset=\"https:\/\/tvtecjundiai.com.br\/news\/wp-content\/uploads\/sites\/2\/2023\/06\/jardim-botanico_mata-atlantica_cerrado_m_-57-1280x854-1-1200x801.jpg 1200w, https:\/\/tvtecjundiai.com.br\/news\/wp-content\/uploads\/sites\/2\/2023\/06\/jardim-botanico_mata-atlantica_cerrado_m_-57-1280x854-1-300x200.jpg 300w, https:\/\/tvtecjundiai.com.br\/news\/wp-content\/uploads\/sites\/2\/2023\/06\/jardim-botanico_mata-atlantica_cerrado_m_-57-1280x854-1-768x512.jpg 768w, https:\/\/tvtecjundiai.com.br\/news\/wp-content\/uploads\/sites\/2\/2023\/06\/jardim-botanico_mata-atlantica_cerrado_m_-57-1280x854-1.jpg 1280w\" sizes=\"auto, (max-width: 1200px) 100vw, 1200px\" \/><figcaption class=\"wp-element-caption\">Thiago conta que o acervo do Jardim Bot\u00e2nico \u00e9 uma fonte de esp\u00e9cies para projetos de conserva\u00e7\u00e3o<\/figcaption><\/figure>\n<\/div>\n\n\n<p>Alguns dos principais exemplares da Mata Atl\u00e2ntica encontrados no acervo s\u00e3o grupos de orqu\u00eddeas, brom\u00e9lias, cactos, al\u00e9m de \u00e1rvores e outras herb\u00e1ceas. No acervo para conserva\u00e7\u00e3o do Cerrado h\u00e1 esp\u00e9cies de \u00e1rvores, arbustos, herb\u00e1ceas e gram\u00edneas. Todas essas plantas s\u00e3o oriundas de \u00e1reas naturais, como a Reserva Biol\u00f3gica da Serra do Japi, os Parques Estaduais da Cantareira, Jaragu\u00e1, Juquery e Itapetinga, a \u00c1rea Relevante de Interesse Ecol\u00f3gico Mata de Santa Genebra, a Floresta Nacional de Ipanema e fragmentos de Cerrado que ocorrem no munic\u00edpio de Jundia\u00ed.<\/p>\n\n\n\n<figure class=\"wp-block-gallery has-nested-images columns-default is-cropped wp-block-gallery-1 is-layout-flex wp-block-gallery-is-layout-flex\">\n<figure class=\"wp-block-image size-large\"><img loading=\"lazy\" decoding=\"async\" width=\"1200\" height=\"801\" data-id=\"110694\" src=\"https:\/\/tvtecjundiai.com.br\/news\/wp-content\/uploads\/sites\/2\/2023\/06\/jardim-botanico_mata-atlantica_cerrado_m_-22-1-1280x854-1-1200x801.jpg\" alt=\"\" class=\"wp-image-110694\" srcset=\"https:\/\/tvtecjundiai.com.br\/news\/wp-content\/uploads\/sites\/2\/2023\/06\/jardim-botanico_mata-atlantica_cerrado_m_-22-1-1280x854-1-1200x801.jpg 1200w, https:\/\/tvtecjundiai.com.br\/news\/wp-content\/uploads\/sites\/2\/2023\/06\/jardim-botanico_mata-atlantica_cerrado_m_-22-1-1280x854-1-300x200.jpg 300w, https:\/\/tvtecjundiai.com.br\/news\/wp-content\/uploads\/sites\/2\/2023\/06\/jardim-botanico_mata-atlantica_cerrado_m_-22-1-1280x854-1-768x512.jpg 768w, https:\/\/tvtecjundiai.com.br\/news\/wp-content\/uploads\/sites\/2\/2023\/06\/jardim-botanico_mata-atlantica_cerrado_m_-22-1-1280x854-1.jpg 1280w\" sizes=\"auto, (max-width: 1200px) 100vw, 1200px\" \/><figcaption class=\"wp-element-caption\">Jundia\u00ed possui 186 esp\u00e9cies nativas da Mata Atl\u00e2ntica<\/figcaption><\/figure>\n\n\n\n<figure class=\"wp-block-image size-large\"><img loading=\"lazy\" decoding=\"async\" width=\"1200\" height=\"801\" data-id=\"110693\" src=\"https:\/\/tvtecjundiai.com.br\/news\/wp-content\/uploads\/sites\/2\/2023\/06\/jardim-botanico_mata-atlantica_cerrado_m_-96-1280x854-1-1200x801.jpg\" alt=\"\" class=\"wp-image-110693\" srcset=\"https:\/\/tvtecjundiai.com.br\/news\/wp-content\/uploads\/sites\/2\/2023\/06\/jardim-botanico_mata-atlantica_cerrado_m_-96-1280x854-1-1200x801.jpg 1200w, https:\/\/tvtecjundiai.com.br\/news\/wp-content\/uploads\/sites\/2\/2023\/06\/jardim-botanico_mata-atlantica_cerrado_m_-96-1280x854-1-300x200.jpg 300w, https:\/\/tvtecjundiai.com.br\/news\/wp-content\/uploads\/sites\/2\/2023\/06\/jardim-botanico_mata-atlantica_cerrado_m_-96-1280x854-1-768x512.jpg 768w, https:\/\/tvtecjundiai.com.br\/news\/wp-content\/uploads\/sites\/2\/2023\/06\/jardim-botanico_mata-atlantica_cerrado_m_-96-1280x854-1.jpg 1280w\" sizes=\"auto, (max-width: 1200px) 100vw, 1200px\" \/><figcaption class=\"wp-element-caption\">Esp\u00e9cies passam por diversas etapas para estarem prontas para voltar \u00e0 natureza, se necess\u00e1rio<\/figcaption><\/figure>\n<\/figure>\n\n\n\n<p>No Jardim Bot\u00e2nico as esp\u00e9cies passam por \u00e1reas de germina\u00e7\u00e3o, crescimento ou manuten\u00e7\u00e3o, aclimata\u00e7\u00e3o e plantio. Esse plantio ocorre dentro do Jardim Bot\u00e2nico para compor a cole\u00e7\u00e3o, em \u00e1reas de institui\u00e7\u00f5es parceiras e tamb\u00e9m em \u00e1reas naturais, possibilitando o retorno das esp\u00e9cies para a natureza.<\/p>\n\n\n\n<p>\u201cA preocupa\u00e7\u00e3o com o meio ambiente \u00e9 uma pauta constante em Jundia\u00ed, que apresenta pol\u00edticas p\u00fablicas modernas e consolidadas para fomentar a conserva\u00e7\u00e3o e preserva\u00e7\u00e3o. O Jardim Bot\u00e2nico \u00e9 mais um equipamento municipal que atua com esse objetivo, al\u00e9m de ser uma \u00e1rea verde localizada no centro da cidade\u201d, ressalta o Gestor de Infraestrutura e Servi\u00e7os P\u00fablicos, Adilson Rosa.<\/p>\n\n\n\n<figure class=\"wp-block-gallery has-nested-images columns-default is-cropped wp-block-gallery-2 is-layout-flex wp-block-gallery-is-layout-flex\">\n<figure class=\"wp-block-image size-large\"><img loading=\"lazy\" decoding=\"async\" width=\"1200\" height=\"801\" data-id=\"110696\" src=\"https:\/\/tvtecjundiai.com.br\/news\/wp-content\/uploads\/sites\/2\/2023\/06\/jardim-botanico_mata-atlantica_cerrado_m_-102-1-1280x854-1-1200x801.jpg\" alt=\"\" class=\"wp-image-110696\" srcset=\"https:\/\/tvtecjundiai.com.br\/news\/wp-content\/uploads\/sites\/2\/2023\/06\/jardim-botanico_mata-atlantica_cerrado_m_-102-1-1280x854-1-1200x801.jpg 1200w, https:\/\/tvtecjundiai.com.br\/news\/wp-content\/uploads\/sites\/2\/2023\/06\/jardim-botanico_mata-atlantica_cerrado_m_-102-1-1280x854-1-300x200.jpg 300w, https:\/\/tvtecjundiai.com.br\/news\/wp-content\/uploads\/sites\/2\/2023\/06\/jardim-botanico_mata-atlantica_cerrado_m_-102-1-1280x854-1-768x512.jpg 768w, https:\/\/tvtecjundiai.com.br\/news\/wp-content\/uploads\/sites\/2\/2023\/06\/jardim-botanico_mata-atlantica_cerrado_m_-102-1-1280x854-1.jpg 1280w\" sizes=\"auto, (max-width: 1200px) 100vw, 1200px\" \/><figcaption class=\"wp-element-caption\">Esp\u00e9cies t\u00edpicas do Cerrado podem ser encontradas<\/figcaption><\/figure>\n\n\n\n<figure class=\"wp-block-image size-large\"><img loading=\"lazy\" decoding=\"async\" width=\"1200\" height=\"801\" data-id=\"110695\" src=\"https:\/\/tvtecjundiai.com.br\/news\/wp-content\/uploads\/sites\/2\/2023\/06\/jardim-botanico_mata-atlantica_cerrado_m_-81-1280x854-1-1200x801.jpg\" alt=\"\" class=\"wp-image-110695\" srcset=\"https:\/\/tvtecjundiai.com.br\/news\/wp-content\/uploads\/sites\/2\/2023\/06\/jardim-botanico_mata-atlantica_cerrado_m_-81-1280x854-1-1200x801.jpg 1200w, https:\/\/tvtecjundiai.com.br\/news\/wp-content\/uploads\/sites\/2\/2023\/06\/jardim-botanico_mata-atlantica_cerrado_m_-81-1280x854-1-300x200.jpg 300w, https:\/\/tvtecjundiai.com.br\/news\/wp-content\/uploads\/sites\/2\/2023\/06\/jardim-botanico_mata-atlantica_cerrado_m_-81-1280x854-1-768x512.jpg 768w, https:\/\/tvtecjundiai.com.br\/news\/wp-content\/uploads\/sites\/2\/2023\/06\/jardim-botanico_mata-atlantica_cerrado_m_-81-1280x854-1.jpg 1280w\" sizes=\"auto, (max-width: 1200px) 100vw, 1200px\" \/><figcaption class=\"wp-element-caption\">Jundia\u00ed tem pol\u00edticas consolidadas para preserva\u00e7\u00e3o e conserva\u00e7\u00e3o do meio ambiente<\/figcaption><\/figure>\n<\/figure>\n\n\n\n<p><strong>Visita monitorada<\/strong><\/p>\n\n\n\n<p>Escolas, empresas, profissionais e membros da sociedade civil que queiram conhecer essas esp\u00e9cies de plantas e outras atra\u00e7\u00f5es do Jardim Bot\u00e2nico de Jundia\u00ed, podem agendar uma visita monitorada, pelo site da institui\u00e7\u00e3o. \u201c\u00c9 um local muito bonito, com uma varia\u00e7\u00e3o de plantas muita grande. Para quem tem interesse, \u00e9 um lugar que fornece muito aprendizado\u201d, contou o estudante e integrante de um grupo de uma visita, Joaquim Athayde, de 15 anos.<\/p>\n\n\n\n<p><em><strong>Fonte \/ Imagem: Prefeitura de Jundia\u00ed<\/strong><\/em><\/p>\n","protected":false},"excerpt":{"rendered":"<p>Jundia\u00ed possui 186 esp\u00e9cies nativas da Mata Atl\u00e2ntica<\/p>\n","protected":false},"author":30,"featured_media":110692,"comment_status":"closed","ping_status":"0","sticky":false,"template":"","format":"standard","meta":{"footnotes":""},"categories":[8356,3569,1],"tags":[],"class_list":["post-110691","post","type-post","status-publish","format-standard","has-post-thumbnail","hentry","category-jundiai","category-meio-ambiente","category-noticias"],"_links":{"self":[{"href":"https:\/\/tvtecjundiai.com.br\/news\/wp-json\/wp\/v2\/posts\/110691","targetHints":{"allow":["GET"]}}],"collection":[{"href":"https:\/\/tvtecjundiai.com.br\/news\/wp-json\/wp\/v2\/posts"}],"about":[{"href":"https:\/\/tvtecjundiai.com.br\/news\/wp-json\/wp\/v2\/types\/post"}],"author":[{"embeddable":true,"href":"https:\/\/tvtecjundiai.com.br\/news\/wp-json\/wp\/v2\/users\/30"}],"replies":[{"embeddable":true,"href":"https:\/\/tvtecjundiai.com.br\/news\/wp-json\/wp\/v2\/comments?post=110691"}],"version-history":[{"count":1,"href":"https:\/\/tvtecjundiai.com.br\/news\/wp-json\/wp\/v2\/posts\/110691\/revisions"}],"predecessor-version":[{"id":110697,"href":"https:\/\/tvtecjundiai.com.br\/news\/wp-json\/wp\/v2\/posts\/110691\/revisions\/110697"}],"wp:featuredmedia":[{"embeddable":true,"href":"https:\/\/tvtecjundiai.com.br\/news\/wp-json\/wp\/v2\/media\/110692"}],"wp:attachment":[{"href":"https:\/\/tvtecjundiai.com.br\/news\/wp-json\/wp\/v2\/media?parent=110691"}],"wp:term":[{"taxonomy":"category","embeddable":true,"href":"https:\/\/tvtecjundiai.com.br\/news\/wp-json\/wp\/v2\/categories?post=110691"},{"taxonomy":"post_tag","embeddable":true,"href":"https:\/\/tvtecjundiai.com.br\/news\/wp-json\/wp\/v2\/tags?post=110691"}],"curies":[{"name":"wp","href":"https:\/\/api.w.org\/{rel}","templated":true}]}}