{"id":110706,"date":"2023-06-12T17:29:36","date_gmt":"2023-06-12T20:29:36","guid":{"rendered":"https:\/\/tvtecjundiai.com.br\/news\/?p=110706"},"modified":"2023-06-12T17:29:37","modified_gmt":"2023-06-12T20:29:37","slug":"agendamento-de-quadras-esportivas-do-mundo-das-criancas-passa-por-alteracao","status":"publish","type":"post","link":"https:\/\/tvtecjundiai.com.br\/news\/2023\/06\/12\/agendamento-de-quadras-esportivas-do-mundo-das-criancas-passa-por-alteracao\/","title":{"rendered":"Agendamento de quadras esportivas do Mundo das Crian\u00e7as passa por altera\u00e7\u00e3o"},"content":{"rendered":"\n<p>O sistema de agendamento gratuito de quadras esportivas do Mundo das Crian\u00e7as acaba de ser alterado para facilitar a reserva dos espa\u00e7os aos finais de semana. A partir de agora, ao inv\u00e9s de reservar apenas o dia e hor\u00e1rio, o usu\u00e1rio tamb\u00e9m escolher\u00e1 a quadra de sua prefer\u00eancia.<\/p>\n\n\n\n<p>Ao todo, o parque conta com seis quadras de areia para a pr\u00e1tica de beach tennis e v\u00f4lei de areia; quatro quadras para basquete 3X3 e quatro dedicadas a t\u00eanis. A mudan\u00e7a visa facilitar o acesso de todos e agilizar a utiliza\u00e7\u00e3o dos espa\u00e7os aos finais de semana, feriados e emendas de feriados, momentos em que o agendamento segue obrigat\u00f3rio para acessar o parque.<\/p>\n\n\n<div class=\"wp-block-image\">\n<figure class=\"aligncenter size-large is-resized\"><img loading=\"lazy\" decoding=\"async\" src=\"https:\/\/tvtecjundiai.com.br\/news\/wp-content\/uploads\/sites\/2\/2023\/06\/img_1317-1280x960-2-1200x900.jpg\" alt=\"\" class=\"wp-image-110708\" width=\"840\" height=\"630\" srcset=\"https:\/\/tvtecjundiai.com.br\/news\/wp-content\/uploads\/sites\/2\/2023\/06\/img_1317-1280x960-2-1200x900.jpg 1200w, https:\/\/tvtecjundiai.com.br\/news\/wp-content\/uploads\/sites\/2\/2023\/06\/img_1317-1280x960-2-300x225.jpg 300w, https:\/\/tvtecjundiai.com.br\/news\/wp-content\/uploads\/sites\/2\/2023\/06\/img_1317-1280x960-2-768x576.jpg 768w, https:\/\/tvtecjundiai.com.br\/news\/wp-content\/uploads\/sites\/2\/2023\/06\/img_1317-1280x960-2.jpg 1280w\" sizes=\"auto, (max-width: 840px) 100vw, 840px\" \/><figcaption class=\"wp-element-caption\">No momento do agendamento, o usu\u00e1rio tamb\u00e9m deve escolher o n\u00famero da quadra desejada<\/figcaption><\/figure>\n<\/div>\n\n\n<p>\u201cA escolha da quadra passa a ser feita no momento do agendamento. A pessoa verifica pelo sistema qual \u00e9 a quadra que est\u00e1 livre e faz a sua reserva; se uma estiver ocupada no hor\u00e1rio desejado, \u00e9 s\u00f3 checar a pr\u00f3xima que estiver livre\u201d, explica o assessor especial, Luiz Trientini, respons\u00e1vel pelo Mundo das Crian\u00e7as, lembrando a agenda de visitas e a de utiliza\u00e7\u00e3o das pistas de skate seguem sem altera\u00e7\u00f5es.<\/p>\n\n\n\n<p>Para reservar gratuitamente as quadras esportivas do Mundo, basta visitar o site do parque e fazer a agendar pelo endere\u00e7o\u00a0<a href=\"http:\/\/www.mundodascriancasjundiai.com.br\/agendamento\/\">www.mundodascriancasjundiai.com.br\/agendamento\/<\/a>. Toda segunda-feira, ao meio-dia, s\u00e3o disponibilizadas novas datas referentes ao final de semana seguinte.<\/p>\n\n\n<div class=\"wp-block-image\">\n<figure class=\"aligncenter size-large\"><img loading=\"lazy\" decoding=\"async\" width=\"1200\" height=\"675\" src=\"https:\/\/tvtecjundiai.com.br\/news\/wp-content\/uploads\/sites\/2\/2023\/06\/dji_0689-2-1280x720-1-1200x675.jpg\" alt=\"\" class=\"wp-image-110709\" srcset=\"https:\/\/tvtecjundiai.com.br\/news\/wp-content\/uploads\/sites\/2\/2023\/06\/dji_0689-2-1280x720-1-1200x675.jpg 1200w, https:\/\/tvtecjundiai.com.br\/news\/wp-content\/uploads\/sites\/2\/2023\/06\/dji_0689-2-1280x720-1-300x169.jpg 300w, https:\/\/tvtecjundiai.com.br\/news\/wp-content\/uploads\/sites\/2\/2023\/06\/dji_0689-2-1280x720-1-768x432.jpg 768w, https:\/\/tvtecjundiai.com.br\/news\/wp-content\/uploads\/sites\/2\/2023\/06\/dji_0689-2-1280x720-1.jpg 1280w\" sizes=\"auto, (max-width: 1200px) 100vw, 1200px\" \/><figcaption class=\"wp-element-caption\">Altera\u00e7\u00e3o ocorrer\u00e1 somente para o agendamento das quadras de areia, basquete 3X3 e t\u00eanis<\/figcaption><\/figure>\n<\/div>\n\n\n<p><em><strong>Fonte \/ Imagem: DAE Jundia\u00ed<\/strong><\/em><\/p>\n","protected":false},"excerpt":{"rendered":"<p>No momento do agendamento, o usu\u00e1rio tamb\u00e9m deve escolher o n\u00famero da quadra desejada<\/p>\n","protected":false},"author":30,"featured_media":110708,"comment_status":"closed","ping_status":"0","sticky":false,"template":"","format":"standard","meta":{"footnotes":""},"categories":[2827,8356,1],"tags":[],"class_list":["post-110706","post","type-post","status-publish","format-standard","has-post-thumbnail","hentry","category-esportes-e-lazer","category-jundiai","category-noticias"],"_links":{"self":[{"href":"https:\/\/tvtecjundiai.com.br\/news\/wp-json\/wp\/v2\/posts\/110706","targetHints":{"allow":["GET"]}}],"collection":[{"href":"https:\/\/tvtecjundiai.com.br\/news\/wp-json\/wp\/v2\/posts"}],"about":[{"href":"https:\/\/tvtecjundiai.com.br\/news\/wp-json\/wp\/v2\/types\/post"}],"author":[{"embeddable":true,"href":"https:\/\/tvtecjundiai.com.br\/news\/wp-json\/wp\/v2\/users\/30"}],"replies":[{"embeddable":true,"href":"https:\/\/tvtecjundiai.com.br\/news\/wp-json\/wp\/v2\/comments?post=110706"}],"version-history":[{"count":1,"href":"https:\/\/tvtecjundiai.com.br\/news\/wp-json\/wp\/v2\/posts\/110706\/revisions"}],"predecessor-version":[{"id":110710,"href":"https:\/\/tvtecjundiai.com.br\/news\/wp-json\/wp\/v2\/posts\/110706\/revisions\/110710"}],"wp:featuredmedia":[{"embeddable":true,"href":"https:\/\/tvtecjundiai.com.br\/news\/wp-json\/wp\/v2\/media\/110708"}],"wp:attachment":[{"href":"https:\/\/tvtecjundiai.com.br\/news\/wp-json\/wp\/v2\/media?parent=110706"}],"wp:term":[{"taxonomy":"category","embeddable":true,"href":"https:\/\/tvtecjundiai.com.br\/news\/wp-json\/wp\/v2\/categories?post=110706"},{"taxonomy":"post_tag","embeddable":true,"href":"https:\/\/tvtecjundiai.com.br\/news\/wp-json\/wp\/v2\/tags?post=110706"}],"curies":[{"name":"wp","href":"https:\/\/api.w.org\/{rel}","templated":true}]}}