{"id":110714,"date":"2023-06-13T09:54:13","date_gmt":"2023-06-13T12:54:13","guid":{"rendered":"https:\/\/tvtecjundiai.com.br\/news\/?p=110714"},"modified":"2023-06-13T09:54:18","modified_gmt":"2023-06-13T12:54:18","slug":"festa-junina-anima-pacientes-da-ala-de-saude-mental-do-hospital-sao-vicente","status":"publish","type":"post","link":"https:\/\/tvtecjundiai.com.br\/news\/2023\/06\/13\/festa-junina-anima-pacientes-da-ala-de-saude-mental-do-hospital-sao-vicente\/","title":{"rendered":"Festa Junina anima pacientes da Ala de Sa\u00fade Mental do Hospital S\u00e3o Vicente"},"content":{"rendered":"\n<p>Com caf\u00e9 da manh\u00e3 e decora\u00e7\u00e3o especial, a equipe da enfermaria do Hospital S\u00e3o Vicente realizou uma festa junina para os pacientes da Unidade de Interna\u00e7\u00e3o de Sa\u00fade Mental. A\u00e7\u00f5es como essa s\u00e3o realizadas com frequ\u00eancia na unidade, j\u00e1 que s\u00e3o aliadas dos cuidados m\u00e9dicos e fundamentais para o tratamento dos pacientes.\u00a0<\/p>\n\n\n\n<figure class=\"wp-block-image size-large\"><img loading=\"lazy\" decoding=\"async\" width=\"1200\" height=\"675\" src=\"https:\/\/tvtecjundiai.com.br\/news\/wp-content\/uploads\/sites\/2\/2023\/06\/Festa-reuniu-equipe-e-pacientes-em-cafe-da-manha-junino-1200x675.jpg\" alt=\"\" class=\"wp-image-110723\" srcset=\"https:\/\/tvtecjundiai.com.br\/news\/wp-content\/uploads\/sites\/2\/2023\/06\/Festa-reuniu-equipe-e-pacientes-em-cafe-da-manha-junino-1200x675.jpg 1200w, https:\/\/tvtecjundiai.com.br\/news\/wp-content\/uploads\/sites\/2\/2023\/06\/Festa-reuniu-equipe-e-pacientes-em-cafe-da-manha-junino-300x169.jpg 300w, https:\/\/tvtecjundiai.com.br\/news\/wp-content\/uploads\/sites\/2\/2023\/06\/Festa-reuniu-equipe-e-pacientes-em-cafe-da-manha-junino-768x432.jpg 768w, https:\/\/tvtecjundiai.com.br\/news\/wp-content\/uploads\/sites\/2\/2023\/06\/Festa-reuniu-equipe-e-pacientes-em-cafe-da-manha-junino.jpg 1280w\" sizes=\"auto, (max-width: 1200px) 100vw, 1200px\" \/><\/figure>\n\n\n\n<p><\/p>\n\n\n\n<p>\u201cA iniciativa refor\u00e7a o v\u00ednculo de confian\u00e7a e amizade da equipe com o paciente, al\u00e9m de proporcionar um momento divertido, de bem-estar e promo\u00e7\u00e3o da humaniza\u00e7\u00e3o. O caf\u00e9 da manh\u00e3 foi organizado pelos colaboradores do setor, com apoio do Servi\u00e7o de Nutri\u00e7\u00e3o e Diet\u00e9tica do hospital. Os pacientes nos ajudaram a decorar o espa\u00e7o e ficaram felizes em participar. O objetivo \u00e9 sempre minimizar os impactos da interna\u00e7\u00e3o e estimular a criatividade por meio de atividades l\u00fadicas\u201d, explica a enfermeira da unidade, Taleesa Ariadni de Lima Souza.<\/p>\n\n\n\n<figure class=\"wp-block-image size-large\"><img loading=\"lazy\" decoding=\"async\" width=\"1200\" height=\"675\" src=\"https:\/\/tvtecjundiai.com.br\/news\/wp-content\/uploads\/sites\/2\/2023\/06\/Acao-promove-momentos-de-descontracao-entre-os-pacientes-1200x675.jpg\" alt=\"\" class=\"wp-image-110724\" srcset=\"https:\/\/tvtecjundiai.com.br\/news\/wp-content\/uploads\/sites\/2\/2023\/06\/Acao-promove-momentos-de-descontracao-entre-os-pacientes-1200x675.jpg 1200w, https:\/\/tvtecjundiai.com.br\/news\/wp-content\/uploads\/sites\/2\/2023\/06\/Acao-promove-momentos-de-descontracao-entre-os-pacientes-300x169.jpg 300w, https:\/\/tvtecjundiai.com.br\/news\/wp-content\/uploads\/sites\/2\/2023\/06\/Acao-promove-momentos-de-descontracao-entre-os-pacientes-768x432.jpg 768w, https:\/\/tvtecjundiai.com.br\/news\/wp-content\/uploads\/sites\/2\/2023\/06\/Acao-promove-momentos-de-descontracao-entre-os-pacientes.jpg 1280w\" sizes=\"auto, (max-width: 1200px) 100vw, 1200px\" \/><\/figure>\n\n\n\n<p><\/p>\n\n\n\n<p>As pr\u00e1ticas fazem parte da proposta de Arteterapia, que visa promover atividades art\u00edsticas para fins terap\u00eauticos. Dentro disso est\u00e3o pr\u00e1ticas como pintura, recorte e colagem, esculturas com argila, festas especiais, bordado e outras a\u00e7\u00f5es. \u201cOs pacientes amaram e ficaram em clima de festa o dia todo. A alegria que presenciamos foi indescrit\u00edvel\u201d, afirma Taleesa.<\/p>\n\n\n\n<p><strong><em>(Fonte\/Imagem: Assessoria Hospital S\u00e3o Vicente)<\/em><\/strong><\/p>\n","protected":false},"excerpt":{"rendered":"<p>Caf\u00e9 da manh\u00e3 e decora\u00e7\u00e3o especial foram motivo de alegria na institui\u00e7\u00e3o<\/p>\n","protected":false},"author":30,"featured_media":110724,"comment_status":"closed","ping_status":"0","sticky":false,"template":"","format":"standard","meta":{"footnotes":""},"categories":[8356,1,2839,8355],"tags":[],"class_list":["post-110714","post","type-post","status-publish","format-standard","has-post-thumbnail","hentry","category-jundiai","category-noticias","category-saude","category-saude-3"],"_links":{"self":[{"href":"https:\/\/tvtecjundiai.com.br\/news\/wp-json\/wp\/v2\/posts\/110714","targetHints":{"allow":["GET"]}}],"collection":[{"href":"https:\/\/tvtecjundiai.com.br\/news\/wp-json\/wp\/v2\/posts"}],"about":[{"href":"https:\/\/tvtecjundiai.com.br\/news\/wp-json\/wp\/v2\/types\/post"}],"author":[{"embeddable":true,"href":"https:\/\/tvtecjundiai.com.br\/news\/wp-json\/wp\/v2\/users\/30"}],"replies":[{"embeddable":true,"href":"https:\/\/tvtecjundiai.com.br\/news\/wp-json\/wp\/v2\/comments?post=110714"}],"version-history":[{"count":1,"href":"https:\/\/tvtecjundiai.com.br\/news\/wp-json\/wp\/v2\/posts\/110714\/revisions"}],"predecessor-version":[{"id":110725,"href":"https:\/\/tvtecjundiai.com.br\/news\/wp-json\/wp\/v2\/posts\/110714\/revisions\/110725"}],"wp:featuredmedia":[{"embeddable":true,"href":"https:\/\/tvtecjundiai.com.br\/news\/wp-json\/wp\/v2\/media\/110724"}],"wp:attachment":[{"href":"https:\/\/tvtecjundiai.com.br\/news\/wp-json\/wp\/v2\/media?parent=110714"}],"wp:term":[{"taxonomy":"category","embeddable":true,"href":"https:\/\/tvtecjundiai.com.br\/news\/wp-json\/wp\/v2\/categories?post=110714"},{"taxonomy":"post_tag","embeddable":true,"href":"https:\/\/tvtecjundiai.com.br\/news\/wp-json\/wp\/v2\/tags?post=110714"}],"curies":[{"name":"wp","href":"https:\/\/api.w.org\/{rel}","templated":true}]}}