{"id":110729,"date":"2023-06-13T11:08:10","date_gmt":"2023-06-13T14:08:10","guid":{"rendered":"https:\/\/tvtecjundiai.com.br\/news\/?p=110729"},"modified":"2023-06-13T11:08:11","modified_gmt":"2023-06-13T14:08:11","slug":"inscricoes-para-o-enem-2023-terminam-na-sexta-feira-16","status":"publish","type":"post","link":"https:\/\/tvtecjundiai.com.br\/news\/2023\/06\/13\/inscricoes-para-o-enem-2023-terminam-na-sexta-feira-16\/","title":{"rendered":"Inscri\u00e7\u00f5es para o Enem 2023 terminam na sexta-feira (16)"},"content":{"rendered":"\n<p>As inscri\u00e7\u00f5es para o Exame Nacional do Ensino M\u00e9dio (Enem) terminam na sexta-feira (16). Interessados em participar do exame, que ser\u00e1 aplicado nos dias 5 e 12 de novembro, podem fazer o cadastro na\u00a0<a rel=\"noreferrer noopener\" href=\"https:\/\/enem.inep.gov.br\/participante\/#!\/\" target=\"_blank\">P\u00e1gina do Participante<\/a>. O valor da taxa de inscri\u00e7\u00e3o \u00e9 R$ 85 e deve ser pago\u00a0at\u00e9 21 de junho.<img decoding=\"async\" src=\"https:\/\/agenciabrasil.ebc.com.br\/ebc.png?id=1537729&amp;o=node\"><img decoding=\"async\" src=\"https:\/\/agenciabrasil.ebc.com.br\/ebc.gif?id=1537729&amp;o=node\"><\/p>\n\n\n\n<p>O&nbsp;<a href=\"https:\/\/www.in.gov.br\/en\/web\/dou\/-\/edital-n-30-de-5-de-maio-de-2023-481632388\" target=\"_blank\" rel=\"noreferrer noopener\">edital<\/a>&nbsp;com o cronograma e as regras para o Enem 2023 foi publicado no in\u00edcio do m\u00eas. Al\u00e9m de apresentar as datas e os hor\u00e1rios do exame, o texto detalha os documentos necess\u00e1rios e as obriga\u00e7\u00f5es do participante, incluindo situa\u00e7\u00f5es em que o candidato pode ser eliminado.<\/p>\n\n\n<div class=\"wp-block-image\">\n<figure class=\"aligncenter size-full is-resized\"><img loading=\"lazy\" decoding=\"async\" src=\"https:\/\/tvtecjundiai.com.br\/news\/wp-content\/uploads\/sites\/2\/2023\/06\/agencia-brasil-enem.jpg\" alt=\"\" class=\"wp-image-110263\" width=\"704\" height=\"421\" srcset=\"https:\/\/tvtecjundiai.com.br\/news\/wp-content\/uploads\/sites\/2\/2023\/06\/agencia-brasil-enem.jpg 1170w, https:\/\/tvtecjundiai.com.br\/news\/wp-content\/uploads\/sites\/2\/2023\/06\/agencia-brasil-enem-300x179.jpg 300w, https:\/\/tvtecjundiai.com.br\/news\/wp-content\/uploads\/sites\/2\/2023\/06\/agencia-brasil-enem-768x459.jpg 768w\" sizes=\"auto, (max-width: 704px) 100vw, 704px\" \/><\/figure>\n<\/div>\n\n\n<p><\/p>\n\n\n\n<p>A publica\u00e7\u00e3o do Instituto Nacional de Estudos e Pesquisas An\u00edsio Teixeira (Inep) traz tamb\u00e9m crit\u00e9rios para corre\u00e7\u00e3o das provas e procedimentos para pessoas que precisam de cuidados especiais durante o concurso.<\/p>\n\n\n\n<p>Os gabaritos das provas objetivas ser\u00e3o publicados no dia 24 de novembro no\u00a0<a rel=\"noreferrer noopener\" href=\"https:\/\/www.gov.br\/inep\/pt-br\" target=\"_blank\">portal do Inep<\/a>. J\u00e1 os resultados individuais ser\u00e3o divulgados no dia 16 de janeiro de 2024 no mesmo\u00a0<em>site<\/em>.\u00a0<\/p>\n\n\n\n<p><strong><em>(Fonte: Ag\u00eancia Brasil\/Imagem: Wilson Dias\/Ag\u00eancia Brasil)<\/em><\/strong><\/p>\n","protected":false},"excerpt":{"rendered":"<p>O valor da taxa de inscri\u00e7\u00e3o \u00e9 R$ 85 e deve ser pago\u00a0at\u00e9 21 de junho<\/p>\n","protected":false},"author":30,"featured_media":110263,"comment_status":"closed","ping_status":"0","sticky":false,"template":"","format":"standard","meta":{"footnotes":""},"categories":[2828,1],"tags":[],"class_list":["post-110729","post","type-post","status-publish","format-standard","has-post-thumbnail","hentry","category-educacao","category-noticias"],"_links":{"self":[{"href":"https:\/\/tvtecjundiai.com.br\/news\/wp-json\/wp\/v2\/posts\/110729","targetHints":{"allow":["GET"]}}],"collection":[{"href":"https:\/\/tvtecjundiai.com.br\/news\/wp-json\/wp\/v2\/posts"}],"about":[{"href":"https:\/\/tvtecjundiai.com.br\/news\/wp-json\/wp\/v2\/types\/post"}],"author":[{"embeddable":true,"href":"https:\/\/tvtecjundiai.com.br\/news\/wp-json\/wp\/v2\/users\/30"}],"replies":[{"embeddable":true,"href":"https:\/\/tvtecjundiai.com.br\/news\/wp-json\/wp\/v2\/comments?post=110729"}],"version-history":[{"count":1,"href":"https:\/\/tvtecjundiai.com.br\/news\/wp-json\/wp\/v2\/posts\/110729\/revisions"}],"predecessor-version":[{"id":110730,"href":"https:\/\/tvtecjundiai.com.br\/news\/wp-json\/wp\/v2\/posts\/110729\/revisions\/110730"}],"wp:featuredmedia":[{"embeddable":true,"href":"https:\/\/tvtecjundiai.com.br\/news\/wp-json\/wp\/v2\/media\/110263"}],"wp:attachment":[{"href":"https:\/\/tvtecjundiai.com.br\/news\/wp-json\/wp\/v2\/media?parent=110729"}],"wp:term":[{"taxonomy":"category","embeddable":true,"href":"https:\/\/tvtecjundiai.com.br\/news\/wp-json\/wp\/v2\/categories?post=110729"},{"taxonomy":"post_tag","embeddable":true,"href":"https:\/\/tvtecjundiai.com.br\/news\/wp-json\/wp\/v2\/tags?post=110729"}],"curies":[{"name":"wp","href":"https:\/\/api.w.org\/{rel}","templated":true}]}}