{"id":110740,"date":"2023-06-13T14:41:36","date_gmt":"2023-06-13T17:41:36","guid":{"rendered":"https:\/\/tvtecjundiai.com.br\/news\/?p=110740"},"modified":"2023-06-13T14:41:38","modified_gmt":"2023-06-13T17:41:38","slug":"convites-para-feijuca-do-bem-do-grendacc-estao-a-venda","status":"publish","type":"post","link":"https:\/\/tvtecjundiai.com.br\/news\/2023\/06\/13\/convites-para-feijuca-do-bem-do-grendacc-estao-a-venda\/","title":{"rendered":"Convites para &#8216;Feijuca do Bem&#8217; do Grendacc est\u00e3o \u00e0 venda"},"content":{"rendered":"\n<p>Os convites para a tradicional &#8216;Feijuca do Bem&#8217; do Grendacc est\u00e3o \u00e0 venda na institui\u00e7\u00e3o e custam R$ 75. O evento, que comemora os 28 anos do Grupo em Defesa da Crian\u00e7a com C\u00e2ncer, ser\u00e1 no dia 16 de julho, das 12h \u00e0s 17h no Buffet Ki Festa, que fica na av. Comendador Ant\u00f4nio Borin, 4601, Caxambu.<\/p>\n\n\n\n<p>A feijoada ser\u00e1 preparada pelo Buffet do Ki Festa e o trabalho de organiza\u00e7\u00e3o, bar e servi\u00e7o das mesas ser\u00e1 feito por volunt\u00e1rios do Grendacc. No espa\u00e7o tamb\u00e9m estar\u00e3o \u00e0 venda sobremesas, \u00e1gua, suco, refrigerantes, cerveja, caipirinha e drinques.<\/p>\n\n\n\n<p>O convite individual custa R$ 75 e inclui feijoada completa (bebidas e sobremesas s\u00e3o cobradas \u00e0 parte). Crian\u00e7as de at\u00e9 3 anos n\u00e3o pagam; crian\u00e7as de 4 a 8 anos pagam R$ 35; e crian\u00e7as a partir de 9 anos pagam R$ 75.<\/p>\n\n\n<div class=\"wp-block-image\">\n<figure class=\"aligncenter size-large is-resized\"><img loading=\"lazy\" decoding=\"async\" src=\"https:\/\/tvtecjundiai.com.br\/news\/wp-content\/uploads\/sites\/2\/2023\/06\/WhatsApp-Image-2023-06-13-at-13.45.49-1200x800.jpeg\" alt=\"\" class=\"wp-image-110743\" width=\"723\" height=\"482\" srcset=\"https:\/\/tvtecjundiai.com.br\/news\/wp-content\/uploads\/sites\/2\/2023\/06\/WhatsApp-Image-2023-06-13-at-13.45.49-1200x800.jpeg 1200w, https:\/\/tvtecjundiai.com.br\/news\/wp-content\/uploads\/sites\/2\/2023\/06\/WhatsApp-Image-2023-06-13-at-13.45.49-300x200.jpeg 300w, https:\/\/tvtecjundiai.com.br\/news\/wp-content\/uploads\/sites\/2\/2023\/06\/WhatsApp-Image-2023-06-13-at-13.45.49-768x512.jpeg 768w, https:\/\/tvtecjundiai.com.br\/news\/wp-content\/uploads\/sites\/2\/2023\/06\/WhatsApp-Image-2023-06-13-at-13.45.49.jpeg 1280w\" sizes=\"auto, (max-width: 723px) 100vw, 723px\" \/><\/figure>\n<\/div>\n\n\n<p><\/p>\n\n\n\n<p>O entretenimento ficar\u00e1 por conta do m\u00fasico Andr\u00e9 Bellini (voz e viol\u00e3o), que vai se apresentar de forma volunt\u00e1ria. Bellini montou um repert\u00f3rio especial e bastante ecl\u00e9tico que ter\u00e1 pop e MPB, com can\u00e7\u00f5es de Seu Jorge, Tim Maia, Jorge Ben Jor, Djavan, Maroon Five, Bruno Mars, e muito mais.<\/p>\n\n\n\n<p>Toda a renda arrecadada na Feijuca do Bem ser\u00e1 revertida para o Hospital da Crian\u00e7a do Grendacc. Interessados podem adquirir convites entrando em contato pelo telefone (11) 4815-8445 e WhatsApp (11) 5198-7808, ou diretamente no Bazar Permanente do Grendacc, que fica na av. Dr. Manoel Ildefonso Archer de Castilho, 300, Parque da Represa.<\/p>\n\n\n\n<p><strong>Roda de Samba Solid\u00e1ria<\/strong><\/p>\n\n\n\n<p>Neste s\u00e1bado, dia 17 de junho, o Grendacc tamb\u00e9m participa de uma Roda de Samba Solid\u00e1ria no Clube Caxambu, a partir das 15h. V\u00e1rios m\u00fasicos estar\u00e3o reunidos para proporcionar uma tarde de muita m\u00fasica, divers\u00e3o e generosidade, j\u00e1 que o evento ser\u00e1 em prol do Grendacc, que ter\u00e1 100% da renda do bar; e do Instituto Enjoy, que ser\u00e1 beneficiado com os alimentados arrecadados na entrada.<\/p>\n\n\n\n<p><strong><em>(Fonte\/Imagem: Assessoria Grendacc)<\/em><\/strong><\/p>\n","protected":false},"excerpt":{"rendered":"<p>Al\u00e9m da feijoada completa, estar\u00e3o \u00e0 venda sobremesas e bebidas diversas<\/p>\n","protected":false},"author":30,"featured_media":110743,"comment_status":"closed","ping_status":"0","sticky":false,"template":"","format":"standard","meta":{"footnotes":""},"categories":[6309,8356,1],"tags":[],"class_list":["post-110740","post","type-post","status-publish","format-standard","has-post-thumbnail","hentry","category-gastronomia","category-jundiai","category-noticias"],"_links":{"self":[{"href":"https:\/\/tvtecjundiai.com.br\/news\/wp-json\/wp\/v2\/posts\/110740","targetHints":{"allow":["GET"]}}],"collection":[{"href":"https:\/\/tvtecjundiai.com.br\/news\/wp-json\/wp\/v2\/posts"}],"about":[{"href":"https:\/\/tvtecjundiai.com.br\/news\/wp-json\/wp\/v2\/types\/post"}],"author":[{"embeddable":true,"href":"https:\/\/tvtecjundiai.com.br\/news\/wp-json\/wp\/v2\/users\/30"}],"replies":[{"embeddable":true,"href":"https:\/\/tvtecjundiai.com.br\/news\/wp-json\/wp\/v2\/comments?post=110740"}],"version-history":[{"count":2,"href":"https:\/\/tvtecjundiai.com.br\/news\/wp-json\/wp\/v2\/posts\/110740\/revisions"}],"predecessor-version":[{"id":110744,"href":"https:\/\/tvtecjundiai.com.br\/news\/wp-json\/wp\/v2\/posts\/110740\/revisions\/110744"}],"wp:featuredmedia":[{"embeddable":true,"href":"https:\/\/tvtecjundiai.com.br\/news\/wp-json\/wp\/v2\/media\/110743"}],"wp:attachment":[{"href":"https:\/\/tvtecjundiai.com.br\/news\/wp-json\/wp\/v2\/media?parent=110740"}],"wp:term":[{"taxonomy":"category","embeddable":true,"href":"https:\/\/tvtecjundiai.com.br\/news\/wp-json\/wp\/v2\/categories?post=110740"},{"taxonomy":"post_tag","embeddable":true,"href":"https:\/\/tvtecjundiai.com.br\/news\/wp-json\/wp\/v2\/tags?post=110740"}],"curies":[{"name":"wp","href":"https:\/\/api.w.org\/{rel}","templated":true}]}}