{"id":110746,"date":"2023-06-13T15:06:37","date_gmt":"2023-06-13T18:06:37","guid":{"rendered":"https:\/\/tvtecjundiai.com.br\/news\/?p=110746"},"modified":"2023-06-13T15:06:38","modified_gmt":"2023-06-13T18:06:38","slug":"defesa-civil-promove-capacitacao-para-combate-a-incendios","status":"publish","type":"post","link":"https:\/\/tvtecjundiai.com.br\/news\/2023\/06\/13\/defesa-civil-promove-capacitacao-para-combate-a-incendios\/","title":{"rendered":"Defesa Civil promove capacita\u00e7\u00e3o para combate a inc\u00eandios"},"content":{"rendered":"\n<p>A Defesa Civil de Jundia\u00ed promoveu, nesta ter\u00e7a-feira (13), o primeiro dia de capacita\u00e7\u00e3o para combate de inc\u00eandios. O curso aconteceu na Fazenda Ermida, no bairro do Medeiros, e faz parte das a\u00e7\u00f5es da Opera\u00e7\u00e3o Estiagem 2023. A oficina tem como objetivo aperfei\u00e7oar os procedimentos de a\u00e7\u00e3o nas ocorr\u00eancias nesta \u00e9poca de estiagem, que envolvem a baixa umidade relativa do ar possibilitando conhecimentos para uma atua\u00e7\u00e3o r\u00e1pida e de qualidade em caso de queimadas em vegeta\u00e7\u00e3o.<\/p>\n\n\n\n<p>O curso teve a participa\u00e7\u00e3o da Defesa Civil, Unidade de Gest\u00e3o de Planejamento e Meio Ambiente (UGPUMA), al\u00e9m da Divis\u00e3o Florestal da Guarda Municipal e do 19\u00b0 Grupamento de Bombeiros. Aos presentes foram apresentados o Plano de Conting\u00eancia de Estiagem, a Lei 8.858\/17 que pro\u00edbe qualquer queimada no munic\u00edpio, a atua\u00e7\u00e3o da Guarda Municipal na preven\u00e7\u00e3o e combate dos inc\u00eandios em vegeta\u00e7\u00e3o e uma apresenta\u00e7\u00e3o te\u00f3rica sobre inc\u00eandios em vegeta\u00e7\u00e3o.<\/p>\n\n\n<div class=\"wp-block-image\">\n<figure class=\"aligncenter size-large is-resized\"><img loading=\"lazy\" decoding=\"async\" src=\"https:\/\/tvtecjundiai.com.br\/news\/wp-content\/uploads\/sites\/2\/2023\/06\/capacitacao_defesa_civil_estiagem_m_-55-1280x854-1-1200x801.jpg\" alt=\"\" class=\"wp-image-110747\" width=\"840\" height=\"560\" srcset=\"https:\/\/tvtecjundiai.com.br\/news\/wp-content\/uploads\/sites\/2\/2023\/06\/capacitacao_defesa_civil_estiagem_m_-55-1280x854-1-1200x801.jpg 1200w, https:\/\/tvtecjundiai.com.br\/news\/wp-content\/uploads\/sites\/2\/2023\/06\/capacitacao_defesa_civil_estiagem_m_-55-1280x854-1-300x200.jpg 300w, https:\/\/tvtecjundiai.com.br\/news\/wp-content\/uploads\/sites\/2\/2023\/06\/capacitacao_defesa_civil_estiagem_m_-55-1280x854-1-768x512.jpg 768w, https:\/\/tvtecjundiai.com.br\/news\/wp-content\/uploads\/sites\/2\/2023\/06\/capacitacao_defesa_civil_estiagem_m_-55-1280x854-1.jpg 1280w\" sizes=\"auto, (max-width: 840px) 100vw, 840px\" \/><figcaption class=\"wp-element-caption\">Aula pr\u00e1tica de combate a focos de inc\u00eandio aconteceu na Fazenda Ermida, no Medeiros<\/figcaption><\/figure>\n<\/div>\n\n\n<p>\u201cO objetivo do curso \u00e9 compartilhar os conhecimentos e passar as nossas experi\u00eancias adiante. Dessa maneira conseguiremos reduzir os riscos de queimadas nas \u00e1reas que apresentam mais incid\u00eancia em uma \u00e9poca de poucas chuvas\u201d, comentou o coordenador da Defesa Civil de Jundia\u00ed, coronel Jo\u00e3o Os\u00f3rio Gimenez Germano, que agradeceu \u00e0 Funda\u00e7\u00e3o Ant\u00f4nio Antonieta Cintra Gordinho pela parceria nas capacita\u00e7\u00f5es.<\/p>\n\n\n\n<p>Ao final do curso foi realizado um treinamento pr\u00e1tico de combate ao fogo. \u201cO encontro tem como miss\u00e3o auxiliar as pessoas a saberem como agir em casos de inc\u00eandio, al\u00e9m de ensinar as melhores formas de preven\u00e7\u00e3o de queimadas\u201d, ressalta o Sargento Anuncia\u00e7\u00e3o, do Corpo de Bombeiros. \u201cN\u00f3s somos multiplicadores e quanto mais a popula\u00e7\u00e3o se envolver, melhor ser\u00e1 o trabalho de conscientiza\u00e7\u00e3o\u201d, completa GM Andr\u00e9, da Divis\u00e3o Florestal.<\/p>\n\n\n<div class=\"wp-block-image\">\n<figure class=\"aligncenter size-large is-resized\"><img loading=\"lazy\" decoding=\"async\" src=\"https:\/\/tvtecjundiai.com.br\/news\/wp-content\/uploads\/sites\/2\/2023\/06\/capacitacao_defesa_civil_estiagem_m_-81-1-1280x854-1-1200x801.jpg\" alt=\"\" class=\"wp-image-110748\" width=\"840\" height=\"560\" srcset=\"https:\/\/tvtecjundiai.com.br\/news\/wp-content\/uploads\/sites\/2\/2023\/06\/capacitacao_defesa_civil_estiagem_m_-81-1-1280x854-1-1200x801.jpg 1200w, https:\/\/tvtecjundiai.com.br\/news\/wp-content\/uploads\/sites\/2\/2023\/06\/capacitacao_defesa_civil_estiagem_m_-81-1-1280x854-1-300x200.jpg 300w, https:\/\/tvtecjundiai.com.br\/news\/wp-content\/uploads\/sites\/2\/2023\/06\/capacitacao_defesa_civil_estiagem_m_-81-1-1280x854-1-768x512.jpg 768w, https:\/\/tvtecjundiai.com.br\/news\/wp-content\/uploads\/sites\/2\/2023\/06\/capacitacao_defesa_civil_estiagem_m_-81-1-1280x854-1.jpg 1280w\" sizes=\"auto, (max-width: 840px) 100vw, 840px\" \/><figcaption class=\"wp-element-caption\">Equipes realizaram o treinamento como parte das a\u00e7\u00f5es da Opera\u00e7\u00e3o Estiagem 2023<\/figcaption><\/figure>\n<\/div>\n\n\n<p>Um dos participantes da oficina foi o Chefe do Grupamento de Bombeiro Civil Volunt\u00e1rio de V\u00e1rzea Paulista, Thiago Cozzolino, aprovou o conte\u00fado da oficina. \u201cOs inc\u00eandios s\u00e3o as principais ocorr\u00eancias da regi\u00e3o, portanto, \u00e9 fundamental estar atualizado com as melhores formas de combate-los\u201d, avalia.<\/p>\n\n\n\n<p>Tamb\u00e9m participaram do curso membros das Defesas Civis de V\u00e1rzea Paulista, Campo Limpo Paulista e Louveira, al\u00e9m da concession\u00e1ria Rota das Bandeiras.<\/p>\n\n\n\n<p><strong><em>Fonte \/ Imagem: Prefeitura de Jundia\u00ed<\/em><\/strong><\/p>\n","protected":false},"excerpt":{"rendered":"<p>Equipes realizaram o treinamento como parte das a\u00e7\u00f5es da Opera\u00e7\u00e3o Estiagem 2023<\/p>\n","protected":false},"author":30,"featured_media":110747,"comment_status":"closed","ping_status":"0","sticky":false,"template":"","format":"standard","meta":{"footnotes":""},"categories":[8407,8356,1],"tags":[],"class_list":["post-110746","post","type-post","status-publish","format-standard","has-post-thumbnail","hentry","category-defesa-civil","category-jundiai","category-noticias"],"_links":{"self":[{"href":"https:\/\/tvtecjundiai.com.br\/news\/wp-json\/wp\/v2\/posts\/110746","targetHints":{"allow":["GET"]}}],"collection":[{"href":"https:\/\/tvtecjundiai.com.br\/news\/wp-json\/wp\/v2\/posts"}],"about":[{"href":"https:\/\/tvtecjundiai.com.br\/news\/wp-json\/wp\/v2\/types\/post"}],"author":[{"embeddable":true,"href":"https:\/\/tvtecjundiai.com.br\/news\/wp-json\/wp\/v2\/users\/30"}],"replies":[{"embeddable":true,"href":"https:\/\/tvtecjundiai.com.br\/news\/wp-json\/wp\/v2\/comments?post=110746"}],"version-history":[{"count":1,"href":"https:\/\/tvtecjundiai.com.br\/news\/wp-json\/wp\/v2\/posts\/110746\/revisions"}],"predecessor-version":[{"id":110749,"href":"https:\/\/tvtecjundiai.com.br\/news\/wp-json\/wp\/v2\/posts\/110746\/revisions\/110749"}],"wp:featuredmedia":[{"embeddable":true,"href":"https:\/\/tvtecjundiai.com.br\/news\/wp-json\/wp\/v2\/media\/110747"}],"wp:attachment":[{"href":"https:\/\/tvtecjundiai.com.br\/news\/wp-json\/wp\/v2\/media?parent=110746"}],"wp:term":[{"taxonomy":"category","embeddable":true,"href":"https:\/\/tvtecjundiai.com.br\/news\/wp-json\/wp\/v2\/categories?post=110746"},{"taxonomy":"post_tag","embeddable":true,"href":"https:\/\/tvtecjundiai.com.br\/news\/wp-json\/wp\/v2\/tags?post=110746"}],"curies":[{"name":"wp","href":"https:\/\/api.w.org\/{rel}","templated":true}]}}