{"id":110750,"date":"2023-06-13T15:07:58","date_gmt":"2023-06-13T18:07:58","guid":{"rendered":"https:\/\/tvtecjundiai.com.br\/news\/?p=110750"},"modified":"2023-06-14T09:39:10","modified_gmt":"2023-06-14T12:39:10","slug":"esporte-realiza-seletiva-para-futebol-feminino-no-final-do-mes","status":"publish","type":"post","link":"https:\/\/tvtecjundiai.com.br\/news\/2023\/06\/13\/esporte-realiza-seletiva-para-futebol-feminino-no-final-do-mes\/","title":{"rendered":"Esporte realiza seletiva para futsal feminino no final do m\u00eas"},"content":{"rendered":"\n<p>A Unidade de Gest\u00e3o de Esporte e Lazer (UGEL) realiza, entre os dias 26 e 30 deste m\u00eas, seletiva de futsal para as categorias sub-11, sub 13 e sub-15. As inscri\u00e7\u00f5es s\u00e3o gratuitas e podem ser feitas no&nbsp;<a href=\"https:\/\/bit.ly\/SeletivaFutsalFemininoTimeJundiai\"><strong>link<\/strong>.<\/a><\/p>\n\n\n\n<p>Os testes ser\u00e3o no Centro Esportivo Rom\u00e3o de Souza, localizado na rua Lu\u00eds Benachio, s\/n\u00ba, Col\u00f4nia. Nos dias 26, 27 e 29, a seletiva come\u00e7a \u00e0s 13h30, e nos dias 28 e 30, a partir das 8h30.<\/p>\n\n\n\n<p>As atletas selecionadas ser\u00e3o convidadas a treinar com o Time Jundia\u00ed e tamb\u00e9m poder\u00e3o vir a representar a cidade em campeonatos\/torneios oficiais.<br><br>No dia do teste, \u00e9 necess\u00e1rio chegar com chegar com 15 minutos de anteced\u00eancia, trajando roupa adequada para a pr\u00e1tica esportiva e apresentar um documento com foto.<\/p>\n\n\n\n<p>Mais informa\u00e7\u00f5es est\u00e3o no link da inscri\u00e7\u00e3o.<\/p>\n\n\n<div class=\"wp-block-image\">\n<figure class=\"aligncenter size-large is-resized\"><img loading=\"lazy\" decoding=\"async\" src=\"https:\/\/tvtecjundiai.com.br\/news\/wp-content\/uploads\/sites\/2\/2023\/06\/seletiva-futsal-960x960.jpg\" alt=\"\" class=\"wp-image-110751\" width=\"676\" height=\"676\" srcset=\"https:\/\/tvtecjundiai.com.br\/news\/wp-content\/uploads\/sites\/2\/2023\/06\/seletiva-futsal-960x960.jpg 960w, https:\/\/tvtecjundiai.com.br\/news\/wp-content\/uploads\/sites\/2\/2023\/06\/seletiva-futsal-300x300.jpg 300w, https:\/\/tvtecjundiai.com.br\/news\/wp-content\/uploads\/sites\/2\/2023\/06\/seletiva-futsal-100x100.jpg 100w, https:\/\/tvtecjundiai.com.br\/news\/wp-content\/uploads\/sites\/2\/2023\/06\/seletiva-futsal-768x768.jpg 768w, https:\/\/tvtecjundiai.com.br\/news\/wp-content\/uploads\/sites\/2\/2023\/06\/seletiva-futsal.jpg 1080w\" sizes=\"auto, (max-width: 676px) 100vw, 676px\" \/><\/figure>\n<\/div>\n\n\n<p><\/p>\n\n\n\n<p><strong><em>Fonte \/ Imagem: Prefeitura de Jundia\u00ed<\/em><\/strong><\/p>\n","protected":false},"excerpt":{"rendered":"<p>As atletas selecionadas ser\u00e3o convidadas a treinar com o Time Jundia\u00ed<\/p>\n","protected":false},"author":30,"featured_media":110752,"comment_status":"closed","ping_status":"0","sticky":false,"template":"","format":"standard","meta":{"footnotes":""},"categories":[2827,8356,1],"tags":[],"class_list":["post-110750","post","type-post","status-publish","format-standard","has-post-thumbnail","hentry","category-esportes-e-lazer","category-jundiai","category-noticias"],"_links":{"self":[{"href":"https:\/\/tvtecjundiai.com.br\/news\/wp-json\/wp\/v2\/posts\/110750","targetHints":{"allow":["GET"]}}],"collection":[{"href":"https:\/\/tvtecjundiai.com.br\/news\/wp-json\/wp\/v2\/posts"}],"about":[{"href":"https:\/\/tvtecjundiai.com.br\/news\/wp-json\/wp\/v2\/types\/post"}],"author":[{"embeddable":true,"href":"https:\/\/tvtecjundiai.com.br\/news\/wp-json\/wp\/v2\/users\/30"}],"replies":[{"embeddable":true,"href":"https:\/\/tvtecjundiai.com.br\/news\/wp-json\/wp\/v2\/comments?post=110750"}],"version-history":[{"count":3,"href":"https:\/\/tvtecjundiai.com.br\/news\/wp-json\/wp\/v2\/posts\/110750\/revisions"}],"predecessor-version":[{"id":110770,"href":"https:\/\/tvtecjundiai.com.br\/news\/wp-json\/wp\/v2\/posts\/110750\/revisions\/110770"}],"wp:featuredmedia":[{"embeddable":true,"href":"https:\/\/tvtecjundiai.com.br\/news\/wp-json\/wp\/v2\/media\/110752"}],"wp:attachment":[{"href":"https:\/\/tvtecjundiai.com.br\/news\/wp-json\/wp\/v2\/media?parent=110750"}],"wp:term":[{"taxonomy":"category","embeddable":true,"href":"https:\/\/tvtecjundiai.com.br\/news\/wp-json\/wp\/v2\/categories?post=110750"},{"taxonomy":"post_tag","embeddable":true,"href":"https:\/\/tvtecjundiai.com.br\/news\/wp-json\/wp\/v2\/tags?post=110750"}],"curies":[{"name":"wp","href":"https:\/\/api.w.org\/{rel}","templated":true}]}}